{"id":2489,"date":"2019-04-04T14:05:11","date_gmt":"2019-04-04T14:05:11","guid":{"rendered":"http:\/\/radioprimiciapelluhue.cl\/?p=2489"},"modified":"2019-04-04T14:05:14","modified_gmt":"2019-04-04T14:05:14","slug":"fondo-de-fomento-para-la-pesca-artesanal","status":"publish","type":"post","link":"https:\/\/radioprimiciapelluhue.cl\/?p=2489","title":{"rendered":"Fondo de Fomento para la Pesca Artesanal"},"content":{"rendered":"\n<p><strong>ALGAS, PESCADOS Y MARISCOS INUNDAR\u00c1N DE SABOR EL FESTIVAL LATINOAMERICANO DE COCINA \u00d1AM<\/strong><\/p>\n\n\n\n<p>Fondo de Fomento para la Pesca Artesanal financia participaci\u00f3n de organizaciones de pesca y productores para promover el valor de la pesca, su riqueza y sabores<\/p>\n\n\n\n<p>Un picante arique\u00f1o que promete con locos, lapas y pulpo junto a todo el sabor de la llaita (alga altipl\u00e1nica del Lago Chungar\u00e1); un churrasco marino con pejerrey, lechuga, tomate y aj\u00ed verde en pan amasado directo del estuario del Rio Imperial en La Araucan\u00eda, y variedad de pescados, mariscos, moluscos y algas har\u00e1n parte de&nbsp;<strong>Caleta \u00d1am<\/strong>&nbsp;en la novena versi\u00f3n del Festival Latinoamericano de Cocina \u00d1am Santiago que bajo el lema \u201cCambiemos el mundo comiendo\u201d, arrana este jueves hasta el domingo 7 de abril en el Cerro Santa Luc\u00eda.<\/p>\n\n\n\n<p>Diecis\u00e9is son las organizaciones de pesca artesanal y productores del pa\u00eds seleccionados y patrocinados por el&nbsp;<strong>Fondo de Fomento para la Pesca Artesanal<\/strong>&nbsp;para asistir a esta cita. El prop\u00f3sito es aportar al mejoramiento de la comercializaci\u00f3n de recursos pesqueros y a que la ciudadan\u00eda reconozca el valor de la pesca artesanal, su riqueza y sabores, se\u00f1alan desde el fondo de fomento pesquero.<\/p>\n\n\n\n<p><strong>Algas, mariscos y pescados<\/strong><\/p>\n\n\n\n<p>En este contexto, diez organizaciones y productores artesanales ofrecer\u00e1n variedad de congelados y procesados en el stand Mercado de Caleta \u00d1am. Una de ellas ser\u00e1 el Sindicato de buzos, algueros y recolectores de Los Muermos (Los Lagos), que hace cuatro a\u00f1os agrega valor a las algas.<\/p>\n\n\n\n<p><strong>\u201cLlevaremos snack y conservas de cochayuyo, vinagreta de luche, lechuga de mar, rollitos secos de cochayuyo y mermeladas de cochayuyo con frutillas y frambuesas que cosechamos aqu\u00ed mismo. Las algas tienen magnesio, calcio, yodo, hierro, fierro, dicen que es mejor calcio que la leche, son buenas para la salud\u201d, comenta Noem\u00ed C\u00e1rcamo, socia del sindicato.<\/strong><\/p>\n\n\n\n<p>En el stand Cociner\u00edas los sabores de mar ir\u00e1n desde una ensalada saludable con salicornia (esp\u00e1rrago de mar), mariscos y pescados del sur hasta un pulpo al olivo con papas a la huanca\u00edna, lim\u00f3n de pica y aceituna de azapa de caleta Chanavayita, en Iquique, y un tradicional picante arique\u00f1o que ofrecer\u00e1 la \u00fanica mujer pescadora de caleta Altura, Claudia Soto, dedicada a la pesca de palometa, tiburones y albacora.&nbsp;<strong>\u201cEl picante se come mucho en el norte y espero tener una buena acogida, lo que m\u00e1s me motiva y nos gratifica como caleta es representar a Arica y la experiencia con otras culturas y preparaciones es estupenda para nosotros\u201d, se\u00f1ala.<\/strong><\/p>\n\n\n\n<p>Para cerrar la trilog\u00eda, un imperdible ser\u00e1 el stand Churrasquer\u00edas con tres versiones del tradicional churrasco marino con jurel, merluza o pejerrey que ofrecer\u00e1n las caletas La Herradura (Coquimbo), Maguillines (Maule) y Puerto Saavedra (La Araucan\u00eda).<\/p>\n\n\n\n<p>El festival de cocina \u00d1am es uno de los m\u00e1s importantes de Sudam\u00e9rica y los pescadores y pescadoras artesanales tendr\u00e1n en \u00e9l su propia caleta. + Info en\u00a0<a rel=\"noreferrer noopener\" href=\"http:\/\/www.xn--am-yja.org\/\" target=\"_blank\">www.\u00f1am.org<\/a><\/p>\n\n\n\n<figure class=\"wp-block-image\"><img loading=\"lazy\" decoding=\"async\" width=\"1024\" height=\"768\" src=\"http:\/\/radioprimiciapelluhue.cl\/wp-content\/uploads\/2019\/04\/IMG-20180308-WA0069-1024x768.jpg\" alt=\"\" class=\"wp-image-2490\" srcset=\"https:\/\/radioprimiciapelluhue.cl\/wp-content\/uploads\/2019\/04\/IMG-20180308-WA0069-1024x768.jpg 1024w, https:\/\/radioprimiciapelluhue.cl\/wp-content\/uploads\/2019\/04\/IMG-20180308-WA0069-300x225.jpg 300w, https:\/\/radioprimiciapelluhue.cl\/wp-content\/uploads\/2019\/04\/IMG-20180308-WA0069-768x576.jpg 768w, https:\/\/radioprimiciapelluhue.cl\/wp-content\/uploads\/2019\/04\/IMG-20180308-WA0069.jpg 1032w\" sizes=\"auto, (max-width: 1024px) 100vw, 1024px\" \/><\/figure>\n\n\n\n<figure class=\"wp-block-image\"><img loading=\"lazy\" decoding=\"async\" width=\"1024\" height=\"683\" src=\"http:\/\/radioprimiciapelluhue.cl\/wp-content\/uploads\/2019\/04\/MG_2036-1024x683.jpg\" alt=\"\" class=\"wp-image-2491\" srcset=\"https:\/\/radioprimiciapelluhue.cl\/wp-content\/uploads\/2019\/04\/MG_2036-1024x683.jpg 1024w, https:\/\/radioprimiciapelluhue.cl\/wp-content\/uploads\/2019\/04\/MG_2036-300x200.jpg 300w, https:\/\/radioprimiciapelluhue.cl\/wp-content\/uploads\/2019\/04\/MG_2036-768x512.jpg 768w, https:\/\/radioprimiciapelluhue.cl\/wp-content\/uploads\/2019\/04\/MG_2036.jpg 2048w\" sizes=\"auto, (max-width: 1024px) 100vw, 1024px\" \/><\/figure>\n","protected":false},"excerpt":{"rendered":"<p>ALGAS, PESCADOS Y MARISCOS INUNDAR\u00c1N DE SABOR EL FESTIVAL LATINOAMERICANO DE COCINA \u00d1AM Fondo de Fomento para la Pesca Artesanal financia participaci\u00f3n de organizaciones de pesca y productores para promover el valor de la pesca, su riqueza y sabores Un picante arique\u00f1o que promete con locos, lapas y pulpo junto a todo el sabor de [&hellip;]<\/p>\n","protected":false},"author":2,"featured_media":2492,"comment_status":"closed","ping_status":"closed","sticky":false,"template":"","format":"standard","meta":{"footnotes":""},"categories":[2],"tags":[],"class_list":["post-2489","post","type-post","status-publish","format-standard","has-post-thumbnail","hentry","category-noticias"],"_links":{"self":[{"href":"https:\/\/radioprimiciapelluhue.cl\/index.php?rest_route=\/wp\/v2\/posts\/2489","targetHints":{"allow":["GET"]}}],"collection":[{"href":"https:\/\/radioprimiciapelluhue.cl\/index.php?rest_route=\/wp\/v2\/posts"}],"about":[{"href":"https:\/\/radioprimiciapelluhue.cl\/index.php?rest_route=\/wp\/v2\/types\/post"}],"author":[{"embeddable":true,"href":"https:\/\/radioprimiciapelluhue.cl\/index.php?rest_route=\/wp\/v2\/users\/2"}],"replies":[{"embeddable":true,"href":"https:\/\/radioprimiciapelluhue.cl\/index.php?rest_route=%2Fwp%2Fv2%2Fcomments&post=2489"}],"version-history":[{"count":1,"href":"https:\/\/radioprimiciapelluhue.cl\/index.php?rest_route=\/wp\/v2\/posts\/2489\/revisions"}],"predecessor-version":[{"id":2493,"href":"https:\/\/radioprimiciapelluhue.cl\/index.php?rest_route=\/wp\/v2\/posts\/2489\/revisions\/2493"}],"wp:featuredmedia":[{"embeddable":true,"href":"https:\/\/radioprimiciapelluhue.cl\/index.php?rest_route=\/wp\/v2\/media\/2492"}],"wp:attachment":[{"href":"https:\/\/radioprimiciapelluhue.cl\/index.php?rest_route=%2Fwp%2Fv2%2Fmedia&parent=2489"}],"wp:term":[{"taxonomy":"category","embeddable":true,"href":"https:\/\/radioprimiciapelluhue.cl\/index.php?rest_route=%2Fwp%2Fv2%2Fcategories&post=2489"},{"taxonomy":"post_tag","embeddable":true,"href":"https:\/\/radioprimiciapelluhue.cl\/index.php?rest_route=%2Fwp%2Fv2%2Ftags&post=2489"}],"curies":[{"name":"wp","href":"https:\/\/api.w.org\/{rel}","templated":true}]}}