{"id":2724,"date":"2019-10-24T21:50:56","date_gmt":"2019-10-24T21:50:56","guid":{"rendered":"http:\/\/radioprimiciapelluhue.cl\/?p=2724"},"modified":"2019-10-24T21:55:02","modified_gmt":"2019-10-24T21:55:02","slug":"comunicado-de-prensa-chile-vamos-provincia-de-cauquenes","status":"publish","type":"post","link":"https:\/\/radioprimiciapelluhue.cl\/?p=2724","title":{"rendered":"COMUNICADO DE PRENSA CHILE VAMOS PROVINCIA DE CAUQUENES"},"content":{"rendered":"\n<figure class=\"wp-block-image\"><img loading=\"lazy\" decoding=\"async\" width=\"900\" height=\"450\" src=\"http:\/\/radioprimiciapelluhue.cl\/wp-content\/uploads\/2019\/10\/LOGO-CHILE-VAMOS.jpg\" alt=\"\" class=\"wp-image-2725\" srcset=\"https:\/\/radioprimiciapelluhue.cl\/wp-content\/uploads\/2019\/10\/LOGO-CHILE-VAMOS.jpg 900w, https:\/\/radioprimiciapelluhue.cl\/wp-content\/uploads\/2019\/10\/LOGO-CHILE-VAMOS-300x150.jpg 300w, https:\/\/radioprimiciapelluhue.cl\/wp-content\/uploads\/2019\/10\/LOGO-CHILE-VAMOS-768x384.jpg 768w\" sizes=\"auto, (max-width: 900px) 100vw, 900px\" \/><\/figure>\n\n\n\n<p><strong>COMUNICADO DE PRENSA<\/strong><\/p>\n\n\n\n<p>Los Partidos Pol\u00edticos que son parte\nde Chilevamos en la Provincia de Cauquenes, ante los procesos sociales que se\nviven en nuestro pa\u00eds, manifiestan su irrestricto apoyo al Gobierno encabezado\npor el Presidente de Sebasti\u00e1n Pi\u00f1era Eche\u00f1ique, de quien valoramos el\nliderazgo demostrado ante situaciones complejas y que necesitaban de una\nrespuesta clara, efectiva y concreta.<\/p>\n\n\n\n<p>Creemos firmemente en la capacidad\ndel Presidente y de su Gobierno, quien se ha hecho cargo de escuchar y hacer\npropias las justas demandas de la sociedad y es as\u00ed como hemos visto la presentaci\u00f3n\nhist\u00f3rica de una serie de medidas con profundo sentido social que atienden esas\nexigencias y que hoy deber\u00e1n ser discutidas y tramitadas en el Congreso\nNacional con la urgencia que ellas ameritan.<\/p>\n\n\n\n<p>Junto con destacar la capacidad del\nPresidente Pi\u00f1era, para liderar procesos complejos y dif\u00edciles, valoramos\nespecialmente su humildad al pedir sinceramente perd\u00f3n por la responsabilidad\nque cabe a toda la clase pol\u00edtica, la que por a\u00f1os no entendi\u00f3 o no supo\natender las necesidades reales de los chilenos y chilenas.<\/p>\n\n\n\n<p>Este proceso hist\u00f3rico del que todos\nsomos protagonistas, puede avanzar a mayores niveles de bienestar y justicia\nsocial, ello si logramos la paz social y aislamos a quienes confunden las\nleg\u00edtimas reivindicaciones sociales con el desorden, la violencia y la\ndelincuencia.&nbsp; Por ello apoyamos con la\nmisma energ\u00eda aquellas medidas tendientes a la reinstalaci\u00f3n del orden y del\nEstado de Derecho, ello con estricto apego al respeto de los Derechos Humanos.&nbsp; <\/p>\n\n\n\n<p>En este mismo sentido valoramos y\ndestacamos la madurez c\u00edvica de los habitantes de la Provincia de Cauquenes,\nejemplo de esp\u00edritu democr\u00e1tico, responsabilidad c\u00edvica y unidad en torno a los\ngrandes valores en que se funda la sociedad moderna.&nbsp; <\/p>\n\n\n\n<p>Los Partidos Pol\u00edticos de Chilevamos\nabogamos por la paz social, defendemos el Estado de Derecho y exigimos a\nnuestro Congreso Nacional <strong>consecuencia,\ncompromiso<\/strong> y la grandeza de esp\u00edritu que la Patria y sus hijos hoy demandan\npara de esa forma construir juntos un pa\u00eds m\u00e1s grande y justo para todos, tarea\na la que todos los chilenos y chilenas estamos llamados.<\/p>\n\n\n\n<p>Cauquenes,\noctubre de 2019.-<\/p>\n","protected":false},"excerpt":{"rendered":"<p>COMUNICADO DE PRENSA Los Partidos Pol\u00edticos que son parte de Chilevamos en la Provincia de Cauquenes, ante los procesos sociales que se viven en nuestro pa\u00eds, manifiestan su irrestricto apoyo al Gobierno encabezado por el Presidente de Sebasti\u00e1n Pi\u00f1era Eche\u00f1ique, de quien valoramos el liderazgo demostrado ante situaciones complejas y que necesitaban de una respuesta [&hellip;]<\/p>\n","protected":false},"author":2,"featured_media":2725,"comment_status":"closed","ping_status":"closed","sticky":false,"template":"","format":"standard","meta":{"footnotes":""},"categories":[2],"tags":[],"class_list":["post-2724","post","type-post","status-publish","format-standard","has-post-thumbnail","hentry","category-noticias"],"_links":{"self":[{"href":"https:\/\/radioprimiciapelluhue.cl\/index.php?rest_route=\/wp\/v2\/posts\/2724","targetHints":{"allow":["GET"]}}],"collection":[{"href":"https:\/\/radioprimiciapelluhue.cl\/index.php?rest_route=\/wp\/v2\/posts"}],"about":[{"href":"https:\/\/radioprimiciapelluhue.cl\/index.php?rest_route=\/wp\/v2\/types\/post"}],"author":[{"embeddable":true,"href":"https:\/\/radioprimiciapelluhue.cl\/index.php?rest_route=\/wp\/v2\/users\/2"}],"replies":[{"embeddable":true,"href":"https:\/\/radioprimiciapelluhue.cl\/index.php?rest_route=%2Fwp%2Fv2%2Fcomments&post=2724"}],"version-history":[{"count":1,"href":"https:\/\/radioprimiciapelluhue.cl\/index.php?rest_route=\/wp\/v2\/posts\/2724\/revisions"}],"predecessor-version":[{"id":2726,"href":"https:\/\/radioprimiciapelluhue.cl\/index.php?rest_route=\/wp\/v2\/posts\/2724\/revisions\/2726"}],"wp:featuredmedia":[{"embeddable":true,"href":"https:\/\/radioprimiciapelluhue.cl\/index.php?rest_route=\/wp\/v2\/media\/2725"}],"wp:attachment":[{"href":"https:\/\/radioprimiciapelluhue.cl\/index.php?rest_route=%2Fwp%2Fv2%2Fmedia&parent=2724"}],"wp:term":[{"taxonomy":"category","embeddable":true,"href":"https:\/\/radioprimiciapelluhue.cl\/index.php?rest_route=%2Fwp%2Fv2%2Fcategories&post=2724"},{"taxonomy":"post_tag","embeddable":true,"href":"https:\/\/radioprimiciapelluhue.cl\/index.php?rest_route=%2Fwp%2Fv2%2Ftags&post=2724"}],"curies":[{"name":"wp","href":"https:\/\/api.w.org\/{rel}","templated":true}]}}