{"id":2747,"date":"2019-11-13T21:19:38","date_gmt":"2019-11-13T21:19:38","guid":{"rendered":"http:\/\/radioprimiciapelluhue.cl\/?p=2747"},"modified":"2019-11-13T21:19:49","modified_gmt":"2019-11-13T21:19:49","slug":"informe-situacion-de-transporte-publico-en-la-provincia-de-cauquenes-miercoles-13-de-noviembre-de-2019","status":"publish","type":"post","link":"https:\/\/radioprimiciapelluhue.cl\/?p=2747","title":{"rendered":"INFORME SITUACI\u00d3N DE TRANSPORTE P\u00daBLICO EN LA PROVINCIA DE CAUQUENES MI\u00c9RCOLES 13 DE NOVIEMBRE DE 2019"},"content":{"rendered":"\n<figure class=\"wp-block-embed-facebook wp-block-embed is-type-rich is-provider-facebook\"><div class=\"wp-block-embed__wrapper\">\n<div id=\"fb-root\"><\/div><script async=\"1\" defer=\"1\" crossorigin=\"anonymous\" src=\"https:\/\/connect.facebook.net\/es_LA\/sdk.js#xfbml=1&amp;version=v5.0\"><\/script><div class=\"fb-post\" data-href=\"https:\/\/www.facebook.com\/1005578542915276\/posts\/1570500883089703?d=n&amp;sfns=mo\" data-width=\"727\"><blockquote cite=\"https:\/\/www.facebook.com\/gottomania.radioprimiciapelluhue\/posts\/1570500883089703\" class=\"fb-xfbml-parse-ignore\"><p>INFORMESITUACI\u00d3N DE TRANSPORTE P\u00daBLICO EN LA PROVINCIA DE CAUQUENESMI\u00c9RCOLES 13 DE NOVIEMBRE DE 2019 15:00 Horas<\/p>Publicado por <a href=\"https:\/\/www.facebook.com\/gottomania.radioprimiciapelluhue\/\">Radio Primicia Pelluhue<\/a> en&nbsp;<a href=\"https:\/\/www.facebook.com\/gottomania.radioprimiciapelluhue\/posts\/1570500883089703\">Mi\u00e9rcoles, 13 de noviembre de 2019<\/a><\/blockquote><\/div>\n<\/div><\/figure>\n","protected":false},"excerpt":{"rendered":"https:\/\/www.facebook.com\/1005578542915276\/posts\/1570500883089703?d=n&amp;sfns=mo","protected":false},"author":2,"featured_media":2748,"comment_status":"closed","ping_status":"closed","sticky":false,"template":"","format":"standard","meta":{"footnotes":""},"categories":[2],"tags":[],"class_list":["post-2747","post","type-post","status-publish","format-standard","has-post-thumbnail","hentry","category-noticias"],"_links":{"self":[{"href":"https:\/\/radioprimiciapelluhue.cl\/index.php?rest_route=\/wp\/v2\/posts\/2747","targetHints":{"allow":["GET"]}}],"collection":[{"href":"https:\/\/radioprimiciapelluhue.cl\/index.php?rest_route=\/wp\/v2\/posts"}],"about":[{"href":"https:\/\/radioprimiciapelluhue.cl\/index.php?rest_route=\/wp\/v2\/types\/post"}],"author":[{"embeddable":true,"href":"https:\/\/radioprimiciapelluhue.cl\/index.php?rest_route=\/wp\/v2\/users\/2"}],"replies":[{"embeddable":true,"href":"https:\/\/radioprimiciapelluhue.cl\/index.php?rest_route=%2Fwp%2Fv2%2Fcomments&post=2747"}],"version-history":[{"count":1,"href":"https:\/\/radioprimiciapelluhue.cl\/index.php?rest_route=\/wp\/v2\/posts\/2747\/revisions"}],"predecessor-version":[{"id":2749,"href":"https:\/\/radioprimiciapelluhue.cl\/index.php?rest_route=\/wp\/v2\/posts\/2747\/revisions\/2749"}],"wp:featuredmedia":[{"embeddable":true,"href":"https:\/\/radioprimiciapelluhue.cl\/index.php?rest_route=\/wp\/v2\/media\/2748"}],"wp:attachment":[{"href":"https:\/\/radioprimiciapelluhue.cl\/index.php?rest_route=%2Fwp%2Fv2%2Fmedia&parent=2747"}],"wp:term":[{"taxonomy":"category","embeddable":true,"href":"https:\/\/radioprimiciapelluhue.cl\/index.php?rest_route=%2Fwp%2Fv2%2Fcategories&post=2747"},{"taxonomy":"post_tag","embeddable":true,"href":"https:\/\/radioprimiciapelluhue.cl\/index.php?rest_route=%2Fwp%2Fv2%2Ftags&post=2747"}],"curies":[{"name":"wp","href":"https:\/\/api.w.org\/{rel}","templated":true}]}}