{"id":2802,"date":"2020-02-29T01:09:58","date_gmt":"2020-02-29T01:09:58","guid":{"rendered":"http:\/\/radioprimiciapelluhue.cl\/?p=2802"},"modified":"2020-02-29T01:10:05","modified_gmt":"2020-02-29T01:10:05","slug":"carabineros-detiene-a-sujeto-por-microtrafico-y-cultivo-de-marihuana-en-cauquenes","status":"publish","type":"post","link":"https:\/\/radioprimiciapelluhue.cl\/?p=2802","title":{"rendered":"CARABINEROS  DETIENE A SUJETO POR MICROTR\u00c1FICO Y CULTIVO DE MARIHUANA EN CAUQUENES."},"content":{"rendered":"\n<p><em>En horas de la tarde de este jueves, se incautaron plantas de Cannabis Sativa y marihuana en proceso de secado desde un domicilio particular ubicado el sector de \u201cAguas Buenas\u201d.<\/em><\/p>\n\n\n\n<p>La Secci\u00f3n OS7 de Carabineros en un trabajo conjunto realizado con personal del Ret\u00e9n Coronel de Maule en Cauquenes, en base a investigaciones preliminares debido  denuncias, logr\u00f3 detectar  una plantaci\u00f3n ilegal de plantas de Cannabis Sativa en un predio particular ubicado en el sector de \u201cAguas Buenas\u201d en Cauquenes; las cuales se encontraban en proceso de crecimiento; fluctuaban entre los 2.80 y 3.00 metros de altura. Adem\u00e1s en el interior del domicilio se encontr\u00f3 260 gramos de marihuana en estado de secado. La droga incautada, fue remitida al Servicio de Salud del Maule.<\/p>\n\n\n\n<p>Posteriormente se detuvo al responsable de iniciales H.A.P.R  de 49 a\u00f1os, quien por orden del Fiscal de turno, fue trasladado hasta la unidad policial; pasando a control de detenci\u00f3n en horas de la ma\u00f1ana de este viernes, al juzgado de Garant\u00eda de Cauquenes, para continuar con las investigaciones respectivas de lo sucedido.<\/p>\n\n\n\n<p>Carabineros seguir\u00e1 entregando el resguardo necesario y desarrollando despliegues policiales para advertir los delitos y evitar las incivilidades existentes en el sector; quienes trabajan y desarrollan de manera permanente, estrategias para anular los focos de microtr\u00e1fico y consumo de drogas, acciones que se coordinaron de acuerdo a antecedentes manejados por Carabineros, aportados principalmente por denuncias realizadas al 135 Fono Drogas.<br> Carabineros de Chile, la prevenci\u00f3n Es Nuestra Esencia.<\/p>\n\n\n\n<p><a href=\"https:\/\/www.facebook.com\/1005578542915276\/posts\/1681979375275186\/?d=n\">https:\/\/www.facebook.com\/1005578542915276\/posts\/1681979375275186\/?d=n<\/a><\/p>\n","protected":false},"excerpt":{"rendered":"<p>En horas de la tarde de este jueves, se incautaron plantas de Cannabis Sativa y marihuana en proceso de secado desde un domicilio particular ubicado el sector de \u201cAguas Buenas\u201d. La Secci\u00f3n OS7 de Carabineros en un trabajo conjunto realizado con personal del Ret\u00e9n Coronel de Maule en Cauquenes, en base a investigaciones preliminares debido [&hellip;]<\/p>\n","protected":false},"author":2,"featured_media":2803,"comment_status":"open","ping_status":"closed","sticky":false,"template":"","format":"standard","meta":{"footnotes":""},"categories":[2],"tags":[],"class_list":["post-2802","post","type-post","status-publish","format-standard","has-post-thumbnail","hentry","category-noticias"],"_links":{"self":[{"href":"https:\/\/radioprimiciapelluhue.cl\/index.php?rest_route=\/wp\/v2\/posts\/2802","targetHints":{"allow":["GET"]}}],"collection":[{"href":"https:\/\/radioprimiciapelluhue.cl\/index.php?rest_route=\/wp\/v2\/posts"}],"about":[{"href":"https:\/\/radioprimiciapelluhue.cl\/index.php?rest_route=\/wp\/v2\/types\/post"}],"author":[{"embeddable":true,"href":"https:\/\/radioprimiciapelluhue.cl\/index.php?rest_route=\/wp\/v2\/users\/2"}],"replies":[{"embeddable":true,"href":"https:\/\/radioprimiciapelluhue.cl\/index.php?rest_route=%2Fwp%2Fv2%2Fcomments&post=2802"}],"version-history":[{"count":1,"href":"https:\/\/radioprimiciapelluhue.cl\/index.php?rest_route=\/wp\/v2\/posts\/2802\/revisions"}],"predecessor-version":[{"id":2805,"href":"https:\/\/radioprimiciapelluhue.cl\/index.php?rest_route=\/wp\/v2\/posts\/2802\/revisions\/2805"}],"wp:featuredmedia":[{"embeddable":true,"href":"https:\/\/radioprimiciapelluhue.cl\/index.php?rest_route=\/wp\/v2\/media\/2803"}],"wp:attachment":[{"href":"https:\/\/radioprimiciapelluhue.cl\/index.php?rest_route=%2Fwp%2Fv2%2Fmedia&parent=2802"}],"wp:term":[{"taxonomy":"category","embeddable":true,"href":"https:\/\/radioprimiciapelluhue.cl\/index.php?rest_route=%2Fwp%2Fv2%2Fcategories&post=2802"},{"taxonomy":"post_tag","embeddable":true,"href":"https:\/\/radioprimiciapelluhue.cl\/index.php?rest_route=%2Fwp%2Fv2%2Ftags&post=2802"}],"curies":[{"name":"wp","href":"https:\/\/api.w.org\/{rel}","templated":true}]}}