{"id":2856,"date":"2021-02-12T04:53:30","date_gmt":"2021-02-12T04:53:30","guid":{"rendered":"http:\/\/radioprimiciapelluhue.cl\/?p=2856"},"modified":"2021-02-12T04:53:32","modified_gmt":"2021-02-12T04:53:32","slug":"comuna-de-pelluhue-retrocede-a-fase-2-desde-este-sabado-13-de-febrero-nadie-en-la-calle-los-fines-de-semana-solo-con-permiso","status":"publish","type":"post","link":"https:\/\/radioprimiciapelluhue.cl\/?p=2856","title":{"rendered":"Comuna de #Pelluhue retrocede a fase 2 desde este s\u00e1bado 13 de febrero nadie En la calle los fines de semana solo con permiso"},"content":{"rendered":"\n<p>Estar\u00e9 informando lo que quedar\u00e1 trabajando y como hacerlo<\/p>\n\n\n\n<p>Comuna de #Pelluhue retrocede a fase 2 desde este s\u00e1bado 13 de febrero nadie En la calle los fines de semana solo con permiso para salir a compra<\/p>\n\n\n\n<p>no se puede ir a la playa <\/p>\n\n\n\n<p><a href=\"https:\/\/www.facebook.com\/gottomania.radioprimiciapelluhue\/photos\/a.1005631509576646\/2022513717888415\">https:\/\/www.facebook.com\/gottomania.radioprimiciapelluhue\/photos\/a.1005631509576646\/2022513717888415<\/a><\/p>\n\n\n\n<figure class=\"wp-block-image size-large\"><img loading=\"lazy\" decoding=\"async\" width=\"1024\" height=\"576\" src=\"http:\/\/radioprimiciapelluhue.cl\/wp-content\/uploads\/2021\/02\/CUARENTENA-FINES-DE-SEMANA-13-FEBRERO-1-1024x576.jpg\" alt=\"\" class=\"wp-image-2859\" srcset=\"https:\/\/radioprimiciapelluhue.cl\/wp-content\/uploads\/2021\/02\/CUARENTENA-FINES-DE-SEMANA-13-FEBRERO-1-1024x576.jpg 1024w, https:\/\/radioprimiciapelluhue.cl\/wp-content\/uploads\/2021\/02\/CUARENTENA-FINES-DE-SEMANA-13-FEBRERO-1-300x169.jpg 300w, https:\/\/radioprimiciapelluhue.cl\/wp-content\/uploads\/2021\/02\/CUARENTENA-FINES-DE-SEMANA-13-FEBRERO-1-768x432.jpg 768w, https:\/\/radioprimiciapelluhue.cl\/wp-content\/uploads\/2021\/02\/CUARENTENA-FINES-DE-SEMANA-13-FEBRERO-1-727x409.jpg 727w, https:\/\/radioprimiciapelluhue.cl\/wp-content\/uploads\/2021\/02\/CUARENTENA-FINES-DE-SEMANA-13-FEBRERO-1-1110x624.jpg 1110w, https:\/\/radioprimiciapelluhue.cl\/wp-content\/uploads\/2021\/02\/CUARENTENA-FINES-DE-SEMANA-13-FEBRERO-1-720x406.jpg 720w, https:\/\/radioprimiciapelluhue.cl\/wp-content\/uploads\/2021\/02\/CUARENTENA-FINES-DE-SEMANA-13-FEBRERO-1-750x422.jpg 750w, https:\/\/radioprimiciapelluhue.cl\/wp-content\/uploads\/2021\/02\/CUARENTENA-FINES-DE-SEMANA-13-FEBRERO-1.jpg 1366w\" sizes=\"auto, (max-width: 1024px) 100vw, 1024px\" \/><\/figure>\n","protected":false},"excerpt":{"rendered":"<p>Estar\u00e9 informando lo que quedar\u00e1 trabajando y como hacerlo Comuna de #Pelluhue retrocede a fase 2 desde este s\u00e1bado 13 de febrero nadie En la calle los fines de semana solo con permiso para salir a compra no se puede ir a la playa https:\/\/www.facebook.com\/gottomania.radioprimiciapelluhue\/photos\/a.1005631509576646\/2022513717888415<\/p>\n","protected":false},"author":2,"featured_media":2858,"comment_status":"closed","ping_status":"closed","sticky":false,"template":"","format":"standard","meta":{"footnotes":""},"categories":[2],"tags":[],"class_list":["post-2856","post","type-post","status-publish","format-standard","has-post-thumbnail","hentry","category-noticias"],"_links":{"self":[{"href":"https:\/\/radioprimiciapelluhue.cl\/index.php?rest_route=\/wp\/v2\/posts\/2856","targetHints":{"allow":["GET"]}}],"collection":[{"href":"https:\/\/radioprimiciapelluhue.cl\/index.php?rest_route=\/wp\/v2\/posts"}],"about":[{"href":"https:\/\/radioprimiciapelluhue.cl\/index.php?rest_route=\/wp\/v2\/types\/post"}],"author":[{"embeddable":true,"href":"https:\/\/radioprimiciapelluhue.cl\/index.php?rest_route=\/wp\/v2\/users\/2"}],"replies":[{"embeddable":true,"href":"https:\/\/radioprimiciapelluhue.cl\/index.php?rest_route=%2Fwp%2Fv2%2Fcomments&post=2856"}],"version-history":[{"count":2,"href":"https:\/\/radioprimiciapelluhue.cl\/index.php?rest_route=\/wp\/v2\/posts\/2856\/revisions"}],"predecessor-version":[{"id":2860,"href":"https:\/\/radioprimiciapelluhue.cl\/index.php?rest_route=\/wp\/v2\/posts\/2856\/revisions\/2860"}],"wp:featuredmedia":[{"embeddable":true,"href":"https:\/\/radioprimiciapelluhue.cl\/index.php?rest_route=\/wp\/v2\/media\/2858"}],"wp:attachment":[{"href":"https:\/\/radioprimiciapelluhue.cl\/index.php?rest_route=%2Fwp%2Fv2%2Fmedia&parent=2856"}],"wp:term":[{"taxonomy":"category","embeddable":true,"href":"https:\/\/radioprimiciapelluhue.cl\/index.php?rest_route=%2Fwp%2Fv2%2Fcategories&post=2856"},{"taxonomy":"post_tag","embeddable":true,"href":"https:\/\/radioprimiciapelluhue.cl\/index.php?rest_route=%2Fwp%2Fv2%2Ftags&post=2856"}],"curies":[{"name":"wp","href":"https:\/\/api.w.org\/{rel}","templated":true}]}}