{"id":2867,"date":"2021-04-12T15:22:44","date_gmt":"2021-04-12T15:22:44","guid":{"rendered":"http:\/\/radioprimiciapelluhue.cl\/?p=2867"},"modified":"2021-04-12T15:23:52","modified_gmt":"2021-04-12T15:23:52","slug":"%f0%9d%97%96%f0%9d%97%94%f0%9d%97%9f%f0%9d%97%98%f0%9d%97%a1%f0%9d%97%97%f0%9d%97%94%f0%9d%97%a5%f0%9d%97%9c%f0%9d%97%a2-%f0%9d%90%95%f0%9d%90%80%f0%9d%90%82%f0%9d%90%94%f0%9d%90%8d%f0%9d%90%80","status":"publish","type":"post","link":"https:\/\/radioprimiciapelluhue.cl\/?p=2867","title":{"rendered":"\ud835\uddd6\ud835\uddd4\ud835\udddf\ud835\uddd8\ud835\udde1\ud835\uddd7\ud835\uddd4\ud835\udde5\ud835\udddc\ud835\udde2 \ud835\udc15\ud835\udc00\ud835\udc02\ud835\udc14\ud835\udc0d\ud835\udc00\ud835\udc02\ud835\udc08\u00d3\ud835\udc0d \ud835\udc02\ud835\udc0e\ud835\udc0d\ud835\udc13\ud835\udc11\ud835\udc00 \ud835\udc0b\ud835\udc00 \ud835\udc08\ud835\udc0d\ud835\udc05\ud835\udc0b\ud835\udc14\ud835\udc04\ud835\udc0d\ud835\udc19\ud835\udc00 \ud835\udc04\ud835\udc0d \ud835\udc0b\ud835\udc00 \ud835\udc02\ud835\udc0e\ud835\udc0c\ud835\udc14\ud835\udc0d\ud835\udc00 \ud835\udc03\ud835\udc04 \ud835\udc0f\ud835\udc04\ud835\udc0b\ud835\udc0b\ud835\udc14\ud835\udc07\ud835\udc14\ud835\udc04"},"content":{"rendered":"\n<p>\ud835\udc7a\ud835\udc6c\ud835\udc74\ud835\udc68\ud835\udc75\ud835\udc68 \ud835\udc6b\ud835\udc6c 12 \ud835\udc68\ud835\udc73 16 \ud835\udc6b\ud835\udc6c \ud835\udc68\ud835\udc69\ud835\udc79\ud835\udc70\ud835\udc73Los horarios y lugares ser\u00e1n los mismos contemplados para la vacunaci\u00f3n contra el Covid-19, cambiando s\u00f3lo el rango etario seg\u00fan calendario.A las personas que les corresponda vacunaci\u00f3n podr\u00e1n desplazarse hacia los locales destinados sin necesidad de permiso de ning\u00fan tipo, s\u00f3lo deber\u00e1n acreditarlo con su carnet de identidad.Los adultos mayores podr\u00e1n concurrir a los locales de vacunaci\u00f3n acompa\u00f1ados por una persona que tampoco requerir\u00e1 permiso de desplazamiento.Esta autorizaci\u00f3n no permite en Cuarentena, otras actividades distintas a acudir a los locales donde se efect\u00faa la vacunaci\u00f3n.En ning\u00fan caso, podr\u00e1 desplazarse una persona que se encuentre en los registros de COVID-19 activos que mantiene la autoridad sanitaria, ni aquellas personas sujetas a medidas de aislamiento obligatorio. Detalles en la gr\u00e1fica<\/p>\n\n\n\n<p><a href=\"https:\/\/www.facebook.com\/1005578542915276\/posts\/2071930796280040\/?d=n\">https:\/\/www.facebook.com\/1005578542915276\/posts\/2071930796280040\/?d=n<\/a><\/p>\n\n\n\n<figure class=\"wp-block-image size-large\"><a href=\"http:\/\/radioprimiciapelluhue.cl\/wp-content\/uploads\/2021\/04\/CALENDARIO-VACUNACION2.jpeg\"><img loading=\"lazy\" decoding=\"async\" width=\"563\" height=\"960\" src=\"http:\/\/radioprimiciapelluhue.cl\/wp-content\/uploads\/2021\/04\/CALENDARIO-VACUNACION2.jpeg\" alt=\"\" class=\"wp-image-2870\" srcset=\"https:\/\/radioprimiciapelluhue.cl\/wp-content\/uploads\/2021\/04\/CALENDARIO-VACUNACION2.jpeg 563w, https:\/\/radioprimiciapelluhue.cl\/wp-content\/uploads\/2021\/04\/CALENDARIO-VACUNACION2-176x300.jpeg 176w\" sizes=\"auto, (max-width: 563px) 100vw, 563px\" \/><\/a><\/figure>\n\n\n\n<figure class=\"wp-block-image size-large\"><a href=\"http:\/\/radioprimiciapelluhue.cl\/wp-content\/uploads\/2021\/04\/CALENDARIO-VACUNACION.jpeg\"><img loading=\"lazy\" decoding=\"async\" width=\"473\" height=\"1024\" src=\"http:\/\/radioprimiciapelluhue.cl\/wp-content\/uploads\/2021\/04\/CALENDARIO-VACUNACION-473x1024.jpeg\" alt=\"\" class=\"wp-image-2868\" srcset=\"https:\/\/radioprimiciapelluhue.cl\/wp-content\/uploads\/2021\/04\/CALENDARIO-VACUNACION-473x1024.jpeg 473w, https:\/\/radioprimiciapelluhue.cl\/wp-content\/uploads\/2021\/04\/CALENDARIO-VACUNACION-139x300.jpeg 139w, https:\/\/radioprimiciapelluhue.cl\/wp-content\/uploads\/2021\/04\/CALENDARIO-VACUNACION.jpeg 591w\" sizes=\"auto, (max-width: 473px) 100vw, 473px\" \/><\/a><\/figure>\n","protected":false},"excerpt":{"rendered":"<p>\ud835\udc7a\ud835\udc6c\ud835\udc74\ud835\udc68\ud835\udc75\ud835\udc68 \ud835\udc6b\ud835\udc6c 12 \ud835\udc68\ud835\udc73 16 \ud835\udc6b\ud835\udc6c \ud835\udc68\ud835\udc69\ud835\udc79\ud835\udc70\ud835\udc73Los horarios y lugares ser\u00e1n los mismos contemplados para la vacunaci\u00f3n contra el Covid-19, cambiando s\u00f3lo el rango etario seg\u00fan calendario.A las personas que les corresponda vacunaci\u00f3n podr\u00e1n desplazarse hacia los locales destinados sin necesidad de permiso de ning\u00fan tipo, s\u00f3lo deber\u00e1n acreditarlo con su carnet de identidad.Los adultos [&hellip;]<\/p>\n","protected":false},"author":2,"featured_media":2868,"comment_status":"closed","ping_status":"closed","sticky":false,"template":"","format":"standard","meta":{"footnotes":""},"categories":[2],"tags":[],"class_list":["post-2867","post","type-post","status-publish","format-standard","has-post-thumbnail","hentry","category-noticias"],"_links":{"self":[{"href":"https:\/\/radioprimiciapelluhue.cl\/index.php?rest_route=\/wp\/v2\/posts\/2867","targetHints":{"allow":["GET"]}}],"collection":[{"href":"https:\/\/radioprimiciapelluhue.cl\/index.php?rest_route=\/wp\/v2\/posts"}],"about":[{"href":"https:\/\/radioprimiciapelluhue.cl\/index.php?rest_route=\/wp\/v2\/types\/post"}],"author":[{"embeddable":true,"href":"https:\/\/radioprimiciapelluhue.cl\/index.php?rest_route=\/wp\/v2\/users\/2"}],"replies":[{"embeddable":true,"href":"https:\/\/radioprimiciapelluhue.cl\/index.php?rest_route=%2Fwp%2Fv2%2Fcomments&post=2867"}],"version-history":[{"count":2,"href":"https:\/\/radioprimiciapelluhue.cl\/index.php?rest_route=\/wp\/v2\/posts\/2867\/revisions"}],"predecessor-version":[{"id":2871,"href":"https:\/\/radioprimiciapelluhue.cl\/index.php?rest_route=\/wp\/v2\/posts\/2867\/revisions\/2871"}],"wp:featuredmedia":[{"embeddable":true,"href":"https:\/\/radioprimiciapelluhue.cl\/index.php?rest_route=\/wp\/v2\/media\/2868"}],"wp:attachment":[{"href":"https:\/\/radioprimiciapelluhue.cl\/index.php?rest_route=%2Fwp%2Fv2%2Fmedia&parent=2867"}],"wp:term":[{"taxonomy":"category","embeddable":true,"href":"https:\/\/radioprimiciapelluhue.cl\/index.php?rest_route=%2Fwp%2Fv2%2Fcategories&post=2867"},{"taxonomy":"post_tag","embeddable":true,"href":"https:\/\/radioprimiciapelluhue.cl\/index.php?rest_route=%2Fwp%2Fv2%2Ftags&post=2867"}],"curies":[{"name":"wp","href":"https:\/\/api.w.org\/{rel}","templated":true}]}}