{"id":2883,"date":"2021-04-17T23:59:44","date_gmt":"2021-04-17T23:59:44","guid":{"rendered":"http:\/\/radioprimiciapelluhue.cl\/?p=2883"},"modified":"2021-05-27T22:54:25","modified_gmt":"2021-05-28T02:54:25","slug":"informe-covid19-de-hoy-17-de-abril-2021","status":"publish","type":"post","link":"https:\/\/radioprimiciapelluhue.cl\/?p=2883","title":{"rendered":"Inform\u00e9 #Covid19 de hoy 17 de abril 2021"},"content":{"rendered":"\n<p>Casos activos y fase en la Provincia <\/p>\n\n\n\n<p>Cauquenes Fase1 Cuarentena Casos activos 103<\/p>\n\n\n\n<p>Pelluhue FASE2 a transici\u00f3n, fin de semana y festivos cuarentena, Casos Activos 16, <a href=\"https:\/\/www.facebook.com\/hashtag\/delivery?__eep__=6&amp;__cft__[0]=AZWRx-zkBFTXcBJr1CR-f22AjgLursieT70hFlj-xEfIkPeJl2YAg1e5GWF5iYG9JMeeHD-FX0pyNsnWtCFYsb8Ctn4vvePobCeQUUIlqd_YN1Dmr1j_gKRg2xLwnFrUOnArcMQmnjgugCRt5UIX14169f3TQEpgoC9CDaCRsm-BeoKw3rTas7Rju9W8M7MLqBQ&amp;__tn__=*NK-R\">#Delivery<\/a> <\/p>\n\n\n\n<p>Chanco Fase 1 Cuarentena Casos activos 15<\/p>\n\n\n\n<p>Siga cuid\u00e1ndose use la mascarilla, alcohol gel, mantenga distancia, no se den abrazos ni salude de besos Cuid\u00e9monos entre todos <a rel=\"noreferrer noopener\" href=\"https:\/\/www.gob.cl\/pasoapaso\/?fbclid=IwAR2Le6PSQywey73ecffaDJARKKCL6eMcv7g-Im9BsqmvLnKqGmQcuL--SsY\" target=\"_blank\">https:\/\/www.gob.cl\/pasoapaso\/<\/a><\/p>\n\n\n\n<figure class=\"wp-block-image size-large\"><a href=\"http:\/\/radioprimiciapelluhue.cl\/wp-content\/uploads\/2021\/04\/casos-covid-17-de-abril-1.jpg\"><img loading=\"lazy\" decoding=\"async\" width=\"473\" height=\"1024\" src=\"http:\/\/radioprimiciapelluhue.cl\/wp-content\/uploads\/2021\/04\/casos-covid-17-de-abril-1-473x1024.jpg\" alt=\"\" class=\"wp-image-2884\" srcset=\"https:\/\/radioprimiciapelluhue.cl\/wp-content\/uploads\/2021\/04\/casos-covid-17-de-abril-1-473x1024.jpg 473w, https:\/\/radioprimiciapelluhue.cl\/wp-content\/uploads\/2021\/04\/casos-covid-17-de-abril-1-139x300.jpg 139w, https:\/\/radioprimiciapelluhue.cl\/wp-content\/uploads\/2021\/04\/casos-covid-17-de-abril-1-768x1663.jpg 768w, https:\/\/radioprimiciapelluhue.cl\/wp-content\/uploads\/2021\/04\/casos-covid-17-de-abril-1-710x1536.jpg 710w, https:\/\/radioprimiciapelluhue.cl\/wp-content\/uploads\/2021\/04\/casos-covid-17-de-abril-1.jpg 946w\" sizes=\"auto, (max-width: 473px) 100vw, 473px\" \/><\/a><\/figure>\n\n\n\n<figure class=\"wp-block-image size-large\"><a href=\"http:\/\/radioprimiciapelluhue.cl\/wp-content\/uploads\/2021\/04\/casos-covid-17-de-abril-2.jpg\"><img loading=\"lazy\" decoding=\"async\" width=\"473\" height=\"1024\" src=\"http:\/\/radioprimiciapelluhue.cl\/wp-content\/uploads\/2021\/04\/casos-covid-17-de-abril-2-473x1024.jpg\" alt=\"\" class=\"wp-image-2885\" srcset=\"https:\/\/radioprimiciapelluhue.cl\/wp-content\/uploads\/2021\/04\/casos-covid-17-de-abril-2-473x1024.jpg 473w, https:\/\/radioprimiciapelluhue.cl\/wp-content\/uploads\/2021\/04\/casos-covid-17-de-abril-2-139x300.jpg 139w, https:\/\/radioprimiciapelluhue.cl\/wp-content\/uploads\/2021\/04\/casos-covid-17-de-abril-2-768x1663.jpg 768w, https:\/\/radioprimiciapelluhue.cl\/wp-content\/uploads\/2021\/04\/casos-covid-17-de-abril-2-710x1536.jpg 710w, https:\/\/radioprimiciapelluhue.cl\/wp-content\/uploads\/2021\/04\/casos-covid-17-de-abril-2.jpg 946w\" sizes=\"auto, (max-width: 473px) 100vw, 473px\" \/><\/a><\/figure>\n","protected":false},"excerpt":{"rendered":"<p>Casos activos y fase en la Provincia Cauquenes Fase1 Cuarentena Casos activos 103 Pelluhue FASE2 a transici\u00f3n, fin de semana y festivos cuarentena, Casos Activos 16, #Delivery Chanco Fase 1 Cuarentena Casos activos 15 Siga cuid\u00e1ndose use la mascarilla, alcohol gel, mantenga distancia, no se den abrazos ni salude de besos Cuid\u00e9monos entre todos https:\/\/www.gob.cl\/pasoapaso\/<\/p>\n","protected":false},"author":2,"featured_media":2886,"comment_status":"closed","ping_status":"closed","sticky":false,"template":"","format":"standard","meta":{"footnotes":""},"categories":[57],"tags":[],"class_list":["post-2883","post","type-post","status-publish","format-standard","has-post-thumbnail","hentry","category-covid19"],"_links":{"self":[{"href":"https:\/\/radioprimiciapelluhue.cl\/index.php?rest_route=\/wp\/v2\/posts\/2883","targetHints":{"allow":["GET"]}}],"collection":[{"href":"https:\/\/radioprimiciapelluhue.cl\/index.php?rest_route=\/wp\/v2\/posts"}],"about":[{"href":"https:\/\/radioprimiciapelluhue.cl\/index.php?rest_route=\/wp\/v2\/types\/post"}],"author":[{"embeddable":true,"href":"https:\/\/radioprimiciapelluhue.cl\/index.php?rest_route=\/wp\/v2\/users\/2"}],"replies":[{"embeddable":true,"href":"https:\/\/radioprimiciapelluhue.cl\/index.php?rest_route=%2Fwp%2Fv2%2Fcomments&post=2883"}],"version-history":[{"count":1,"href":"https:\/\/radioprimiciapelluhue.cl\/index.php?rest_route=\/wp\/v2\/posts\/2883\/revisions"}],"predecessor-version":[{"id":2887,"href":"https:\/\/radioprimiciapelluhue.cl\/index.php?rest_route=\/wp\/v2\/posts\/2883\/revisions\/2887"}],"wp:featuredmedia":[{"embeddable":true,"href":"https:\/\/radioprimiciapelluhue.cl\/index.php?rest_route=\/wp\/v2\/media\/2886"}],"wp:attachment":[{"href":"https:\/\/radioprimiciapelluhue.cl\/index.php?rest_route=%2Fwp%2Fv2%2Fmedia&parent=2883"}],"wp:term":[{"taxonomy":"category","embeddable":true,"href":"https:\/\/radioprimiciapelluhue.cl\/index.php?rest_route=%2Fwp%2Fv2%2Fcategories&post=2883"},{"taxonomy":"post_tag","embeddable":true,"href":"https:\/\/radioprimiciapelluhue.cl\/index.php?rest_route=%2Fwp%2Fv2%2Ftags&post=2883"}],"curies":[{"name":"wp","href":"https:\/\/api.w.org\/{rel}","templated":true}]}}