{"id":2898,"date":"2021-04-20T19:05:44","date_gmt":"2021-04-20T23:05:44","guid":{"rendered":"http:\/\/radioprimiciapelluhue.cl\/?p=2898"},"modified":"2021-04-20T19:05:47","modified_gmt":"2021-04-20T23:05:47","slug":"trm-y-seremi-de-las-culturas-lanzan-catastro-de-artistas-regionales-version-2021","status":"publish","type":"post","link":"https:\/\/radioprimiciapelluhue.cl\/?p=2898","title":{"rendered":"TRM Y SEREMI DE LAS CULTURAS LANZAN CATASTRO DE ARTISTAS REGIONALES VERSI\u00d3N 2021"},"content":{"rendered":"\n<p>FUENTE TRM<\/p>\n\n\n\n<ul class=\"wp-block-list\"><li><strong>Este a\u00f1o el registro contempla 211 elencos maulinos. La iniciativa conjunta apunta acercar la oferta existente en el Maule a programadores y centros culturales de la regi\u00f3n y el pa\u00eds.<\/strong><\/li><\/ul>\n\n\n\n<p>Con el objetivo de visibilizar el trabajo de diversos exponentes de las artes esc\u00e9nicas de la regi\u00f3n, en danza, teatro, m\u00fasica, circo y cuentacuentos, el Teatro Regional del Maule (TRM) y la Seremi de las Culturas, las Artes y el Patrimonio de la Regi\u00f3n del Maule, dan continuidad a su iniciativa lanzada en 2020 y que, para este a\u00f1o, presentan una actualizaci\u00f3n de contenidos en su cat\u00e1logo digital de artistas y obras del Maule.<\/p>\n\n\n\n<p>El desarrollo del \u201cCat\u00e1logo de Artes Esc\u00e9nicas y M\u00fasica de la Regi\u00f3n del Maule\u201d se enmarca en el Proyecto Estrat\u00e9gico Regional de la Seremi y apunta a que gestores y programadores tengan acceso a la informaci\u00f3n de los diversos artistas locales, permitiendo la contrataci\u00f3n de sus servicios.&nbsp;&nbsp;&nbsp;&nbsp;<\/p>\n\n\n\n<p>El documento en formato PDF es una herramienta activa y din\u00e1mica, de descarga libre y f\u00e1cil acceso, que est\u00e1 disponible en la p\u00e1gina web del TRM (<a href=\"http:\/\/www.teatroregional.cl\/\">www.teatroregional.cl<\/a>) para todas las personas que requieran esta informaci\u00f3n.<\/p>\n\n\n\n<p>Ambas instituciones organizadoras anuncian que durante el a\u00f1o har\u00e1n una nueva actualizaci\u00f3n de este catastro y que, para el t\u00e9rmino de 2021, pretenden que este emigre a una plataforma web independiente, con el fin de que sea una herramienta consultiva y de f\u00e1cil acceso.<\/p>\n\n\n\n<p>Esta acci\u00f3n se suma a otras iniciativas que el TRM como la Seremi desarrollan en conjunto y que apuntan a objetivos similares, como es fomentar la circulaci\u00f3n de los artistas regionales. Un claro ejemplo fue el desarrollo del primer encuentro AMA, efectuado con \u00e9xito recientemente y que finaliz\u00f3 el pasado s\u00e1bado 17 de abril.<\/p>\n\n\n\n<p>\u201cEstamos muy contentos y agradecidos por el entusiasmo de los artistas de la regi\u00f3n, lo que nos ha llevado a concretar esta tercera edici\u00f3n del Cat\u00e1logo Regional de Artes Esc\u00e9nicas &amp; M\u00fasica. Es un importante aporte para el cumplimiento de nuestros objetivos y se suma a AMA fomentando la circulaci\u00f3n de creadores y sus obras por los distintos espacios culturales. Nuestro objetivo es extenderlo a las distintas expresiones art\u00edsticas, por lo que pr\u00f3ximamente realizaremos una invitaci\u00f3n abierta para ello\u201d, manifest\u00f3 la seremi de las Culturas, las Artes y el Patrimonio, P\u00eda Soler.<\/p>\n\n\n\n<p>Por su parte Victoria Flores, secretaria ejecutiva del Teatro Regional del Maule resalt\u00f3 que \u201cel objetivo del cat\u00e1logo es entregar una herramienta actualizada a los espacios culturales, para conocer, valorar y diversificar su oferta program\u00e1tica en virtud del trabajo de creadores de toda la regi\u00f3n\u201d.<\/p>\n\n\n\n<p>Evelyn Peredo, se suma este a\u00f1o al cat\u00e1logo con su propuesta de m\u00fasica urbana Natyba. \u201cTrabajar en el arte siempre ha sido poco visibilizado, por eso me parece fant\u00e1stica la posibilidad de estar en esta versi\u00f3n. Esto permite conocernos entre nosotros y nos abre puertas a una mejor proyecci\u00f3n art\u00edstica, como tambi\u00e9n la posibilidad de optar a trabajo remunerados\u201d, manifest\u00f3 la exponente de hip-hop y activista social oriunda de Lontu\u00e9, radicada en Curic\u00f3.<\/p>\n\n\n\n<figure class=\"wp-block-embed is-type-wp-embed is-provider-teatro-regional-del-maule wp-block-embed-teatro-regional-del-maule\"><div class=\"wp-block-embed__wrapper\">\n<blockquote class=\"wp-embedded-content\" data-secret=\"QCYpkPFrUd\"><a href=\"http:\/\/www.teatroregional.cl\/archivo\/11557\">TRM Y SEREMI DE LAS CULTURAS LANZAN CATASTRO DE ARTISTAS REGIONALES VERSI\u00d3N 2021<\/a><\/blockquote><iframe loading=\"lazy\" class=\"wp-embedded-content\" sandbox=\"allow-scripts\" security=\"restricted\" style=\"position: absolute; clip: rect(1px, 1px, 1px, 1px);\" title=\"&#8220;TRM Y SEREMI DE LAS CULTURAS LANZAN CATASTRO DE ARTISTAS REGIONALES VERSI\u00d3N 2021&#8221; &#8212; Teatro Regional del Maule\" src=\"http:\/\/www.teatroregional.cl\/archivo\/11557\/embed#?secret=QCYpkPFrUd\" data-secret=\"QCYpkPFrUd\" width=\"600\" height=\"338\" frameborder=\"0\" marginwidth=\"0\" marginheight=\"0\" scrolling=\"no\"><\/iframe>\n<\/div><\/figure>\n\n\n\n<figure class=\"wp-block-gallery columns-1 is-cropped wp-block-gallery-1 is-layout-flex wp-block-gallery-is-layout-flex\"><ul class=\"blocks-gallery-grid\"><li class=\"blocks-gallery-item\"><figure><a href=\"http:\/\/radioprimiciapelluhue.cl\/wp-content\/uploads\/2021\/04\/TRM-Y-SEREMI-DE-LAS-CULTURAS-LANZAN-CATASTRO-DE-ARTISTAS-REGIONALES-VERSION-2021.jpg\"><img loading=\"lazy\" decoding=\"async\" width=\"1024\" height=\"576\" src=\"http:\/\/radioprimiciapelluhue.cl\/wp-content\/uploads\/2021\/04\/TRM-Y-SEREMI-DE-LAS-CULTURAS-LANZAN-CATASTRO-DE-ARTISTAS-REGIONALES-VERSION-2021-1024x576.jpg\" alt=\"\" data-id=\"2899\" data-full-url=\"http:\/\/radioprimiciapelluhue.cl\/wp-content\/uploads\/2021\/04\/TRM-Y-SEREMI-DE-LAS-CULTURAS-LANZAN-CATASTRO-DE-ARTISTAS-REGIONALES-VERSION-2021.jpg\" data-link=\"http:\/\/radioprimiciapelluhue.cl\/?attachment_id=2899\" class=\"wp-image-2899\" srcset=\"https:\/\/radioprimiciapelluhue.cl\/wp-content\/uploads\/2021\/04\/TRM-Y-SEREMI-DE-LAS-CULTURAS-LANZAN-CATASTRO-DE-ARTISTAS-REGIONALES-VERSION-2021-1024x576.jpg 1024w, https:\/\/radioprimiciapelluhue.cl\/wp-content\/uploads\/2021\/04\/TRM-Y-SEREMI-DE-LAS-CULTURAS-LANZAN-CATASTRO-DE-ARTISTAS-REGIONALES-VERSION-2021-300x169.jpg 300w, https:\/\/radioprimiciapelluhue.cl\/wp-content\/uploads\/2021\/04\/TRM-Y-SEREMI-DE-LAS-CULTURAS-LANZAN-CATASTRO-DE-ARTISTAS-REGIONALES-VERSION-2021-768x432.jpg 768w, https:\/\/radioprimiciapelluhue.cl\/wp-content\/uploads\/2021\/04\/TRM-Y-SEREMI-DE-LAS-CULTURAS-LANZAN-CATASTRO-DE-ARTISTAS-REGIONALES-VERSION-2021-727x409.jpg 727w, https:\/\/radioprimiciapelluhue.cl\/wp-content\/uploads\/2021\/04\/TRM-Y-SEREMI-DE-LAS-CULTURAS-LANZAN-CATASTRO-DE-ARTISTAS-REGIONALES-VERSION-2021-1110x624.jpg 1110w, https:\/\/radioprimiciapelluhue.cl\/wp-content\/uploads\/2021\/04\/TRM-Y-SEREMI-DE-LAS-CULTURAS-LANZAN-CATASTRO-DE-ARTISTAS-REGIONALES-VERSION-2021-720x406.jpg 720w, https:\/\/radioprimiciapelluhue.cl\/wp-content\/uploads\/2021\/04\/TRM-Y-SEREMI-DE-LAS-CULTURAS-LANZAN-CATASTRO-DE-ARTISTAS-REGIONALES-VERSION-2021-750x422.jpg 750w, https:\/\/radioprimiciapelluhue.cl\/wp-content\/uploads\/2021\/04\/TRM-Y-SEREMI-DE-LAS-CULTURAS-LANZAN-CATASTRO-DE-ARTISTAS-REGIONALES-VERSION-2021.jpg 1366w\" sizes=\"auto, (max-width: 1024px) 100vw, 1024px\" \/><\/a><\/figure><\/li><\/ul><\/figure>\n","protected":false},"excerpt":{"rendered":"<p>FUENTE TRM Este a\u00f1o el registro contempla 211 elencos maulinos. La iniciativa conjunta apunta acercar la oferta existente en el Maule a programadores y centros culturales de la regi\u00f3n y el pa\u00eds. Con el objetivo de visibilizar el trabajo de diversos exponentes de las artes esc\u00e9nicas de la regi\u00f3n, en danza, teatro, m\u00fasica, circo y [&hellip;]<\/p>\n","protected":false},"author":2,"featured_media":2900,"comment_status":"closed","ping_status":"closed","sticky":false,"template":"","format":"standard","meta":{"footnotes":""},"categories":[2],"tags":[],"class_list":["post-2898","post","type-post","status-publish","format-standard","has-post-thumbnail","hentry","category-noticias"],"_links":{"self":[{"href":"https:\/\/radioprimiciapelluhue.cl\/index.php?rest_route=\/wp\/v2\/posts\/2898","targetHints":{"allow":["GET"]}}],"collection":[{"href":"https:\/\/radioprimiciapelluhue.cl\/index.php?rest_route=\/wp\/v2\/posts"}],"about":[{"href":"https:\/\/radioprimiciapelluhue.cl\/index.php?rest_route=\/wp\/v2\/types\/post"}],"author":[{"embeddable":true,"href":"https:\/\/radioprimiciapelluhue.cl\/index.php?rest_route=\/wp\/v2\/users\/2"}],"replies":[{"embeddable":true,"href":"https:\/\/radioprimiciapelluhue.cl\/index.php?rest_route=%2Fwp%2Fv2%2Fcomments&post=2898"}],"version-history":[{"count":1,"href":"https:\/\/radioprimiciapelluhue.cl\/index.php?rest_route=\/wp\/v2\/posts\/2898\/revisions"}],"predecessor-version":[{"id":2901,"href":"https:\/\/radioprimiciapelluhue.cl\/index.php?rest_route=\/wp\/v2\/posts\/2898\/revisions\/2901"}],"wp:featuredmedia":[{"embeddable":true,"href":"https:\/\/radioprimiciapelluhue.cl\/index.php?rest_route=\/wp\/v2\/media\/2900"}],"wp:attachment":[{"href":"https:\/\/radioprimiciapelluhue.cl\/index.php?rest_route=%2Fwp%2Fv2%2Fmedia&parent=2898"}],"wp:term":[{"taxonomy":"category","embeddable":true,"href":"https:\/\/radioprimiciapelluhue.cl\/index.php?rest_route=%2Fwp%2Fv2%2Fcategories&post=2898"},{"taxonomy":"post_tag","embeddable":true,"href":"https:\/\/radioprimiciapelluhue.cl\/index.php?rest_route=%2Fwp%2Fv2%2Ftags&post=2898"}],"curies":[{"name":"wp","href":"https:\/\/api.w.org\/{rel}","templated":true}]}}