{"id":2902,"date":"2021-04-20T19:21:29","date_gmt":"2021-04-20T23:21:29","guid":{"rendered":"http:\/\/radioprimiciapelluhue.cl\/?p=2902"},"modified":"2021-04-20T19:21:32","modified_gmt":"2021-04-20T23:21:32","slug":"concejo-regional-del-maule-%f0%9d%97%94%f0%9d%97%a3%f0%9d%97%a5%f0%9d%97%a2%f0%9d%97%95%f0%9d%97%94ron-%f0%9d%97%9f%f0%9d%97%a2%f0%9d%97%a6-%f0%9d%97%a5%f0%9d%97%98%f0%9d%97%96%f0%9d%97%a8%f0%9d%97%a5","status":"publish","type":"post","link":"https:\/\/radioprimiciapelluhue.cl\/?p=2902","title":{"rendered":"CONCEJO REGIONAL DEL MAULE \ud835\uddd4\ud835\udde3\ud835\udde5\ud835\udde2\ud835\uddd5\ud835\uddd4RON \ud835\udddf\ud835\udde2\ud835\udde6 \ud835\udde5\ud835\uddd8\ud835\uddd6\ud835\udde8\ud835\udde5\ud835\udde6\ud835\udde2\ud835\udde6 \ud835\udde3\ud835\uddd4\ud835\udde5\ud835\uddd4 \ud835\udddf\ud835\uddd4 \ud835\uddd9\ud835\udddc\ud835\uddd5\ud835\udde5\ud835\uddd4 \ud835\udde2\ud835\udde3\ud835\udde7\ud835\udddc\ud835\uddd6\ud835\uddd4 \ud835\uddd7\ud835\uddd8 \ud835\udddf\ud835\uddd4\ud835\udde6 \ud835\udfef\ud835\udfec \ud835\uddd6\ud835\udde2\ud835\udde0\ud835\udde8\ud835\udde1\ud835\uddd4\ud835\udde6 \ud835\uddd7\ud835\uddd8 \ud835\udde1\ud835\udde8\ud835\uddd8\ud835\udde6\ud835\udde7\ud835\udde5\ud835\uddd4 \ud835\udde5\ud835\uddd8\ud835\uddda\ud835\udddc\ud835\udde2\u0301\ud835\udde1 \ud835\uddd7\ud835\uddd8\ud835\udddf \ud835\udde0\ud835\uddd4\ud835\udde8\ud835\udddf\ud835\uddd8"},"content":{"rendered":"\n<p>El Consejero Regional Cesar Mu\u00f1oz Vergara atreves de sus redes sociales informa esta importante noticia para la Regi\u00f3n del Maule<\/p>\n\n\n\n<p><img loading=\"lazy\" decoding=\"async\" width=\"16\" height=\"16\" src=\"\" alt=\"\ud83d\udd34\">\ud835\uddd4\ud835\udde3\ud835\udde5\ud835\udde2\ud835\uddd5\ud835\uddd4\ud835\udde0\ud835\udde2\ud835\udde6 \ud835\udddf\ud835\udde2\ud835\udde6 \ud835\udde5\ud835\uddd8\ud835\uddd6\ud835\udde8\ud835\udde5\ud835\udde6\ud835\udde2\ud835\udde6 \ud835\udde3\ud835\uddd4\ud835\udde5\ud835\uddd4 \ud835\udddf\ud835\uddd4 \ud835\uddd9\ud835\udddc\ud835\uddd5\ud835\udde5\ud835\uddd4 \ud835\udde2\ud835\udde3\ud835\udde7\ud835\udddc\ud835\uddd6\ud835\uddd4 \ud835\uddd7\ud835\uddd8 \ud835\udddf\ud835\uddd4\ud835\udde6 \ud835\udfef\ud835\udfec \ud835\uddd6\ud835\udde2\ud835\udde0\ud835\udde8\ud835\udde1\ud835\uddd4\ud835\udde6 \ud835\uddd7\ud835\uddd8 \ud835\udde1\ud835\udde8\ud835\uddd8\ud835\udde6\ud835\udde7\ud835\udde5\ud835\uddd4 \ud835\udde5\ud835\uddd8\ud835\uddda\ud835\udddc\ud835\udde2\u0301\ud835\udde1 \ud835\uddd7\ud835\uddd8\ud835\udddf \ud835\udde0\ud835\uddd4\ud835\udde8\ud835\udddf\ud835\uddd8<\/p>\n\n\n\n<p>Me enorgullece poder comunicar como presidente de la comisi\u00f3n de Infraestructura y telecomunicaciones del Consejo Regional que hoy el Pleno ha aprobado uno de los proyecto mas grandes y que beneficiara a las 30 comunas de la regi\u00f3n dando paso a quitar esa brecha que hoy existe en la comunicaci\u00f3n.<\/p>\n\n\n\n<p><img loading=\"lazy\" decoding=\"async\" width=\"16\" height=\"16\" src=\"\" alt=\"\ud83d\udd37\">El proyecto del Maule apunta primero a extender la fibra \u00f3ptica troncal neutra a los lugares de la regi\u00f3n que quedaron fuera de los concursos FON y FOCF, tiene un costo de $9.700 millones y sumados a los $6.500 millones de Subtel daremos la cobertura a todo el Maule <img loading=\"lazy\" decoding=\"async\" width=\"16\" height=\"16\" src=\"\" alt=\"\ud83d\udcaa\"><\/p>\n\n\n\n<p><img loading=\"lazy\" decoding=\"async\" width=\"16\" height=\"16\" src=\"\" alt=\"\ud83d\udd37\">Con esto se lograr\u00e1 que las 30 comunas del Maule cuenten con Fibra \u00d3ptica troncal neutra, permitiendo que las peque\u00f1as, medianas y grandes compa\u00f1\u00edas de Internet puedan arrendar fibra \u00f3ptica oscura que les permita tener una red regional a la velocidad que ellos necesiten.<\/p>\n\n\n\n<p><img loading=\"lazy\" decoding=\"async\" width=\"16\" height=\"16\" src=\"\" alt=\"\ud83d\udd37\">As\u00ed se asegura que las empresas de telecomunicaciones regionales y nacionales podr\u00e1n desarrollar sus proyectos de ultima milla en toda la regi\u00f3n sin diferencia ni discriminaci\u00f3n, ya que los precios m\u00e1ximos estar\u00e1n regulados.<\/p>\n\n\n\n<p><img loading=\"lazy\" decoding=\"async\" width=\"16\" height=\"16\" src=\"\" alt=\"\ud83d\udd37\">La idea es asignar los servicios preferentes de estos proyectos, a empresas que den servicios a las localidades menos rentables de la regi\u00f3n. De esta manera usaremos de buena forma esta herramienta que incorporan los concursos.<\/p>\n\n\n\n<p><img loading=\"lazy\" decoding=\"async\" width=\"16\" height=\"16\" src=\"\" alt=\"\ud83d\udd37\">La fibra \u00f3ptica Maule consta de 2 nuevas troncales que permitir\u00e1 desarrollar los servicios de Internet en cientos de localidades que hoy no tienen ninguna opci\u00f3n de transmisi\u00f3n de datos:<\/p>\n\n\n\n<p><img loading=\"lazy\" decoding=\"async\" width=\"16\" height=\"16\" src=\"\" alt=\"\u27a1\ufe0f\">La primera troncal considera un PIX en Curic\u00f3, el que recorre el valle de la regi\u00f3n, llegando hasta Parral, lo que permitir\u00e1 abordar una gran cantidad de APR ubicados tanto en el recorrido propio del troncal como tambi\u00e9n en sectores aleda\u00f1os, principalmente en el Maule Sur.<\/p>\n\n\n\n<p><img loading=\"lazy\" decoding=\"async\" width=\"16\" height=\"16\" src=\"\" alt=\"\u27a1\ufe0f\">El segundo troncal cumple un doble prop\u00f3sito, primero ampliar la cobertura, pero adem\u00e1s dar robustez a la red completa de la regi\u00f3n, ya que permitir\u00e1 conectar al norte sin depender de la Ruta 5, d\u00e1ndole mayor resiliencia a la Internet en Maule. Para ello, se ha desarrollado una red que conectar\u00e1 Talca con Constituci\u00f3n, v\u00eda el ramal de ferrocarriles. Y desde Constituci\u00f3n ira una troncal de fibra \u00f3ptica hasta la localidad de Boyeruca, ubicado al norte de la costa del Maule, en el l\u00edmite de la Regi\u00f3n de O&#8217;Higgins, la que se espera pueda ser una futura conexi\u00f3n con dicha regi\u00f3n, esto dejar\u00e1 con factibilidad \u00f3ptica a todos los balnearios y localidades de la regi\u00f3n que hoy no tienen.<\/p>\n\n\n\n<p><img loading=\"lazy\" decoding=\"async\" width=\"16\" height=\"16\" src=\"\" alt=\"\u27a1\ufe0f\">Gracias a la red de fibra \u00f3ptica del ramal, se podr\u00e1 dotar de un servicio de wifi gratuito en las estaciones, de gran calidad que permitir\u00e1 potenciar el turismo, esta misma red podr\u00e1 ser usada para ser backhaul (red de transporte) a futuras y actuales torres de celular.<\/p>\n\n\n\n<p><img loading=\"lazy\" decoding=\"async\" width=\"16\" height=\"16\" src=\"\" alt=\"\ud83d\udd37\">El concurso que se propone tambi\u00e9n incluir\u00e1 servicios preferentes, las que tambi\u00e9n se utilizaran para proveer servicios a las localidades menos rentables.<\/p>\n\n\n\n<p>C\u00e9sar Mu\u00f1oz<\/p>\n\n\n\n<p>Consejero Regional del Maule.<\/p>\n\n\n\n<p><a href=\"https:\/\/www.facebook.com\/383552768434495\/posts\/3613871218735951\/\">https:\/\/www.facebook.com\/383552768434495\/posts\/3613871218735951\/<\/a><\/p>\n\n\n\n<figure class=\"wp-block-gallery columns-1 is-cropped wp-block-gallery-1 is-layout-flex wp-block-gallery-is-layout-flex\"><ul class=\"blocks-gallery-grid\"><li class=\"blocks-gallery-item\"><figure><a href=\"http:\/\/radioprimiciapelluhue.cl\/wp-content\/uploads\/2021\/04\/FIBRA-OPTICA.jpg\"><img loading=\"lazy\" decoding=\"async\" width=\"1024\" height=\"576\" src=\"http:\/\/radioprimiciapelluhue.cl\/wp-content\/uploads\/2021\/04\/FIBRA-OPTICA-1024x576.jpg\" alt=\"\" data-id=\"2903\" data-full-url=\"http:\/\/radioprimiciapelluhue.cl\/wp-content\/uploads\/2021\/04\/FIBRA-OPTICA.jpg\" data-link=\"http:\/\/radioprimiciapelluhue.cl\/?attachment_id=2903\" class=\"wp-image-2903\" srcset=\"https:\/\/radioprimiciapelluhue.cl\/wp-content\/uploads\/2021\/04\/FIBRA-OPTICA-1024x576.jpg 1024w, https:\/\/radioprimiciapelluhue.cl\/wp-content\/uploads\/2021\/04\/FIBRA-OPTICA-300x169.jpg 300w, https:\/\/radioprimiciapelluhue.cl\/wp-content\/uploads\/2021\/04\/FIBRA-OPTICA-768x432.jpg 768w, https:\/\/radioprimiciapelluhue.cl\/wp-content\/uploads\/2021\/04\/FIBRA-OPTICA-727x409.jpg 727w, https:\/\/radioprimiciapelluhue.cl\/wp-content\/uploads\/2021\/04\/FIBRA-OPTICA-1110x624.jpg 1110w, https:\/\/radioprimiciapelluhue.cl\/wp-content\/uploads\/2021\/04\/FIBRA-OPTICA-720x406.jpg 720w, https:\/\/radioprimiciapelluhue.cl\/wp-content\/uploads\/2021\/04\/FIBRA-OPTICA-750x422.jpg 750w, https:\/\/radioprimiciapelluhue.cl\/wp-content\/uploads\/2021\/04\/FIBRA-OPTICA.jpg 1366w\" sizes=\"auto, (max-width: 1024px) 100vw, 1024px\" \/><\/a><\/figure><\/li><\/ul><\/figure>\n","protected":false},"excerpt":{"rendered":"<p>El Consejero Regional Cesar Mu\u00f1oz Vergara atreves de sus redes sociales informa esta importante noticia para la Regi\u00f3n del Maule \ud835\uddd4\ud835\udde3\ud835\udde5\ud835\udde2\ud835\uddd5\ud835\uddd4\ud835\udde0\ud835\udde2\ud835\udde6 \ud835\udddf\ud835\udde2\ud835\udde6 \ud835\udde5\ud835\uddd8\ud835\uddd6\ud835\udde8\ud835\udde5\ud835\udde6\ud835\udde2\ud835\udde6 \ud835\udde3\ud835\uddd4\ud835\udde5\ud835\uddd4 \ud835\udddf\ud835\uddd4 \ud835\uddd9\ud835\udddc\ud835\uddd5\ud835\udde5\ud835\uddd4 \ud835\udde2\ud835\udde3\ud835\udde7\ud835\udddc\ud835\uddd6\ud835\uddd4 \ud835\uddd7\ud835\uddd8 \ud835\udddf\ud835\uddd4\ud835\udde6 \ud835\udfef\ud835\udfec \ud835\uddd6\ud835\udde2\ud835\udde0\ud835\udde8\ud835\udde1\ud835\uddd4\ud835\udde6 \ud835\uddd7\ud835\uddd8 \ud835\udde1\ud835\udde8\ud835\uddd8\ud835\udde6\ud835\udde7\ud835\udde5\ud835\uddd4 \ud835\udde5\ud835\uddd8\ud835\uddda\ud835\udddc\ud835\udde2\u0301\ud835\udde1 \ud835\uddd7\ud835\uddd8\ud835\udddf \ud835\udde0\ud835\uddd4\ud835\udde8\ud835\udddf\ud835\uddd8 Me enorgullece poder comunicar como presidente de la comisi\u00f3n de Infraestructura y telecomunicaciones del Consejo Regional que hoy el [&hellip;]<\/p>\n","protected":false},"author":2,"featured_media":2904,"comment_status":"closed","ping_status":"closed","sticky":false,"template":"","format":"standard","meta":{"footnotes":""},"categories":[2],"tags":[],"class_list":["post-2902","post","type-post","status-publish","format-standard","has-post-thumbnail","hentry","category-noticias"],"_links":{"self":[{"href":"https:\/\/radioprimiciapelluhue.cl\/index.php?rest_route=\/wp\/v2\/posts\/2902","targetHints":{"allow":["GET"]}}],"collection":[{"href":"https:\/\/radioprimiciapelluhue.cl\/index.php?rest_route=\/wp\/v2\/posts"}],"about":[{"href":"https:\/\/radioprimiciapelluhue.cl\/index.php?rest_route=\/wp\/v2\/types\/post"}],"author":[{"embeddable":true,"href":"https:\/\/radioprimiciapelluhue.cl\/index.php?rest_route=\/wp\/v2\/users\/2"}],"replies":[{"embeddable":true,"href":"https:\/\/radioprimiciapelluhue.cl\/index.php?rest_route=%2Fwp%2Fv2%2Fcomments&post=2902"}],"version-history":[{"count":1,"href":"https:\/\/radioprimiciapelluhue.cl\/index.php?rest_route=\/wp\/v2\/posts\/2902\/revisions"}],"predecessor-version":[{"id":2905,"href":"https:\/\/radioprimiciapelluhue.cl\/index.php?rest_route=\/wp\/v2\/posts\/2902\/revisions\/2905"}],"wp:featuredmedia":[{"embeddable":true,"href":"https:\/\/radioprimiciapelluhue.cl\/index.php?rest_route=\/wp\/v2\/media\/2904"}],"wp:attachment":[{"href":"https:\/\/radioprimiciapelluhue.cl\/index.php?rest_route=%2Fwp%2Fv2%2Fmedia&parent=2902"}],"wp:term":[{"taxonomy":"category","embeddable":true,"href":"https:\/\/radioprimiciapelluhue.cl\/index.php?rest_route=%2Fwp%2Fv2%2Fcategories&post=2902"},{"taxonomy":"post_tag","embeddable":true,"href":"https:\/\/radioprimiciapelluhue.cl\/index.php?rest_route=%2Fwp%2Fv2%2Ftags&post=2902"}],"curies":[{"name":"wp","href":"https:\/\/api.w.org\/{rel}","templated":true}]}}