{"id":2907,"date":"2021-04-21T19:03:36","date_gmt":"2021-04-21T23:03:36","guid":{"rendered":"http:\/\/radioprimiciapelluhue.cl\/?p=2907"},"modified":"2021-04-21T19:09:41","modified_gmt":"2021-04-21T23:09:41","slug":"accidente-sector-el-corte-ruta-m-50-chanco-pelluhue","status":"publish","type":"post","link":"https:\/\/radioprimiciapelluhue.cl\/?p=2907","title":{"rendered":"ACCIDENTE SECTOR EL CORTE RUTA M-50 CHANCO PELLUHUE"},"content":{"rendered":"\n<p><strong><strong>Hoy alrededor de las 18 horas un Conductor de un cami\u00f3n pierde el control chocando con barrera de contenci\u00f3n ya chocada anteriormente, sin lesionados #bomberos y #Carabineros en el lugar transito expedito con precauci\u00f3n<\/strong><\/strong><\/p>\n\n\n\n<p><a href=\"https:\/\/web.facebook.com\/gottomania.radioprimiciapelluhue\/photos\/a.1005631509576646\/2079607032179083\/\">https:\/\/web.facebook.com\/gottomania.radioprimiciapelluhue\/photos\/a.1005631509576646\/2079607032179083\/<\/a><\/p>\n\n\n\n<figure class=\"wp-block-gallery columns-1 is-cropped wp-block-gallery-1 is-layout-flex wp-block-gallery-is-layout-flex\"><ul class=\"blocks-gallery-grid\"><li class=\"blocks-gallery-item\"><figure><a href=\"http:\/\/radioprimiciapelluhue.cl\/wp-content\/uploads\/2021\/04\/ACCIDENTE-LOS-RUILES-EL-CORTE.jpg\"><img loading=\"lazy\" decoding=\"async\" width=\"705\" height=\"1024\" src=\"http:\/\/radioprimiciapelluhue.cl\/wp-content\/uploads\/2021\/04\/ACCIDENTE-LOS-RUILES-EL-CORTE-705x1024.jpg\" alt=\"\" data-id=\"2908\" data-full-url=\"http:\/\/radioprimiciapelluhue.cl\/wp-content\/uploads\/2021\/04\/ACCIDENTE-LOS-RUILES-EL-CORTE.jpg\" data-link=\"http:\/\/radioprimiciapelluhue.cl\/?attachment_id=2908\" class=\"wp-image-2908\" srcset=\"https:\/\/radioprimiciapelluhue.cl\/wp-content\/uploads\/2021\/04\/ACCIDENTE-LOS-RUILES-EL-CORTE-705x1024.jpg 705w, https:\/\/radioprimiciapelluhue.cl\/wp-content\/uploads\/2021\/04\/ACCIDENTE-LOS-RUILES-EL-CORTE-207x300.jpg 207w, https:\/\/radioprimiciapelluhue.cl\/wp-content\/uploads\/2021\/04\/ACCIDENTE-LOS-RUILES-EL-CORTE.jpg 743w\" sizes=\"auto, (max-width: 705px) 100vw, 705px\" \/><\/a><\/figure><\/li><\/ul><\/figure>\n","protected":false},"excerpt":{"rendered":"<p>Hoy alrededor de las 18 horas un Conductor de un cami\u00f3n pierde el control chocando con barrera de contenci\u00f3n ya chocada anteriormente, sin lesionados #bomberos y #Carabineros en el lugar transito expedito con precauci\u00f3n https:\/\/web.facebook.com\/gottomania.radioprimiciapelluhue\/photos\/a.1005631509576646\/2079607032179083\/<\/p>\n","protected":false},"author":2,"featured_media":2908,"comment_status":"closed","ping_status":"closed","sticky":false,"template":"","format":"standard","meta":{"footnotes":""},"categories":[2],"tags":[],"class_list":["post-2907","post","type-post","status-publish","format-standard","has-post-thumbnail","hentry","category-noticias"],"_links":{"self":[{"href":"https:\/\/radioprimiciapelluhue.cl\/index.php?rest_route=\/wp\/v2\/posts\/2907","targetHints":{"allow":["GET"]}}],"collection":[{"href":"https:\/\/radioprimiciapelluhue.cl\/index.php?rest_route=\/wp\/v2\/posts"}],"about":[{"href":"https:\/\/radioprimiciapelluhue.cl\/index.php?rest_route=\/wp\/v2\/types\/post"}],"author":[{"embeddable":true,"href":"https:\/\/radioprimiciapelluhue.cl\/index.php?rest_route=\/wp\/v2\/users\/2"}],"replies":[{"embeddable":true,"href":"https:\/\/radioprimiciapelluhue.cl\/index.php?rest_route=%2Fwp%2Fv2%2Fcomments&post=2907"}],"version-history":[{"count":4,"href":"https:\/\/radioprimiciapelluhue.cl\/index.php?rest_route=\/wp\/v2\/posts\/2907\/revisions"}],"predecessor-version":[{"id":2912,"href":"https:\/\/radioprimiciapelluhue.cl\/index.php?rest_route=\/wp\/v2\/posts\/2907\/revisions\/2912"}],"wp:featuredmedia":[{"embeddable":true,"href":"https:\/\/radioprimiciapelluhue.cl\/index.php?rest_route=\/wp\/v2\/media\/2908"}],"wp:attachment":[{"href":"https:\/\/radioprimiciapelluhue.cl\/index.php?rest_route=%2Fwp%2Fv2%2Fmedia&parent=2907"}],"wp:term":[{"taxonomy":"category","embeddable":true,"href":"https:\/\/radioprimiciapelluhue.cl\/index.php?rest_route=%2Fwp%2Fv2%2Fcategories&post=2907"},{"taxonomy":"post_tag","embeddable":true,"href":"https:\/\/radioprimiciapelluhue.cl\/index.php?rest_route=%2Fwp%2Fv2%2Ftags&post=2907"}],"curies":[{"name":"wp","href":"https:\/\/api.w.org\/{rel}","templated":true}]}}