{"id":2918,"date":"2021-04-21T19:36:39","date_gmt":"2021-04-21T23:36:39","guid":{"rendered":"http:\/\/radioprimiciapelluhue.cl\/?p=2918"},"modified":"2021-04-21T19:36:41","modified_gmt":"2021-04-21T23:36:41","slug":"presidente-le-da-la-espalda-a-chile-ximena-rincon-lamenta-decision-de-llevar-tercer-retiro-al-tc","status":"publish","type":"post","link":"https:\/\/radioprimiciapelluhue.cl\/?p=2918","title":{"rendered":"\u201cPresidente le da la espalda a Chile\u201d: Ximena Rinc\u00f3n lamenta decisi\u00f3n de llevar tercer retiro al TC"},"content":{"rendered":"\n<p>Critic\u00f3 duramente la postura del mandatario, sobre todo en un escenario de falta de ayuda universal, tal como qued\u00f3 demostrado con el bono Clase Media. \u201cHay gente que sigue sin calificar para beneficios y me duele que el presidente no asuma que su deber es velar por todos los chilenos y chilenas\u201d, asegur\u00f3 la parlamentaria<\/p>\n\n\n\n<p>Como un hecho pol\u00edtico que le da la espalda a una inmensa cantidad de chilenos que no ha recibido ayuda del Estado en pandemia, calific\u00f3 la Senadora por el Maule y candidata presidencial de la Democracia Cristiana, Ximena Rinc\u00f3n, la decisi\u00f3n del Gobierno de llevar al Tribunal Constitucional el proyecto que permite un tercer retiro de fondos previsionales para sobrellevar la crisis sanitaria, social y econ\u00f3mica del pa\u00eds.<\/p>\n\n\n\n<p>\u201cPara que las personas entiendan, el presidente sostiene que el proyecto es inconstitucional porque aborda una materia de seguridad social. Ser\u00eda un argumento correcto si se tratase de un proyecto de ley, pero en este caso es una reforma constitucional para cambiar la carta fundamental.&nbsp; Sin embargo, esta inconstitucionalidad se salva con la sola firma del presidente, por lo que digamos las cosas como son:&nbsp; Sebasti\u00e1n Pi\u00f1era no quiere que las familias se ayuden con sus ahorros \u00bfQu\u00e9 quiere presidente? Resp\u00f3ndale a los chilenos y chilenas que no han recibido ayuda del Estado y al que su Gobierno le ayuda la \u00fanica ayuda posible\u201d, asegur\u00f3 la carta presidencial DC.<\/p>\n\n\n\n<p>A\u00f1adi\u00f3 que en el escenario de crisis sanitaria, social y econ\u00f3mica, que adem\u00e1s de ayudas universales, requiere de un pa\u00eds unido, el Presidente lo que hace es instalar un clima de polarizaci\u00f3n que no ayuda en el objetivo principal que es superar la pandemia.<\/p>\n\n\n\n<p>Por esta raz\u00f3n, recalc\u00f3 que el presidente comete un error hist\u00f3rico con una decisi\u00f3n que s\u00f3lo respalda la parte m\u00e1s dogm\u00e1tica e intransigente de la Derecha chilena.<\/p>\n\n\n\n<p><strong>\u201c<\/strong>Una inmensa mayor\u00eda no ha recibido ayuda, una inmensa mayor\u00eda no se beneficia con parche tras parche a las ayudas, una inmensa mayor\u00edave como Gobierno le da la espalda y lleva al Tribunal Constitucional el tercer retiro<strong>\u201d, sostuvo la legisladora, quien recalc\u00f3 que el proyecto <\/strong>seguir\u00e1 tramit\u00e1ndose en el Senado, por lo que llam\u00f3 a sus colegas a seguir trabajando y votar a favor del proyecto.<\/p>\n\n\n\n<figure class=\"wp-block-gallery columns-1 is-cropped wp-block-gallery-1 is-layout-flex wp-block-gallery-is-layout-flex\"><ul class=\"blocks-gallery-grid\"><li class=\"blocks-gallery-item\"><figure><a href=\"http:\/\/radioprimiciapelluhue.cl\/wp-content\/uploads\/2021\/04\/04-21-tc-tercer-retiro-scaled.jpg\"><img loading=\"lazy\" decoding=\"async\" width=\"1024\" height=\"683\" src=\"http:\/\/radioprimiciapelluhue.cl\/wp-content\/uploads\/2021\/04\/04-21-tc-tercer-retiro-1024x683.jpg\" alt=\"\" data-id=\"2919\" data-full-url=\"http:\/\/radioprimiciapelluhue.cl\/wp-content\/uploads\/2021\/04\/04-21-tc-tercer-retiro-scaled.jpg\" data-link=\"http:\/\/radioprimiciapelluhue.cl\/?attachment_id=2919\" class=\"wp-image-2919\" srcset=\"https:\/\/radioprimiciapelluhue.cl\/wp-content\/uploads\/2021\/04\/04-21-tc-tercer-retiro-1024x683.jpg 1024w, https:\/\/radioprimiciapelluhue.cl\/wp-content\/uploads\/2021\/04\/04-21-tc-tercer-retiro-300x200.jpg 300w, https:\/\/radioprimiciapelluhue.cl\/wp-content\/uploads\/2021\/04\/04-21-tc-tercer-retiro-768x512.jpg 768w, https:\/\/radioprimiciapelluhue.cl\/wp-content\/uploads\/2021\/04\/04-21-tc-tercer-retiro-1536x1024.jpg 1536w, https:\/\/radioprimiciapelluhue.cl\/wp-content\/uploads\/2021\/04\/04-21-tc-tercer-retiro-2048x1365.jpg 2048w\" sizes=\"auto, (max-width: 1024px) 100vw, 1024px\" \/><\/a><\/figure><\/li><\/ul><\/figure>\n","protected":false},"excerpt":{"rendered":"<p>Critic\u00f3 duramente la postura del mandatario, sobre todo en un escenario de falta de ayuda universal, tal como qued\u00f3 demostrado con el bono Clase Media. \u201cHay gente que sigue sin calificar para beneficios y me duele que el presidente no asuma que su deber es velar por todos los chilenos y chilenas\u201d, asegur\u00f3 la parlamentaria [&hellip;]<\/p>\n","protected":false},"author":2,"featured_media":2919,"comment_status":"closed","ping_status":"closed","sticky":false,"template":"","format":"standard","meta":{"footnotes":""},"categories":[2],"tags":[],"class_list":["post-2918","post","type-post","status-publish","format-standard","has-post-thumbnail","hentry","category-noticias"],"_links":{"self":[{"href":"https:\/\/radioprimiciapelluhue.cl\/index.php?rest_route=\/wp\/v2\/posts\/2918","targetHints":{"allow":["GET"]}}],"collection":[{"href":"https:\/\/radioprimiciapelluhue.cl\/index.php?rest_route=\/wp\/v2\/posts"}],"about":[{"href":"https:\/\/radioprimiciapelluhue.cl\/index.php?rest_route=\/wp\/v2\/types\/post"}],"author":[{"embeddable":true,"href":"https:\/\/radioprimiciapelluhue.cl\/index.php?rest_route=\/wp\/v2\/users\/2"}],"replies":[{"embeddable":true,"href":"https:\/\/radioprimiciapelluhue.cl\/index.php?rest_route=%2Fwp%2Fv2%2Fcomments&post=2918"}],"version-history":[{"count":1,"href":"https:\/\/radioprimiciapelluhue.cl\/index.php?rest_route=\/wp\/v2\/posts\/2918\/revisions"}],"predecessor-version":[{"id":2920,"href":"https:\/\/radioprimiciapelluhue.cl\/index.php?rest_route=\/wp\/v2\/posts\/2918\/revisions\/2920"}],"wp:featuredmedia":[{"embeddable":true,"href":"https:\/\/radioprimiciapelluhue.cl\/index.php?rest_route=\/wp\/v2\/media\/2919"}],"wp:attachment":[{"href":"https:\/\/radioprimiciapelluhue.cl\/index.php?rest_route=%2Fwp%2Fv2%2Fmedia&parent=2918"}],"wp:term":[{"taxonomy":"category","embeddable":true,"href":"https:\/\/radioprimiciapelluhue.cl\/index.php?rest_route=%2Fwp%2Fv2%2Fcategories&post=2918"},{"taxonomy":"post_tag","embeddable":true,"href":"https:\/\/radioprimiciapelluhue.cl\/index.php?rest_route=%2Fwp%2Fv2%2Ftags&post=2918"}],"curies":[{"name":"wp","href":"https:\/\/api.w.org\/{rel}","templated":true}]}}