{"id":2951,"date":"2021-04-24T20:06:46","date_gmt":"2021-04-25T00:06:46","guid":{"rendered":"http:\/\/radioprimiciapelluhue.cl\/?p=2951"},"modified":"2021-04-24T20:06:48","modified_gmt":"2021-04-25T00:06:48","slug":"dia-mundial-del-medico-veterinario","status":"publish","type":"post","link":"https:\/\/radioprimiciapelluhue.cl\/?p=2951","title":{"rendered":"DIA MUNDIAL DEL M\u00c9DICO VETERINARIO"},"content":{"rendered":"\n<p>Todos los a\u00f1os y el \u00faltimo fin de semana del mes de abril se celebra el d\u00eda mundial de la <a href=\"https:\/\/www.facebook.com\/hashtag\/doctora?__eep__=6&amp;__cft__%5b0%5d=AZVo6SckuGRKsRtGCGpqOEp76qfLtr880puExGU0sy3UHBY1KTkaVdDgCiFy01bgcmCD9kG48t_IFcz6l4U_IXau_cO2UXu1U9Torh6aRutvsj15-c6babF319KEaVy0VkJuRIzNz4ChWXTOhNdxO9BSOiEg1oG8Mr0KlKGcbiT68BIwTK57cq2qIVTftbHRw1o&amp;__tn__=*NK-R\">#Doctora<\/a> y <a href=\"https:\/\/www.facebook.com\/hashtag\/doctor?__eep__=6&amp;__cft__%5b0%5d=AZVo6SckuGRKsRtGCGpqOEp76qfLtr880puExGU0sy3UHBY1KTkaVdDgCiFy01bgcmCD9kG48t_IFcz6l4U_IXau_cO2UXu1U9Torh6aRutvsj15-c6babF319KEaVy0VkJuRIzNz4ChWXTOhNdxO9BSOiEg1oG8Mr0KlKGcbiT68BIwTK57cq2qIVTftbHRw1o&amp;__tn__=*NK-R\">#Doctor<\/a> <a href=\"https:\/\/www.facebook.com\/hashtag\/veterinario?__eep__=6&amp;__cft__%5b0%5d=AZVo6SckuGRKsRtGCGpqOEp76qfLtr880puExGU0sy3UHBY1KTkaVdDgCiFy01bgcmCD9kG48t_IFcz6l4U_IXau_cO2UXu1U9Torh6aRutvsj15-c6babF319KEaVy0VkJuRIzNz4ChWXTOhNdxO9BSOiEg1oG8Mr0KlKGcbiT68BIwTK57cq2qIVTftbHRw1o&amp;__tn__=*NK-R\">#Veterinario<\/a><\/p>\n\n\n\n<p>Desde <a href=\"https:\/\/www.facebook.com\/hashtag\/radioprimiciapelluhue?__eep__=6&amp;__cft__%5b0%5d=AZVo6SckuGRKsRtGCGpqOEp76qfLtr880puExGU0sy3UHBY1KTkaVdDgCiFy01bgcmCD9kG48t_IFcz6l4U_IXau_cO2UXu1U9Torh6aRutvsj15-c6babF319KEaVy0VkJuRIzNz4ChWXTOhNdxO9BSOiEg1oG8Mr0KlKGcbiT68BIwTK57cq2qIVTftbHRw1o&amp;__tn__=*NK-R\">#RadioPrimiciaPelluhue<\/a> nos sumamos en este tremendo saludo y reconocimiento a cada una y uno de ellos. <a href=\"https:\/\/www.facebook.com\/hashtag\/felicidades?__eep__=6&amp;__cft__%5b0%5d=AZVo6SckuGRKsRtGCGpqOEp76qfLtr880puExGU0sy3UHBY1KTkaVdDgCiFy01bgcmCD9kG48t_IFcz6l4U_IXau_cO2UXu1U9Torh6aRutvsj15-c6babF319KEaVy0VkJuRIzNz4ChWXTOhNdxO9BSOiEg1oG8Mr0KlKGcbiT68BIwTK57cq2qIVTftbHRw1o&amp;__tn__=*NK-R\">#Felicidades<\/a><\/p>\n\n\n\n<p><a href=\"https:\/\/www.facebook.com\/gottomania.radioprimiciapelluhue\/photos\/2081866145286505\/\">https:\/\/www.facebook.com\/gottomania.radioprimiciapelluhue\/photos\/2081866145286505\/<\/a><\/p>\n\n\n\n<figure class=\"wp-block-gallery columns-1 is-cropped wp-block-gallery-1 is-layout-flex wp-block-gallery-is-layout-flex\"><ul class=\"blocks-gallery-grid\"><li class=\"blocks-gallery-item\"><figure><a href=\"http:\/\/radioprimiciapelluhue.cl\/wp-content\/uploads\/2021\/04\/DIA-MUNDIAL-DEL-MEDICO-VETERINARIO.png\"><img loading=\"lazy\" decoding=\"async\" width=\"500\" height=\"500\" src=\"http:\/\/radioprimiciapelluhue.cl\/wp-content\/uploads\/2021\/04\/DIA-MUNDIAL-DEL-MEDICO-VETERINARIO.png\" alt=\"\" data-id=\"2952\" data-full-url=\"http:\/\/radioprimiciapelluhue.cl\/wp-content\/uploads\/2021\/04\/DIA-MUNDIAL-DEL-MEDICO-VETERINARIO.png\" data-link=\"http:\/\/radioprimiciapelluhue.cl\/?attachment_id=2952\" class=\"wp-image-2952\" srcset=\"https:\/\/radioprimiciapelluhue.cl\/wp-content\/uploads\/2021\/04\/DIA-MUNDIAL-DEL-MEDICO-VETERINARIO.png 500w, https:\/\/radioprimiciapelluhue.cl\/wp-content\/uploads\/2021\/04\/DIA-MUNDIAL-DEL-MEDICO-VETERINARIO-300x300.png 300w, https:\/\/radioprimiciapelluhue.cl\/wp-content\/uploads\/2021\/04\/DIA-MUNDIAL-DEL-MEDICO-VETERINARIO-150x150.png 150w, https:\/\/radioprimiciapelluhue.cl\/wp-content\/uploads\/2021\/04\/DIA-MUNDIAL-DEL-MEDICO-VETERINARIO-120x120.png 120w\" sizes=\"auto, (max-width: 500px) 100vw, 500px\" \/><\/a><\/figure><\/li><\/ul><\/figure>\n","protected":false},"excerpt":{"rendered":"<p>Todos los a\u00f1os y el \u00faltimo fin de semana del mes de abril se celebra el d\u00eda mundial de la #Doctora y #Doctor #Veterinario Desde #RadioPrimiciaPelluhue nos sumamos en este tremendo saludo y reconocimiento a cada una y uno de ellos. #Felicidades https:\/\/www.facebook.com\/gottomania.radioprimiciapelluhue\/photos\/2081866145286505\/<\/p>\n","protected":false},"author":2,"featured_media":2952,"comment_status":"closed","ping_status":"closed","sticky":false,"template":"","format":"standard","meta":{"footnotes":""},"categories":[2],"tags":[],"class_list":["post-2951","post","type-post","status-publish","format-standard","has-post-thumbnail","hentry","category-noticias"],"_links":{"self":[{"href":"https:\/\/radioprimiciapelluhue.cl\/index.php?rest_route=\/wp\/v2\/posts\/2951","targetHints":{"allow":["GET"]}}],"collection":[{"href":"https:\/\/radioprimiciapelluhue.cl\/index.php?rest_route=\/wp\/v2\/posts"}],"about":[{"href":"https:\/\/radioprimiciapelluhue.cl\/index.php?rest_route=\/wp\/v2\/types\/post"}],"author":[{"embeddable":true,"href":"https:\/\/radioprimiciapelluhue.cl\/index.php?rest_route=\/wp\/v2\/users\/2"}],"replies":[{"embeddable":true,"href":"https:\/\/radioprimiciapelluhue.cl\/index.php?rest_route=%2Fwp%2Fv2%2Fcomments&post=2951"}],"version-history":[{"count":1,"href":"https:\/\/radioprimiciapelluhue.cl\/index.php?rest_route=\/wp\/v2\/posts\/2951\/revisions"}],"predecessor-version":[{"id":2953,"href":"https:\/\/radioprimiciapelluhue.cl\/index.php?rest_route=\/wp\/v2\/posts\/2951\/revisions\/2953"}],"wp:featuredmedia":[{"embeddable":true,"href":"https:\/\/radioprimiciapelluhue.cl\/index.php?rest_route=\/wp\/v2\/media\/2952"}],"wp:attachment":[{"href":"https:\/\/radioprimiciapelluhue.cl\/index.php?rest_route=%2Fwp%2Fv2%2Fmedia&parent=2951"}],"wp:term":[{"taxonomy":"category","embeddable":true,"href":"https:\/\/radioprimiciapelluhue.cl\/index.php?rest_route=%2Fwp%2Fv2%2Fcategories&post=2951"},{"taxonomy":"post_tag","embeddable":true,"href":"https:\/\/radioprimiciapelluhue.cl\/index.php?rest_route=%2Fwp%2Fv2%2Ftags&post=2951"}],"curies":[{"name":"wp","href":"https:\/\/api.w.org\/{rel}","templated":true}]}}