{"id":2966,"date":"2021-04-25T14:05:21","date_gmt":"2021-04-25T18:05:21","guid":{"rendered":"http:\/\/radioprimiciapelluhue.cl\/?p=2966"},"modified":"2021-04-25T14:05:23","modified_gmt":"2021-04-25T18:05:23","slug":"fosis-continua-entregando-apoyo-para-rescatar-las-tradiciones-y-los-principales-oficios-del-maule","status":"publish","type":"post","link":"https:\/\/radioprimiciapelluhue.cl\/?p=2966","title":{"rendered":"FOSIS contin\u00faa entregando apoyo para rescatar las tradiciones y los principales oficios del Maule"},"content":{"rendered":"\n<p>Un sello distinto y un enfoque diferenciador respecto de lo hist\u00f3ricamente realizado a trav\u00e9s de los 30 a\u00f1os de vida e historia del Fondo de Solidaridad e Inversi\u00f3n Social, FOSIS, ha impuesto durante las \u00faltimas tres temporadas su actual administraci\u00f3n encabezada en el Maule por el Director Regional, Alejandro Mu\u00f1oz.<\/p>\n\n\n\n<p>Y es que \u201cal margen de dar cabida a la innovaci\u00f3n, al hecho de agregar valor a un producto, rubro o servicio determinado y a instar a no hacer m\u00e1s de lo mismo, desde que asum\u00ed la direcci\u00f3n de este servicio en nuestra regi\u00f3n hemos querido entregar oportunidades concretas y apoyar particularmente a los oficios y a las tradiciones de nuestra tierra, los cuales nos enorgullecen como maulinos y mantienen nuestra cultura, el arraigo, la identidad y las ra\u00edces de lo que somos y de d\u00f3nde venimos\u201d, recalca Mu\u00f1oz.<\/p>\n\n\n\n<p>Y es as\u00ed como en su permanente recorrido y trabajo en terreno por las 30 comunas del Maule, el propio Mu\u00f1oz ha podido detectar una serie de labores productivas que si bien es cierto son tan lindas como loables, no siempre han o est\u00e1n recibiendo el apoyo requerido para potenciarse, proyectarse y perdurar, que es precisamente el objetivo de esta nueva visi\u00f3n local del FOSIS.<\/p>\n\n\n\n<p>Prueba de ello es que \u00faltimamente este servicio dependiente del Ministerio de Desarrollo Social y Familia ha entregado capacitaciones, asesor\u00edas y recursos para la compra de maquinarias, herramientas e insumos a distintos cantores populares, artistas locales, ladrilleros, artesanos que confeccionan estribos, trabajadores en mimbre, apicultores, tejedoras, agricultores y productoras de comidas t\u00edpicas, entre otros oficios y tradiciones maulinas.<\/p>\n\n\n\n<p>\u201cPor eso nos sentimos orgullosos de contribuir como Gobierno a mantener vivo lo nuestro, para que las futuras generaciones conozcan y sepan qu\u00e9 o c\u00f3mo se hac\u00edan muchos de los productos o servicios presentes en el mercado y en la vida en general. Estamos en esa senda, detectando y pesquisando casos y seguiremos en la misma l\u00ednea para dar valor, homenajear, reconocer y resaltar lo nuestro\u201d, agrega Mu\u00f1oz, quien pese a la pandemia y adoptando los protocolos sanitarios de rigor, contin\u00faa recorriendo el Maule para apoyar a este tipo de emblem\u00e1ticos emprendimientos.<\/p>\n\n\n\n<p><a href=\"https:\/\/www.facebook.com\/1005578542915276\/posts\/2082677818538671\/?d=n\">https:\/\/www.facebook.com\/1005578542915276\/posts\/2082677818538671\/?d=n<\/a><\/p>\n\n\n\n<figure class=\"wp-block-gallery columns-3 is-cropped wp-block-gallery-1 is-layout-flex wp-block-gallery-is-layout-flex\"><ul class=\"blocks-gallery-grid\"><li class=\"blocks-gallery-item\"><figure><a href=\"http:\/\/radioprimiciapelluhue.cl\/wp-content\/uploads\/2021\/04\/IMG_8552.jpg\"><img loading=\"lazy\" decoding=\"async\" width=\"1024\" height=\"768\" src=\"http:\/\/radioprimiciapelluhue.cl\/wp-content\/uploads\/2021\/04\/IMG_8552.jpg\" alt=\"\" data-id=\"2967\" data-full-url=\"http:\/\/radioprimiciapelluhue.cl\/wp-content\/uploads\/2021\/04\/IMG_8552.jpg\" data-link=\"http:\/\/radioprimiciapelluhue.cl\/?attachment_id=2967\" class=\"wp-image-2967\" srcset=\"https:\/\/radioprimiciapelluhue.cl\/wp-content\/uploads\/2021\/04\/IMG_8552.jpg 1024w, https:\/\/radioprimiciapelluhue.cl\/wp-content\/uploads\/2021\/04\/IMG_8552-300x225.jpg 300w, https:\/\/radioprimiciapelluhue.cl\/wp-content\/uploads\/2021\/04\/IMG_8552-768x576.jpg 768w\" sizes=\"auto, (max-width: 1024px) 100vw, 1024px\" \/><\/a><\/figure><\/li><li class=\"blocks-gallery-item\"><figure><a href=\"http:\/\/radioprimiciapelluhue.cl\/wp-content\/uploads\/2021\/04\/IMG_8553.jpg\"><img loading=\"lazy\" decoding=\"async\" width=\"1024\" height=\"768\" src=\"http:\/\/radioprimiciapelluhue.cl\/wp-content\/uploads\/2021\/04\/IMG_8553.jpg\" alt=\"\" data-id=\"2968\" data-full-url=\"http:\/\/radioprimiciapelluhue.cl\/wp-content\/uploads\/2021\/04\/IMG_8553.jpg\" data-link=\"http:\/\/radioprimiciapelluhue.cl\/?attachment_id=2968\" class=\"wp-image-2968\" srcset=\"https:\/\/radioprimiciapelluhue.cl\/wp-content\/uploads\/2021\/04\/IMG_8553.jpg 1024w, https:\/\/radioprimiciapelluhue.cl\/wp-content\/uploads\/2021\/04\/IMG_8553-300x225.jpg 300w, https:\/\/radioprimiciapelluhue.cl\/wp-content\/uploads\/2021\/04\/IMG_8553-768x576.jpg 768w\" sizes=\"auto, (max-width: 1024px) 100vw, 1024px\" \/><\/a><\/figure><\/li><li class=\"blocks-gallery-item\"><figure><a href=\"http:\/\/radioprimiciapelluhue.cl\/wp-content\/uploads\/2021\/04\/IMG_8554.jpg\"><img loading=\"lazy\" decoding=\"async\" width=\"1024\" height=\"768\" src=\"http:\/\/radioprimiciapelluhue.cl\/wp-content\/uploads\/2021\/04\/IMG_8554.jpg\" alt=\"\" data-id=\"2969\" data-full-url=\"http:\/\/radioprimiciapelluhue.cl\/wp-content\/uploads\/2021\/04\/IMG_8554.jpg\" data-link=\"http:\/\/radioprimiciapelluhue.cl\/?attachment_id=2969\" class=\"wp-image-2969\" srcset=\"https:\/\/radioprimiciapelluhue.cl\/wp-content\/uploads\/2021\/04\/IMG_8554.jpg 1024w, https:\/\/radioprimiciapelluhue.cl\/wp-content\/uploads\/2021\/04\/IMG_8554-300x225.jpg 300w, https:\/\/radioprimiciapelluhue.cl\/wp-content\/uploads\/2021\/04\/IMG_8554-768x576.jpg 768w\" sizes=\"auto, (max-width: 1024px) 100vw, 1024px\" \/><\/a><\/figure><\/li><li class=\"blocks-gallery-item\"><figure><a href=\"http:\/\/radioprimiciapelluhue.cl\/wp-content\/uploads\/2021\/04\/IMG_8555.jpg\"><img loading=\"lazy\" decoding=\"async\" width=\"761\" height=\"429\" src=\"http:\/\/radioprimiciapelluhue.cl\/wp-content\/uploads\/2021\/04\/IMG_8555.jpg\" alt=\"\" data-id=\"2970\" data-full-url=\"http:\/\/radioprimiciapelluhue.cl\/wp-content\/uploads\/2021\/04\/IMG_8555.jpg\" data-link=\"http:\/\/radioprimiciapelluhue.cl\/?attachment_id=2970\" class=\"wp-image-2970\" srcset=\"https:\/\/radioprimiciapelluhue.cl\/wp-content\/uploads\/2021\/04\/IMG_8555.jpg 761w, https:\/\/radioprimiciapelluhue.cl\/wp-content\/uploads\/2021\/04\/IMG_8555-300x169.jpg 300w, https:\/\/radioprimiciapelluhue.cl\/wp-content\/uploads\/2021\/04\/IMG_8555-727x409.jpg 727w, https:\/\/radioprimiciapelluhue.cl\/wp-content\/uploads\/2021\/04\/IMG_8555-720x406.jpg 720w, https:\/\/radioprimiciapelluhue.cl\/wp-content\/uploads\/2021\/04\/IMG_8555-750x422.jpg 750w\" sizes=\"auto, (max-width: 761px) 100vw, 761px\" \/><\/a><\/figure><\/li><\/ul><\/figure>\n","protected":false},"excerpt":{"rendered":"<p>Un sello distinto y un enfoque diferenciador respecto de lo hist\u00f3ricamente realizado a trav\u00e9s de los 30 a\u00f1os de vida e historia del Fondo de Solidaridad e Inversi\u00f3n Social, FOSIS, ha impuesto durante las \u00faltimas tres temporadas su actual administraci\u00f3n encabezada en el Maule por el Director Regional, Alejandro Mu\u00f1oz. Y es que \u201cal margen [&hellip;]<\/p>\n","protected":false},"author":2,"featured_media":2971,"comment_status":"closed","ping_status":"closed","sticky":false,"template":"","format":"standard","meta":{"footnotes":""},"categories":[2],"tags":[],"class_list":["post-2966","post","type-post","status-publish","format-standard","has-post-thumbnail","hentry","category-noticias"],"_links":{"self":[{"href":"https:\/\/radioprimiciapelluhue.cl\/index.php?rest_route=\/wp\/v2\/posts\/2966","targetHints":{"allow":["GET"]}}],"collection":[{"href":"https:\/\/radioprimiciapelluhue.cl\/index.php?rest_route=\/wp\/v2\/posts"}],"about":[{"href":"https:\/\/radioprimiciapelluhue.cl\/index.php?rest_route=\/wp\/v2\/types\/post"}],"author":[{"embeddable":true,"href":"https:\/\/radioprimiciapelluhue.cl\/index.php?rest_route=\/wp\/v2\/users\/2"}],"replies":[{"embeddable":true,"href":"https:\/\/radioprimiciapelluhue.cl\/index.php?rest_route=%2Fwp%2Fv2%2Fcomments&post=2966"}],"version-history":[{"count":1,"href":"https:\/\/radioprimiciapelluhue.cl\/index.php?rest_route=\/wp\/v2\/posts\/2966\/revisions"}],"predecessor-version":[{"id":2972,"href":"https:\/\/radioprimiciapelluhue.cl\/index.php?rest_route=\/wp\/v2\/posts\/2966\/revisions\/2972"}],"wp:featuredmedia":[{"embeddable":true,"href":"https:\/\/radioprimiciapelluhue.cl\/index.php?rest_route=\/wp\/v2\/media\/2971"}],"wp:attachment":[{"href":"https:\/\/radioprimiciapelluhue.cl\/index.php?rest_route=%2Fwp%2Fv2%2Fmedia&parent=2966"}],"wp:term":[{"taxonomy":"category","embeddable":true,"href":"https:\/\/radioprimiciapelluhue.cl\/index.php?rest_route=%2Fwp%2Fv2%2Fcategories&post=2966"},{"taxonomy":"post_tag","embeddable":true,"href":"https:\/\/radioprimiciapelluhue.cl\/index.php?rest_route=%2Fwp%2Fv2%2Ftags&post=2966"}],"curies":[{"name":"wp","href":"https:\/\/api.w.org\/{rel}","templated":true}]}}