{"id":2978,"date":"2021-04-30T21:07:49","date_gmt":"2021-05-01T01:07:49","guid":{"rendered":"http:\/\/radioprimiciapelluhue.cl\/?p=2978"},"modified":"2021-05-27T22:47:57","modified_gmt":"2021-05-28T02:47:57","slug":"informe-covid19-30-de-abril-20201","status":"publish","type":"post","link":"https:\/\/radioprimiciapelluhue.cl\/?p=2978","title":{"rendered":"INFORME COVID19 30 DE ABRIL 2021"},"content":{"rendered":"\n<p>Inform\u00e9 <a href=\"https:\/\/web.facebook.com\/hashtag\/covid19?__eep__=6&amp;__cft__[0]=AZXVHxOvMa3Cj40wjWoCU6u0tTNVPExmaT4YsEs1RZiU-geE_hwfKpJnLgmvaBcsKz0YVasls1bxCOzwBlnXJMjfSOlm_JtccANXC85vL8v3VlizpsAZOua68Jv7MEOsGVprfkD5DrIaC07pPiYUQ9tar4_jBf93BZEwi-eR8TF5BYpUg0Zb8t1X2S55KC_UJu8&amp;__tn__=*NK-R\">#Covid19<\/a> de hoy 30 de abril 2021 Casos activos y fase en la Provincia Cauquenes Fase1 Cuarentena Casos activos 93Pelluhue FASE2 #Transici\u00f3n, fin de semana y festivos cuarentena, Casos Activos 13, <a href=\"https:\/\/web.facebook.com\/hashtag\/delivery?__eep__=6&amp;__cft__[0]=AZXVHxOvMa3Cj40wjWoCU6u0tTNVPExmaT4YsEs1RZiU-geE_hwfKpJnLgmvaBcsKz0YVasls1bxCOzwBlnXJMjfSOlm_JtccANXC85vL8v3VlizpsAZOua68Jv7MEOsGVprfkD5DrIaC07pPiYUQ9tar4_jBf93BZEwi-eR8TF5BYpUg0Zb8t1X2S55KC_UJu8&amp;__tn__=*NK-R\">#Delivery<\/a> Chanco FASE2 <a href=\"https:\/\/web.facebook.com\/hashtag\/transici%C3%B3n?__eep__=6&amp;__cft__[0]=AZXVHxOvMa3Cj40wjWoCU6u0tTNVPExmaT4YsEs1RZiU-geE_hwfKpJnLgmvaBcsKz0YVasls1bxCOzwBlnXJMjfSOlm_JtccANXC85vL8v3VlizpsAZOua68Jv7MEOsGVprfkD5DrIaC07pPiYUQ9tar4_jBf93BZEwi-eR8TF5BYpUg0Zb8t1X2S55KC_UJu8&amp;__tn__=*NK-R\">#Transici\u00f3n<\/a>, fin de semana y festivos cuarentena, Casos Activos 14Siga cuid\u00e1ndose use la mascarilla, alcohol gel, mantenga distancia, no se den abrazos ni salude de besos Cuid\u00e9monos entre todos<a rel=\"noreferrer noopener\" href=\"https:\/\/l.facebook.com\/l.php?u=https%3A%2F%2Fwww.gob.cl%2Fpasoapaso%2F%3Ffbclid%3DIwAR0YVmgiT0vE7vQrkdFtexSJRTWRo7moVmB_r_7zkK8w_synZunsHWbcYBg&amp;h=AT2OaDPLdd8R7lA2Dk3D6O-ZPhvcAHZcMsIkD7va5cxaoZhUDmVIUACgE4UEZiFyK0D8T_yQQ5BPmAB7Wplof8UOSNGBnjfyfEpLlSL3qH2OuNSawPgPBBGYoo-8g_uzUfDY&amp;__tn__=-UK-R&amp;c[0]=AT1DWyojYFllR9Aq17KFic8CcwDYPT7Uq73NmhoJ28jRJQSnk7hzWCJpL4hvISQ5G19Sc3jlML2ok_3En2L6_v_wt_tV5cgIHjjt9ZahDKvQVNyXDXt9owecyfRMFDZfe6Sn3yeI47ZESnpA1QBbtFcxhYqrQQuCt5_A5MQ6E20rD6k-nGmlfkFW6sHVsZ7YR327tmnw\" target=\"_blank\">https:\/\/www.gob.cl\/pasoapaso\/<\/a><\/p>\n\n\n\n<figure class=\"wp-block-gallery columns-2 is-cropped wp-block-gallery-1 is-layout-flex wp-block-gallery-is-layout-flex\"><ul class=\"blocks-gallery-grid\"><li class=\"blocks-gallery-item\"><figure><a href=\"http:\/\/radioprimiciapelluhue.cl\/wp-content\/uploads\/2021\/04\/ACTIVOS-POR-COMUNA-COVID19-30-DE-ABRIL-20201.jpg\"><img loading=\"lazy\" decoding=\"async\" width=\"277\" height=\"600\" src=\"http:\/\/radioprimiciapelluhue.cl\/wp-content\/uploads\/2021\/04\/ACTIVOS-POR-COMUNA-COVID19-30-DE-ABRIL-20201.jpg\" alt=\"\" data-id=\"2979\" data-full-url=\"http:\/\/radioprimiciapelluhue.cl\/wp-content\/uploads\/2021\/04\/ACTIVOS-POR-COMUNA-COVID19-30-DE-ABRIL-20201.jpg\" data-link=\"http:\/\/radioprimiciapelluhue.cl\/?attachment_id=2979\" class=\"wp-image-2979\" srcset=\"https:\/\/radioprimiciapelluhue.cl\/wp-content\/uploads\/2021\/04\/ACTIVOS-POR-COMUNA-COVID19-30-DE-ABRIL-20201.jpg 277w, https:\/\/radioprimiciapelluhue.cl\/wp-content\/uploads\/2021\/04\/ACTIVOS-POR-COMUNA-COVID19-30-DE-ABRIL-20201-139x300.jpg 139w\" sizes=\"auto, (max-width: 277px) 100vw, 277px\" \/><\/a><\/figure><\/li><li class=\"blocks-gallery-item\"><figure><a href=\"http:\/\/radioprimiciapelluhue.cl\/wp-content\/uploads\/2021\/04\/CONFIRMADOS-HOY-POR-COMUNA-COVID19-30-DE-ABRIL-20201.jpg\"><img loading=\"lazy\" decoding=\"async\" width=\"473\" height=\"1024\" src=\"http:\/\/radioprimiciapelluhue.cl\/wp-content\/uploads\/2021\/04\/CONFIRMADOS-HOY-POR-COMUNA-COVID19-30-DE-ABRIL-20201-473x1024.jpg\" alt=\"\" data-id=\"2980\" data-full-url=\"http:\/\/radioprimiciapelluhue.cl\/wp-content\/uploads\/2021\/04\/CONFIRMADOS-HOY-POR-COMUNA-COVID19-30-DE-ABRIL-20201.jpg\" data-link=\"http:\/\/radioprimiciapelluhue.cl\/?attachment_id=2980\" class=\"wp-image-2980\" srcset=\"https:\/\/radioprimiciapelluhue.cl\/wp-content\/uploads\/2021\/04\/CONFIRMADOS-HOY-POR-COMUNA-COVID19-30-DE-ABRIL-20201-473x1024.jpg 473w, https:\/\/radioprimiciapelluhue.cl\/wp-content\/uploads\/2021\/04\/CONFIRMADOS-HOY-POR-COMUNA-COVID19-30-DE-ABRIL-20201-139x300.jpg 139w, https:\/\/radioprimiciapelluhue.cl\/wp-content\/uploads\/2021\/04\/CONFIRMADOS-HOY-POR-COMUNA-COVID19-30-DE-ABRIL-20201-768x1663.jpg 768w, https:\/\/radioprimiciapelluhue.cl\/wp-content\/uploads\/2021\/04\/CONFIRMADOS-HOY-POR-COMUNA-COVID19-30-DE-ABRIL-20201-710x1536.jpg 710w, https:\/\/radioprimiciapelluhue.cl\/wp-content\/uploads\/2021\/04\/CONFIRMADOS-HOY-POR-COMUNA-COVID19-30-DE-ABRIL-20201.jpg 946w\" sizes=\"auto, (max-width: 473px) 100vw, 473px\" \/><\/a><\/figure><\/li><\/ul><\/figure>\n","protected":false},"excerpt":{"rendered":"<p>Inform\u00e9 #Covid19 de hoy 30 de abril 2021 Casos activos y fase en la Provincia Cauquenes Fase1 Cuarentena Casos activos 93Pelluhue FASE2 #Transici\u00f3n, fin de semana y festivos cuarentena, Casos Activos 13, #Delivery Chanco FASE2 #Transici\u00f3n, fin de semana y festivos cuarentena, Casos Activos 14Siga cuid\u00e1ndose use la mascarilla, alcohol gel, mantenga distancia, no se [&hellip;]<\/p>\n","protected":false},"author":2,"featured_media":2916,"comment_status":"closed","ping_status":"closed","sticky":false,"template":"","format":"standard","meta":{"footnotes":""},"categories":[57],"tags":[],"class_list":["post-2978","post","type-post","status-publish","format-standard","has-post-thumbnail","hentry","category-covid19"],"_links":{"self":[{"href":"https:\/\/radioprimiciapelluhue.cl\/index.php?rest_route=\/wp\/v2\/posts\/2978","targetHints":{"allow":["GET"]}}],"collection":[{"href":"https:\/\/radioprimiciapelluhue.cl\/index.php?rest_route=\/wp\/v2\/posts"}],"about":[{"href":"https:\/\/radioprimiciapelluhue.cl\/index.php?rest_route=\/wp\/v2\/types\/post"}],"author":[{"embeddable":true,"href":"https:\/\/radioprimiciapelluhue.cl\/index.php?rest_route=\/wp\/v2\/users\/2"}],"replies":[{"embeddable":true,"href":"https:\/\/radioprimiciapelluhue.cl\/index.php?rest_route=%2Fwp%2Fv2%2Fcomments&post=2978"}],"version-history":[{"count":2,"href":"https:\/\/radioprimiciapelluhue.cl\/index.php?rest_route=\/wp\/v2\/posts\/2978\/revisions"}],"predecessor-version":[{"id":2982,"href":"https:\/\/radioprimiciapelluhue.cl\/index.php?rest_route=\/wp\/v2\/posts\/2978\/revisions\/2982"}],"wp:featuredmedia":[{"embeddable":true,"href":"https:\/\/radioprimiciapelluhue.cl\/index.php?rest_route=\/wp\/v2\/media\/2916"}],"wp:attachment":[{"href":"https:\/\/radioprimiciapelluhue.cl\/index.php?rest_route=%2Fwp%2Fv2%2Fmedia&parent=2978"}],"wp:term":[{"taxonomy":"category","embeddable":true,"href":"https:\/\/radioprimiciapelluhue.cl\/index.php?rest_route=%2Fwp%2Fv2%2Fcategories&post=2978"},{"taxonomy":"post_tag","embeddable":true,"href":"https:\/\/radioprimiciapelluhue.cl\/index.php?rest_route=%2Fwp%2Fv2%2Ftags&post=2978"}],"curies":[{"name":"wp","href":"https:\/\/api.w.org\/{rel}","templated":true}]}}