{"id":2985,"date":"2021-05-02T18:25:47","date_gmt":"2021-05-02T22:25:47","guid":{"rendered":"http:\/\/radioprimiciapelluhue.cl\/?p=2985"},"modified":"2021-05-02T18:25:50","modified_gmt":"2021-05-02T22:25:50","slug":"pcs-gratuitos-del-gobierno-02-de-mayo-2021-y-plan-solidario-de-conectividad","status":"publish","type":"post","link":"https:\/\/radioprimiciapelluhue.cl\/?p=2985","title":{"rendered":"PC\u00b4s gratuitos del Gobierno 02 de mayo 2021 y Plan Solidario de Conectividad"},"content":{"rendered":"\n<p>Si necesitas ayuda h\u00e1blame al whatsap +569 84496192 para poder revisar si te corresponde<\/p>\n\n\n\n<p>Fechas de entrega del computador gratuito<\/p>\n\n\n\n<p>Estudiantes con Necesidades Educativas Especiales<\/p>\n\n\n\n<p>\u2013 Deben estar matriculados en 7\u00b0 a\u00f1o de ense\u00f1anza especial a marzo de 2021, en alg\u00fan establecimiento educacional del sistema subvencionado.<\/p>\n\n\n\n<p>\u2013 No deben haber sido beneficiarios de las Becas TIC (programas \u201cYo Elijo mi PC\u201d o \u201cMe Conecto para Aprender\u201d) durante a\u00f1os anteriores (2014 al 2020).<\/p>\n\n\n\n<p>Estudiantes de colegios p\u00fablicos<\/p>\n\n\n\n<p>\u2013 Estar matriculados en 7\u00b0 a\u00f1o de ense\u00f1anza b\u00e1sica regular en un establecimiento p\u00fablico.<\/p>\n\n\n\n<p>\u2013 La preselecci\u00f3n considera a los alumnos matriculados en 6\u00ba b\u00e1sico cursado y aprobado, en un establecimiento p\u00fablico durante el a\u00f1o 2020.<\/p>\n\n\n\n<p>\u2013 La selecci\u00f3n definitiva de los estudiantes se realizar\u00e1 verificando que se encuentren matriculados en 7\u00ba b\u00e1sico al mes de marzo de 2021, en establecimientos educacionales del sistema p\u00fablico.<\/p>\n\n\n\n<p>\u2013 No deben haber sido beneficiarios de las Becas TIC (programas \u201cYo Elijo mi PC\u201d o \u201cMe Conecto para Aprender\u201d) durante a\u00f1os anteriores (2014 al 2020).<\/p>\n\n\n\n<p>\u00bfC\u00f3mo saber si soy beneficiario?<\/p>\n\n\n\n<p>Para saber si tu hijo\/a es beneficiario de las becas TIC de Junaeb debes ingresar al siguiente enlace<\/p>\n\n\n\n<p><a href=\"https:\/\/beneficiario.yoelijomipc.cl\/yempc_beneficiario\/\">https:\/\/beneficiario.yoelijomipc.cl\/yempc_beneficiario\/<\/a><\/p>\n\n\n\n<p>La entrega del computador, que cuenta con Banda Ancha M\u00f3vil, se realizar\u00e1 a partir del mes de mayo de 2021. El respectivo establecimiento educacional comunicar\u00e1 la fecha y lugar donde se entregar\u00e1 el equipo<\/p>\n\n\n\n<p>y recuerda tambi\u00e9n el Plan Solidario de Conectividad y en este link puedes ver<a href=\"https:\/\/www.chileatiende.gob.cl\/fichas\/77607-plan-solidario-de-conectividad?fbclid=IwAR1tHziROA0SE9OJMkiL5H2sJfeKDXJg6vXN0WYu4AR8tfHF3Qh759NnZqk\">https:\/\/www.chileatiende.gob.cl\/fichas\/77607-plan-solidario-de-conectividad?fbclid=IwAR1tHziROA0SE9OJMkiL5H2sJfeKDXJg6vXN0WYu4AR8tfHF3Qh759NnZqk<\/a><\/p>\n\n\n\n<p><a href=\"https:\/\/www.facebook.com\/1005578542915276\/posts\/2088606641279122\/?d=n\">https:\/\/www.facebook.com\/1005578542915276\/posts\/2088606641279122\/?d=n<\/a><\/p>\n\n\n\n<figure class=\"wp-block-gallery columns-2 is-cropped wp-block-gallery-1 is-layout-flex wp-block-gallery-is-layout-flex\"><ul class=\"blocks-gallery-grid\"><li class=\"blocks-gallery-item\"><figure><a href=\"http:\/\/radioprimiciapelluhue.cl\/wp-content\/uploads\/2021\/05\/computador-del-gobierno-2021.jpeg\"><img loading=\"lazy\" decoding=\"async\" width=\"1024\" height=\"768\" src=\"http:\/\/radioprimiciapelluhue.cl\/wp-content\/uploads\/2021\/05\/computador-del-gobierno-2021-1024x768.jpeg\" alt=\"\" data-id=\"2986\" data-full-url=\"http:\/\/radioprimiciapelluhue.cl\/wp-content\/uploads\/2021\/05\/computador-del-gobierno-2021.jpeg\" data-link=\"http:\/\/radioprimiciapelluhue.cl\/?attachment_id=2986\" class=\"wp-image-2986\" srcset=\"https:\/\/radioprimiciapelluhue.cl\/wp-content\/uploads\/2021\/05\/computador-del-gobierno-2021-1024x768.jpeg 1024w, https:\/\/radioprimiciapelluhue.cl\/wp-content\/uploads\/2021\/05\/computador-del-gobierno-2021-300x225.jpeg 300w, https:\/\/radioprimiciapelluhue.cl\/wp-content\/uploads\/2021\/05\/computador-del-gobierno-2021-768x576.jpeg 768w, https:\/\/radioprimiciapelluhue.cl\/wp-content\/uploads\/2021\/05\/computador-del-gobierno-2021.jpeg 1280w\" sizes=\"auto, (max-width: 1024px) 100vw, 1024px\" \/><\/a><\/figure><\/li><li class=\"blocks-gallery-item\"><figure><a href=\"http:\/\/radioprimiciapelluhue.cl\/wp-content\/uploads\/2021\/05\/plan-solidario-de-conectividaddd.jpeg\"><img loading=\"lazy\" decoding=\"async\" width=\"1024\" height=\"576\" src=\"http:\/\/radioprimiciapelluhue.cl\/wp-content\/uploads\/2021\/05\/plan-solidario-de-conectividaddd-1024x576.jpeg\" alt=\"\" data-id=\"2987\" data-full-url=\"http:\/\/radioprimiciapelluhue.cl\/wp-content\/uploads\/2021\/05\/plan-solidario-de-conectividaddd.jpeg\" data-link=\"http:\/\/radioprimiciapelluhue.cl\/?attachment_id=2987\" class=\"wp-image-2987\" srcset=\"https:\/\/radioprimiciapelluhue.cl\/wp-content\/uploads\/2021\/05\/plan-solidario-de-conectividaddd-1024x576.jpeg 1024w, https:\/\/radioprimiciapelluhue.cl\/wp-content\/uploads\/2021\/05\/plan-solidario-de-conectividaddd-300x169.jpeg 300w, https:\/\/radioprimiciapelluhue.cl\/wp-content\/uploads\/2021\/05\/plan-solidario-de-conectividaddd-768x432.jpeg 768w, https:\/\/radioprimiciapelluhue.cl\/wp-content\/uploads\/2021\/05\/plan-solidario-de-conectividaddd-727x409.jpeg 727w, https:\/\/radioprimiciapelluhue.cl\/wp-content\/uploads\/2021\/05\/plan-solidario-de-conectividaddd-1110x624.jpeg 1110w, https:\/\/radioprimiciapelluhue.cl\/wp-content\/uploads\/2021\/05\/plan-solidario-de-conectividaddd-720x406.jpeg 720w, https:\/\/radioprimiciapelluhue.cl\/wp-content\/uploads\/2021\/05\/plan-solidario-de-conectividaddd-750x422.jpeg 750w, https:\/\/radioprimiciapelluhue.cl\/wp-content\/uploads\/2021\/05\/plan-solidario-de-conectividaddd.jpeg 1200w\" sizes=\"auto, (max-width: 1024px) 100vw, 1024px\" \/><\/a><\/figure><\/li><\/ul><\/figure>\n","protected":false},"excerpt":{"rendered":"<p>Si necesitas ayuda h\u00e1blame al whatsap +569 84496192 para poder revisar si te corresponde Fechas de entrega del computador gratuito Estudiantes con Necesidades Educativas Especiales \u2013 Deben estar matriculados en 7\u00b0 a\u00f1o de ense\u00f1anza especial a marzo de 2021, en alg\u00fan establecimiento educacional del sistema subvencionado. \u2013 No deben haber sido beneficiarios de las Becas [&hellip;]<\/p>\n","protected":false},"author":2,"featured_media":2988,"comment_status":"closed","ping_status":"closed","sticky":false,"template":"","format":"standard","meta":{"footnotes":""},"categories":[56],"tags":[],"class_list":["post-2985","post","type-post","status-publish","format-standard","has-post-thumbnail","hentry","category-educacion"],"_links":{"self":[{"href":"https:\/\/radioprimiciapelluhue.cl\/index.php?rest_route=\/wp\/v2\/posts\/2985","targetHints":{"allow":["GET"]}}],"collection":[{"href":"https:\/\/radioprimiciapelluhue.cl\/index.php?rest_route=\/wp\/v2\/posts"}],"about":[{"href":"https:\/\/radioprimiciapelluhue.cl\/index.php?rest_route=\/wp\/v2\/types\/post"}],"author":[{"embeddable":true,"href":"https:\/\/radioprimiciapelluhue.cl\/index.php?rest_route=\/wp\/v2\/users\/2"}],"replies":[{"embeddable":true,"href":"https:\/\/radioprimiciapelluhue.cl\/index.php?rest_route=%2Fwp%2Fv2%2Fcomments&post=2985"}],"version-history":[{"count":1,"href":"https:\/\/radioprimiciapelluhue.cl\/index.php?rest_route=\/wp\/v2\/posts\/2985\/revisions"}],"predecessor-version":[{"id":2989,"href":"https:\/\/radioprimiciapelluhue.cl\/index.php?rest_route=\/wp\/v2\/posts\/2985\/revisions\/2989"}],"wp:featuredmedia":[{"embeddable":true,"href":"https:\/\/radioprimiciapelluhue.cl\/index.php?rest_route=\/wp\/v2\/media\/2988"}],"wp:attachment":[{"href":"https:\/\/radioprimiciapelluhue.cl\/index.php?rest_route=%2Fwp%2Fv2%2Fmedia&parent=2985"}],"wp:term":[{"taxonomy":"category","embeddable":true,"href":"https:\/\/radioprimiciapelluhue.cl\/index.php?rest_route=%2Fwp%2Fv2%2Fcategories&post=2985"},{"taxonomy":"post_tag","embeddable":true,"href":"https:\/\/radioprimiciapelluhue.cl\/index.php?rest_route=%2Fwp%2Fv2%2Ftags&post=2985"}],"curies":[{"name":"wp","href":"https:\/\/api.w.org\/{rel}","templated":true}]}}