{"id":2998,"date":"2021-05-04T22:58:53","date_gmt":"2021-05-05T02:58:53","guid":{"rendered":"http:\/\/radioprimiciapelluhue.cl\/?p=2998"},"modified":"2021-05-27T22:46:24","modified_gmt":"2021-05-28T02:46:24","slug":"informe-covid19-de-hoy-04-de-mayo-2021","status":"publish","type":"post","link":"https:\/\/radioprimiciapelluhue.cl\/?p=2998","title":{"rendered":"Inform\u00e9 #Covid19 de hoy 04 de Mayo 2021"},"content":{"rendered":"\n<p>Casos activos y fase en la Provincia Cauquenes Fase1 Cuarentena Casos activos 94<\/p>\n\n\n\n<p>Pelluhue FASE2 #Transici\u00f3n, fin de semana y festivos cuarentena, Casos Activos 09, <a href=\"https:\/\/web.facebook.com\/hashtag\/delivery?__eep__=6&amp;__cft__[0]=AZXudsywMrv2BCvZ7-USB9_UwrU9A8VT0T-FsCygG-dNg7x26dGErVsnYNqK5cWIvY_wteuzpSdhi0FLnX3knAWNYpWkovqRcmqWirNr6P4MrRAjcH4lV5mzac-vKWo-k-dRPASieId6p50kZxV67s6HdPMqJYqUavzoQwBKra-OcFMq-z4jTc573OP2cdBdOQs&amp;__tn__=*NK-R\">#Delivery<\/a><\/p>\n\n\n\n<p> Chanco FASE2 <a href=\"https:\/\/web.facebook.com\/hashtag\/transici%C3%B3n?__eep__=6&amp;__cft__[0]=AZXudsywMrv2BCvZ7-USB9_UwrU9A8VT0T-FsCygG-dNg7x26dGErVsnYNqK5cWIvY_wteuzpSdhi0FLnX3knAWNYpWkovqRcmqWirNr6P4MrRAjcH4lV5mzac-vKWo-k-dRPASieId6p50kZxV67s6HdPMqJYqUavzoQwBKra-OcFMq-z4jTc573OP2cdBdOQs&amp;__tn__=*NK-R\">#Transici\u00f3n<\/a>, fin de semana y festivos cuarentena, Casos Activos 09<\/p>\n\n\n\n<p>Siga cuid\u00e1ndose use la mascarilla, alcohol gel, mantenga distancia, no se den abrazos ni salude de besos Cuid\u00e9monos entre todos <\/p>\n\n\n\n<p><a rel=\"noreferrer noopener\" href=\"https:\/\/www.gob.cl\/pasoapaso\/?fbclid=IwAR29amYUvbL8AX9Art6LhaVqjBP9S3vPwzfNPUufrTfAt9vjF8VETtwvxks\" target=\"_blank\">https:\/\/www.gob.cl\/pasoapaso\/<\/a><\/p>\n\n\n\n<p><a href=\"https:\/\/web.facebook.com\/1005578542915276\/posts\/2090496384423481\/?d=n&amp;_rdc=1&amp;_rdr\">https:\/\/web.facebook.com\/1005578542915276\/posts\/2090496384423481\/?d=n&amp;_rdc=1&amp;_rdr<\/a><\/p>\n\n\n\n<figure class=\"wp-block-gallery columns-2 is-cropped wp-block-gallery-1 is-layout-flex wp-block-gallery-is-layout-flex\"><ul class=\"blocks-gallery-grid\"><li class=\"blocks-gallery-item\"><figure><a href=\"http:\/\/radioprimiciapelluhue.cl\/wp-content\/uploads\/2021\/05\/ACTIVOS-COVID19-04-DE-MAYO-20201.jpg\"><img loading=\"lazy\" decoding=\"async\" width=\"277\" height=\"600\" src=\"http:\/\/radioprimiciapelluhue.cl\/wp-content\/uploads\/2021\/05\/ACTIVOS-COVID19-04-DE-MAYO-20201.jpg\" alt=\"\" data-id=\"2999\" data-full-url=\"http:\/\/radioprimiciapelluhue.cl\/wp-content\/uploads\/2021\/05\/ACTIVOS-COVID19-04-DE-MAYO-20201.jpg\" data-link=\"http:\/\/radioprimiciapelluhue.cl\/?attachment_id=2999\" class=\"wp-image-2999\" srcset=\"https:\/\/radioprimiciapelluhue.cl\/wp-content\/uploads\/2021\/05\/ACTIVOS-COVID19-04-DE-MAYO-20201.jpg 277w, https:\/\/radioprimiciapelluhue.cl\/wp-content\/uploads\/2021\/05\/ACTIVOS-COVID19-04-DE-MAYO-20201-139x300.jpg 139w\" sizes=\"auto, (max-width: 277px) 100vw, 277px\" \/><\/a><\/figure><\/li><li class=\"blocks-gallery-item\"><figure><a href=\"http:\/\/radioprimiciapelluhue.cl\/wp-content\/uploads\/2021\/05\/CONFIRMADOS-COVID19-02-DE-MAYO-20201.jpg\"><img loading=\"lazy\" decoding=\"async\" width=\"473\" height=\"1024\" src=\"http:\/\/radioprimiciapelluhue.cl\/wp-content\/uploads\/2021\/05\/CONFIRMADOS-COVID19-02-DE-MAYO-20201-473x1024.jpg\" alt=\"\" data-id=\"3000\" data-full-url=\"http:\/\/radioprimiciapelluhue.cl\/wp-content\/uploads\/2021\/05\/CONFIRMADOS-COVID19-02-DE-MAYO-20201.jpg\" data-link=\"http:\/\/radioprimiciapelluhue.cl\/?attachment_id=3000\" class=\"wp-image-3000\" srcset=\"https:\/\/radioprimiciapelluhue.cl\/wp-content\/uploads\/2021\/05\/CONFIRMADOS-COVID19-02-DE-MAYO-20201-473x1024.jpg 473w, https:\/\/radioprimiciapelluhue.cl\/wp-content\/uploads\/2021\/05\/CONFIRMADOS-COVID19-02-DE-MAYO-20201-139x300.jpg 139w, https:\/\/radioprimiciapelluhue.cl\/wp-content\/uploads\/2021\/05\/CONFIRMADOS-COVID19-02-DE-MAYO-20201-768x1663.jpg 768w, https:\/\/radioprimiciapelluhue.cl\/wp-content\/uploads\/2021\/05\/CONFIRMADOS-COVID19-02-DE-MAYO-20201-710x1536.jpg 710w, https:\/\/radioprimiciapelluhue.cl\/wp-content\/uploads\/2021\/05\/CONFIRMADOS-COVID19-02-DE-MAYO-20201.jpg 946w\" sizes=\"auto, (max-width: 473px) 100vw, 473px\" \/><\/a><\/figure><\/li><\/ul><\/figure>\n","protected":false},"excerpt":{"rendered":"<p>Casos activos y fase en la Provincia Cauquenes Fase1 Cuarentena Casos activos 94 Pelluhue FASE2 #Transici\u00f3n, fin de semana y festivos cuarentena, Casos Activos 09, #Delivery Chanco FASE2 #Transici\u00f3n, fin de semana y festivos cuarentena, Casos Activos 09 Siga cuid\u00e1ndose use la mascarilla, alcohol gel, mantenga distancia, no se den abrazos ni salude de besos [&hellip;]<\/p>\n","protected":false},"author":2,"featured_media":2916,"comment_status":"closed","ping_status":"closed","sticky":false,"template":"","format":"standard","meta":{"footnotes":""},"categories":[57],"tags":[],"class_list":["post-2998","post","type-post","status-publish","format-standard","has-post-thumbnail","hentry","category-covid19"],"_links":{"self":[{"href":"https:\/\/radioprimiciapelluhue.cl\/index.php?rest_route=\/wp\/v2\/posts\/2998","targetHints":{"allow":["GET"]}}],"collection":[{"href":"https:\/\/radioprimiciapelluhue.cl\/index.php?rest_route=\/wp\/v2\/posts"}],"about":[{"href":"https:\/\/radioprimiciapelluhue.cl\/index.php?rest_route=\/wp\/v2\/types\/post"}],"author":[{"embeddable":true,"href":"https:\/\/radioprimiciapelluhue.cl\/index.php?rest_route=\/wp\/v2\/users\/2"}],"replies":[{"embeddable":true,"href":"https:\/\/radioprimiciapelluhue.cl\/index.php?rest_route=%2Fwp%2Fv2%2Fcomments&post=2998"}],"version-history":[{"count":1,"href":"https:\/\/radioprimiciapelluhue.cl\/index.php?rest_route=\/wp\/v2\/posts\/2998\/revisions"}],"predecessor-version":[{"id":3001,"href":"https:\/\/radioprimiciapelluhue.cl\/index.php?rest_route=\/wp\/v2\/posts\/2998\/revisions\/3001"}],"wp:featuredmedia":[{"embeddable":true,"href":"https:\/\/radioprimiciapelluhue.cl\/index.php?rest_route=\/wp\/v2\/media\/2916"}],"wp:attachment":[{"href":"https:\/\/radioprimiciapelluhue.cl\/index.php?rest_route=%2Fwp%2Fv2%2Fmedia&parent=2998"}],"wp:term":[{"taxonomy":"category","embeddable":true,"href":"https:\/\/radioprimiciapelluhue.cl\/index.php?rest_route=%2Fwp%2Fv2%2Fcategories&post=2998"},{"taxonomy":"post_tag","embeddable":true,"href":"https:\/\/radioprimiciapelluhue.cl\/index.php?rest_route=%2Fwp%2Fv2%2Ftags&post=2998"}],"curies":[{"name":"wp","href":"https:\/\/api.w.org\/{rel}","templated":true}]}}