{"id":3072,"date":"2021-05-26T20:43:02","date_gmt":"2021-05-27T00:43:02","guid":{"rendered":"http:\/\/radioprimiciapelluhue.cl\/?p=3072"},"modified":"2021-05-26T20:43:03","modified_gmt":"2021-05-27T00:43:03","slug":"voto-obligatorio","status":"publish","type":"post","link":"https:\/\/radioprimiciapelluhue.cl\/?p=3072","title":{"rendered":"VOTO OBLIGATORIO"},"content":{"rendered":"\n<p>Est\u00e1s de acuerdo que regresen las votaciones obligatorias? C\u00e1mara de Diputados aprob\u00f3 el proyecto para reponerlo en las elecciones <\/p>\n\n\n\n<p>Fuente ADNRADIO<\/p>\n\n\n\n<p><a href=\"https:\/\/www.adnradio.cl\/politica\/2021\/05\/26\/voto-obligatorio-camara-diputados-reponer-elecciones.html?amp=1&amp;source_view=app\">https:\/\/www.adnradio.cl\/politica\/2021\/05\/26\/voto-obligatorio-camara-diputados-reponer-elecciones.html?amp=1&amp;source_view=app<\/a><\/p>\n\n\n\n<figure class=\"wp-block-gallery columns-1 is-cropped wp-block-gallery-1 is-layout-flex wp-block-gallery-is-layout-flex\"><ul class=\"blocks-gallery-grid\"><li class=\"blocks-gallery-item\"><figure><a href=\"http:\/\/radioprimiciapelluhue.cl\/wp-content\/uploads\/2021\/05\/FUENTE-ADN-RADIO.jpg\"><img loading=\"lazy\" decoding=\"async\" width=\"1024\" height=\"576\" src=\"http:\/\/radioprimiciapelluhue.cl\/wp-content\/uploads\/2021\/05\/FUENTE-ADN-RADIO-1024x576.jpg\" alt=\"\" data-id=\"3073\" data-full-url=\"http:\/\/radioprimiciapelluhue.cl\/wp-content\/uploads\/2021\/05\/FUENTE-ADN-RADIO.jpg\" data-link=\"http:\/\/radioprimiciapelluhue.cl\/?attachment_id=3073\" class=\"wp-image-3073\" srcset=\"https:\/\/radioprimiciapelluhue.cl\/wp-content\/uploads\/2021\/05\/FUENTE-ADN-RADIO-1024x576.jpg 1024w, https:\/\/radioprimiciapelluhue.cl\/wp-content\/uploads\/2021\/05\/FUENTE-ADN-RADIO-300x169.jpg 300w, https:\/\/radioprimiciapelluhue.cl\/wp-content\/uploads\/2021\/05\/FUENTE-ADN-RADIO-768x432.jpg 768w, https:\/\/radioprimiciapelluhue.cl\/wp-content\/uploads\/2021\/05\/FUENTE-ADN-RADIO-727x409.jpg 727w, https:\/\/radioprimiciapelluhue.cl\/wp-content\/uploads\/2021\/05\/FUENTE-ADN-RADIO-1110x624.jpg 1110w, https:\/\/radioprimiciapelluhue.cl\/wp-content\/uploads\/2021\/05\/FUENTE-ADN-RADIO-720x406.jpg 720w, https:\/\/radioprimiciapelluhue.cl\/wp-content\/uploads\/2021\/05\/FUENTE-ADN-RADIO-750x422.jpg 750w, https:\/\/radioprimiciapelluhue.cl\/wp-content\/uploads\/2021\/05\/FUENTE-ADN-RADIO.jpg 1366w\" sizes=\"auto, (max-width: 1024px) 100vw, 1024px\" \/><\/a><\/figure><\/li><\/ul><\/figure>\n","protected":false},"excerpt":{"rendered":"<p>Est\u00e1s de acuerdo que regresen las votaciones obligatorias? C\u00e1mara de Diputados aprob\u00f3 el proyecto para reponerlo en las elecciones Fuente ADNRADIO https:\/\/www.adnradio.cl\/politica\/2021\/05\/26\/voto-obligatorio-camara-diputados-reponer-elecciones.html?amp=1&amp;source_view=app<\/p>\n","protected":false},"author":2,"featured_media":3074,"comment_status":"closed","ping_status":"closed","sticky":false,"template":"","format":"standard","meta":{"footnotes":""},"categories":[2],"tags":[],"class_list":["post-3072","post","type-post","status-publish","format-standard","has-post-thumbnail","hentry","category-noticias"],"_links":{"self":[{"href":"https:\/\/radioprimiciapelluhue.cl\/index.php?rest_route=\/wp\/v2\/posts\/3072","targetHints":{"allow":["GET"]}}],"collection":[{"href":"https:\/\/radioprimiciapelluhue.cl\/index.php?rest_route=\/wp\/v2\/posts"}],"about":[{"href":"https:\/\/radioprimiciapelluhue.cl\/index.php?rest_route=\/wp\/v2\/types\/post"}],"author":[{"embeddable":true,"href":"https:\/\/radioprimiciapelluhue.cl\/index.php?rest_route=\/wp\/v2\/users\/2"}],"replies":[{"embeddable":true,"href":"https:\/\/radioprimiciapelluhue.cl\/index.php?rest_route=%2Fwp%2Fv2%2Fcomments&post=3072"}],"version-history":[{"count":1,"href":"https:\/\/radioprimiciapelluhue.cl\/index.php?rest_route=\/wp\/v2\/posts\/3072\/revisions"}],"predecessor-version":[{"id":3075,"href":"https:\/\/radioprimiciapelluhue.cl\/index.php?rest_route=\/wp\/v2\/posts\/3072\/revisions\/3075"}],"wp:featuredmedia":[{"embeddable":true,"href":"https:\/\/radioprimiciapelluhue.cl\/index.php?rest_route=\/wp\/v2\/media\/3074"}],"wp:attachment":[{"href":"https:\/\/radioprimiciapelluhue.cl\/index.php?rest_route=%2Fwp%2Fv2%2Fmedia&parent=3072"}],"wp:term":[{"taxonomy":"category","embeddable":true,"href":"https:\/\/radioprimiciapelluhue.cl\/index.php?rest_route=%2Fwp%2Fv2%2Fcategories&post=3072"},{"taxonomy":"post_tag","embeddable":true,"href":"https:\/\/radioprimiciapelluhue.cl\/index.php?rest_route=%2Fwp%2Fv2%2Ftags&post=3072"}],"curies":[{"name":"wp","href":"https:\/\/api.w.org\/{rel}","templated":true}]}}