{"id":3086,"date":"2021-05-30T17:01:15","date_gmt":"2021-05-30T21:01:15","guid":{"rendered":"http:\/\/radioprimiciapelluhue.cl\/?p=3086"},"modified":"2021-05-30T17:01:16","modified_gmt":"2021-05-30T21:01:16","slug":"carabineros-ha-realizado-185-778-fiscalizaciones-en-los-47-dias-de-cuarentena-en-parral","status":"publish","type":"post","link":"https:\/\/radioprimiciapelluhue.cl\/?p=3086","title":{"rendered":"CARABINEROS HA REALIZADO 185.778   FISCALIZACIONES EN LOS 47 D\u00cdAS DE CUARENTENA EN PARRAL."},"content":{"rendered":"\n<p><em>La comuna se encuentra en Fase1 desde el d\u00eda 10 de abril del presente a\u00f1o.<\/em><\/p>\n\n\n\n<p>La comuna de Parral desde el10 de abril del presente a\u00f1o, ha estado en Fase 1 o Cuarentena total, tras estos d\u00edas la labor de Carabineros ha sido fundamental en el quehacer del resguardo y fiscalizaciones para que la comunidad cumpla con las normas establecidas por la autoridad sanitaria durante la cuarentena, a diferencia de las comunas de Linares que ya se encuentra en Fase 2, Chanco en Fase 3, San Javier en Fase 2 y Cauquenes en Fase 2.<\/p>\n\n\n\n<p>Durante este periodo el trabajo de seguridad ha sido intenso y arduo, en el que Carabineros de la 3era. Comisar\u00eda junto con funcionarios del ej\u00e9rcito de chile y municipales, adem\u00e1s del personal de salud se han desplegado diariamente en los distintos puntos de control, con el objeto de verificar que las personas que transitan por estos lugares lo realicen con la documentaci\u00f3n respectiva, como tambi\u00e9n a la ciudadan\u00eda que circula por las calles de la ciudad y su entorno.<\/p>\n\n\n\n<p>Las fiscalizaciones realizadas en este periodo han alcanzado la cifra de 185 mil 778, entre veh\u00edculos y personas y se han detenido 53 individuos por infracci\u00f3n al toque de queda.<\/p>\n\n\n\n<p>El Comisario de la 3era. Comisar\u00eda de Parral, Mayor Sergio Figueroa destac\u00f3 la labor ejecuta de manera coordinada con los estamentos relacionados durante los 47 d\u00edas de cuarentena \u201cDe manera permanente se realizan controles, entre autom\u00f3viles y personas, en un trabajo realizado por Carabineros junto con personal de ej\u00e9rcito de Chile, funcionarios de salud y municipal. El llamado por parte de Carabineros de Chile es a organizarse para desarrollar su tramites, cumpliendo con la documentaci\u00f3n para transitar, conservando las medidas sanitarias exigidas durante la pandemia del Coronavirus, Seguiremos estando 24\/7 al servicio de a los vecinos, para brindar seguridad y hacer cumplir con las exigencias implantadas por la autoridad en tiempos de pandemia\u201d finaliz\u00f3 el oficial.<\/p>\n\n\n\n<p><strong>CARABINEROS DE CHILE, ORDEN Y PATRIA.<\/strong><\/p>\n\n\n\n<figure class=\"wp-block-gallery columns-1 is-cropped wp-block-gallery-1 is-layout-flex wp-block-gallery-is-layout-flex\"><ul class=\"blocks-gallery-grid\"><li class=\"blocks-gallery-item\"><figure><a href=\"http:\/\/radioprimiciapelluhue.cl\/wp-content\/uploads\/2021\/05\/PARRAL.jpg\"><img loading=\"lazy\" decoding=\"async\" width=\"768\" height=\"1024\" src=\"http:\/\/radioprimiciapelluhue.cl\/wp-content\/uploads\/2021\/05\/PARRAL-768x1024.jpg\" alt=\"\" data-id=\"3087\" data-full-url=\"http:\/\/radioprimiciapelluhue.cl\/wp-content\/uploads\/2021\/05\/PARRAL.jpg\" data-link=\"http:\/\/radioprimiciapelluhue.cl\/?attachment_id=3087\" class=\"wp-image-3087\" srcset=\"https:\/\/radioprimiciapelluhue.cl\/wp-content\/uploads\/2021\/05\/PARRAL-768x1024.jpg 768w, https:\/\/radioprimiciapelluhue.cl\/wp-content\/uploads\/2021\/05\/PARRAL-225x300.jpg 225w, https:\/\/radioprimiciapelluhue.cl\/wp-content\/uploads\/2021\/05\/PARRAL.jpg 960w\" sizes=\"auto, (max-width: 768px) 100vw, 768px\" \/><\/a><\/figure><\/li><\/ul><\/figure>\n","protected":false},"excerpt":{"rendered":"<p>La comuna se encuentra en Fase1 desde el d\u00eda 10 de abril del presente a\u00f1o. La comuna de Parral desde el10 de abril del presente a\u00f1o, ha estado en Fase 1 o Cuarentena total, tras estos d\u00edas la labor de Carabineros ha sido fundamental en el quehacer del resguardo y fiscalizaciones para que la comunidad [&hellip;]<\/p>\n","protected":false},"author":2,"featured_media":3088,"comment_status":"closed","ping_status":"closed","sticky":false,"template":"","format":"standard","meta":{"footnotes":""},"categories":[2],"tags":[],"class_list":["post-3086","post","type-post","status-publish","format-standard","has-post-thumbnail","hentry","category-noticias"],"_links":{"self":[{"href":"https:\/\/radioprimiciapelluhue.cl\/index.php?rest_route=\/wp\/v2\/posts\/3086","targetHints":{"allow":["GET"]}}],"collection":[{"href":"https:\/\/radioprimiciapelluhue.cl\/index.php?rest_route=\/wp\/v2\/posts"}],"about":[{"href":"https:\/\/radioprimiciapelluhue.cl\/index.php?rest_route=\/wp\/v2\/types\/post"}],"author":[{"embeddable":true,"href":"https:\/\/radioprimiciapelluhue.cl\/index.php?rest_route=\/wp\/v2\/users\/2"}],"replies":[{"embeddable":true,"href":"https:\/\/radioprimiciapelluhue.cl\/index.php?rest_route=%2Fwp%2Fv2%2Fcomments&post=3086"}],"version-history":[{"count":1,"href":"https:\/\/radioprimiciapelluhue.cl\/index.php?rest_route=\/wp\/v2\/posts\/3086\/revisions"}],"predecessor-version":[{"id":3089,"href":"https:\/\/radioprimiciapelluhue.cl\/index.php?rest_route=\/wp\/v2\/posts\/3086\/revisions\/3089"}],"wp:featuredmedia":[{"embeddable":true,"href":"https:\/\/radioprimiciapelluhue.cl\/index.php?rest_route=\/wp\/v2\/media\/3088"}],"wp:attachment":[{"href":"https:\/\/radioprimiciapelluhue.cl\/index.php?rest_route=%2Fwp%2Fv2%2Fmedia&parent=3086"}],"wp:term":[{"taxonomy":"category","embeddable":true,"href":"https:\/\/radioprimiciapelluhue.cl\/index.php?rest_route=%2Fwp%2Fv2%2Fcategories&post=3086"},{"taxonomy":"post_tag","embeddable":true,"href":"https:\/\/radioprimiciapelluhue.cl\/index.php?rest_route=%2Fwp%2Fv2%2Ftags&post=3086"}],"curies":[{"name":"wp","href":"https:\/\/api.w.org\/{rel}","templated":true}]}}