{"id":3096,"date":"2021-06-05T00:06:06","date_gmt":"2021-06-05T04:06:06","guid":{"rendered":"http:\/\/radioprimiciapelluhue.cl\/?p=3096"},"modified":"2021-06-05T00:06:07","modified_gmt":"2021-06-05T04:06:07","slug":"a-partir-de-este-sabado-05-de-junio-a-las-500-am-retrocedemos-a-transicion","status":"publish","type":"post","link":"https:\/\/radioprimiciapelluhue.cl\/?p=3096","title":{"rendered":"A partir de este s\u00e1bado 05 de junio a las 5:00 AM retrocedemos a transici\u00f3n"},"content":{"rendered":"\n<p>Inform\u00e9 <a href=\"https:\/\/www.facebook.com\/hashtag\/covid19?__eep__=6&amp;__cft__%5b0%5d=AZWGJW9jkMUzgr718VhFlwD_lpt0oBxBk8CfU0DWFQ-Qox0QxGBQgKbkYjsQgphVEHEDpRVgWZY8aRr05h6DBPtK_4AyIZjGNDusFDM7MAT4IuoCAoPbXSjyvcQvtGvhnUaa5QE4AexGtzd8f6rejE7ThC965XuDhvCu2bEYTtW4JbOyPxEItPWZaw5AnUGyFJA&amp;__tn__=*NK-R\">#Covid19<\/a> de este 04 de junio 2021<\/p>\n\n\n\n<p>Casos activos y fase en la Provincia<\/p>\n\n\n\n<p>Cauquenes Fase2 transici\u00f3n Casos activos 79<\/p>\n\n\n\n<p>Pelluhue FASE3 <a href=\"https:\/\/www.facebook.com\/hashtag\/preparaci%C3%B3n?__eep__=6&amp;__cft__%5b0%5d=AZWGJW9jkMUzgr718VhFlwD_lpt0oBxBk8CfU0DWFQ-Qox0QxGBQgKbkYjsQgphVEHEDpRVgWZY8aRr05h6DBPtK_4AyIZjGNDusFDM7MAT4IuoCAoPbXSjyvcQvtGvhnUaa5QE4AexGtzd8f6rejE7ThC965XuDhvCu2bEYTtW4JbOyPxEItPWZaw5AnUGyFJA&amp;__tn__=*NK-R\">#Preparaci\u00f3n<\/a> Casos Activos 30<\/p>\n\n\n\n<p>Chanco desde hoy FASE2 <a href=\"https:\/\/www.facebook.com\/hashtag\/transici%C3%B3n?__eep__=6&amp;__cft__%5b0%5d=AZWGJW9jkMUzgr718VhFlwD_lpt0oBxBk8CfU0DWFQ-Qox0QxGBQgKbkYjsQgphVEHEDpRVgWZY8aRr05h6DBPtK_4AyIZjGNDusFDM7MAT4IuoCAoPbXSjyvcQvtGvhnUaa5QE4AexGtzd8f6rejE7ThC965XuDhvCu2bEYTtW4JbOyPxEItPWZaw5AnUGyFJA&amp;__tn__=*NK-R\">#Transici\u00f3n<\/a> fines de semana <a href=\"https:\/\/www.facebook.com\/hashtag\/cuarentena?__eep__=6&amp;__cft__%5b0%5d=AZWGJW9jkMUzgr718VhFlwD_lpt0oBxBk8CfU0DWFQ-Qox0QxGBQgKbkYjsQgphVEHEDpRVgWZY8aRr05h6DBPtK_4AyIZjGNDusFDM7MAT4IuoCAoPbXSjyvcQvtGvhnUaa5QE4AexGtzd8f6rejE7ThC965XuDhvCu2bEYTtW4JbOyPxEItPWZaw5AnUGyFJA&amp;__tn__=*NK-R\">#Cuarentena<\/a> Casos Activos 21<\/p>\n\n\n\n<p>Siga cuid\u00e1ndose use la mascarilla, alcohol gel, mantenga distancia, no se den abrazos ni salude de besos<\/p>\n\n\n\n<p>Cuid\u00e9monos entre todos<\/p>\n\n\n\n<p><a href=\"https:\/\/www.gob.cl\/pasoapaso\/\">https:\/\/www.gob.cl\/pasoapaso\/<\/a><\/p>\n\n\n\n<figure class=\"wp-block-gallery columns-2 is-cropped wp-block-gallery-1 is-layout-flex wp-block-gallery-is-layout-flex\"><ul class=\"blocks-gallery-grid\"><li class=\"blocks-gallery-item\"><figure><a href=\"http:\/\/radioprimiciapelluhue.cl\/wp-content\/uploads\/2021\/06\/CASOS-ACTIVOS.jpg\"><img loading=\"lazy\" decoding=\"async\" width=\"473\" height=\"1024\" src=\"http:\/\/radioprimiciapelluhue.cl\/wp-content\/uploads\/2021\/06\/CASOS-ACTIVOS-473x1024.jpg\" alt=\"\" data-id=\"3097\" data-full-url=\"http:\/\/radioprimiciapelluhue.cl\/wp-content\/uploads\/2021\/06\/CASOS-ACTIVOS.jpg\" data-link=\"http:\/\/radioprimiciapelluhue.cl\/?attachment_id=3097\" class=\"wp-image-3097\" srcset=\"https:\/\/radioprimiciapelluhue.cl\/wp-content\/uploads\/2021\/06\/CASOS-ACTIVOS-473x1024.jpg 473w, https:\/\/radioprimiciapelluhue.cl\/wp-content\/uploads\/2021\/06\/CASOS-ACTIVOS-139x300.jpg 139w, https:\/\/radioprimiciapelluhue.cl\/wp-content\/uploads\/2021\/06\/CASOS-ACTIVOS-768x1663.jpg 768w, https:\/\/radioprimiciapelluhue.cl\/wp-content\/uploads\/2021\/06\/CASOS-ACTIVOS-710x1536.jpg 710w, https:\/\/radioprimiciapelluhue.cl\/wp-content\/uploads\/2021\/06\/CASOS-ACTIVOS.jpg 946w\" sizes=\"auto, (max-width: 473px) 100vw, 473px\" \/><\/a><\/figure><\/li><li class=\"blocks-gallery-item\"><figure><a href=\"http:\/\/radioprimiciapelluhue.cl\/wp-content\/uploads\/2021\/06\/CASOS-CONFIRMADOS.jpg\"><img loading=\"lazy\" decoding=\"async\" width=\"473\" height=\"1024\" src=\"http:\/\/radioprimiciapelluhue.cl\/wp-content\/uploads\/2021\/06\/CASOS-CONFIRMADOS-473x1024.jpg\" alt=\"\" data-id=\"3098\" data-full-url=\"http:\/\/radioprimiciapelluhue.cl\/wp-content\/uploads\/2021\/06\/CASOS-CONFIRMADOS.jpg\" data-link=\"http:\/\/radioprimiciapelluhue.cl\/?attachment_id=3098\" class=\"wp-image-3098\" srcset=\"https:\/\/radioprimiciapelluhue.cl\/wp-content\/uploads\/2021\/06\/CASOS-CONFIRMADOS-473x1024.jpg 473w, https:\/\/radioprimiciapelluhue.cl\/wp-content\/uploads\/2021\/06\/CASOS-CONFIRMADOS-139x300.jpg 139w, https:\/\/radioprimiciapelluhue.cl\/wp-content\/uploads\/2021\/06\/CASOS-CONFIRMADOS-768x1663.jpg 768w, https:\/\/radioprimiciapelluhue.cl\/wp-content\/uploads\/2021\/06\/CASOS-CONFIRMADOS-710x1536.jpg 710w, https:\/\/radioprimiciapelluhue.cl\/wp-content\/uploads\/2021\/06\/CASOS-CONFIRMADOS.jpg 946w\" sizes=\"auto, (max-width: 473px) 100vw, 473px\" \/><\/a><\/figure><\/li><\/ul><\/figure>\n","protected":false},"excerpt":{"rendered":"<p>Inform\u00e9 #Covid19 de este 04 de junio 2021 Casos activos y fase en la Provincia Cauquenes Fase2 transici\u00f3n Casos activos 79 Pelluhue FASE3 #Preparaci\u00f3n Casos Activos 30 Chanco desde hoy FASE2 #Transici\u00f3n fines de semana #Cuarentena Casos Activos 21 Siga cuid\u00e1ndose use la mascarilla, alcohol gel, mantenga distancia, no se den abrazos ni salude de [&hellip;]<\/p>\n","protected":false},"author":2,"featured_media":2916,"comment_status":"closed","ping_status":"closed","sticky":false,"template":"","format":"standard","meta":{"footnotes":""},"categories":[57],"tags":[],"class_list":["post-3096","post","type-post","status-publish","format-standard","has-post-thumbnail","hentry","category-covid19"],"_links":{"self":[{"href":"https:\/\/radioprimiciapelluhue.cl\/index.php?rest_route=\/wp\/v2\/posts\/3096","targetHints":{"allow":["GET"]}}],"collection":[{"href":"https:\/\/radioprimiciapelluhue.cl\/index.php?rest_route=\/wp\/v2\/posts"}],"about":[{"href":"https:\/\/radioprimiciapelluhue.cl\/index.php?rest_route=\/wp\/v2\/types\/post"}],"author":[{"embeddable":true,"href":"https:\/\/radioprimiciapelluhue.cl\/index.php?rest_route=\/wp\/v2\/users\/2"}],"replies":[{"embeddable":true,"href":"https:\/\/radioprimiciapelluhue.cl\/index.php?rest_route=%2Fwp%2Fv2%2Fcomments&post=3096"}],"version-history":[{"count":1,"href":"https:\/\/radioprimiciapelluhue.cl\/index.php?rest_route=\/wp\/v2\/posts\/3096\/revisions"}],"predecessor-version":[{"id":3099,"href":"https:\/\/radioprimiciapelluhue.cl\/index.php?rest_route=\/wp\/v2\/posts\/3096\/revisions\/3099"}],"wp:featuredmedia":[{"embeddable":true,"href":"https:\/\/radioprimiciapelluhue.cl\/index.php?rest_route=\/wp\/v2\/media\/2916"}],"wp:attachment":[{"href":"https:\/\/radioprimiciapelluhue.cl\/index.php?rest_route=%2Fwp%2Fv2%2Fmedia&parent=3096"}],"wp:term":[{"taxonomy":"category","embeddable":true,"href":"https:\/\/radioprimiciapelluhue.cl\/index.php?rest_route=%2Fwp%2Fv2%2Fcategories&post=3096"},{"taxonomy":"post_tag","embeddable":true,"href":"https:\/\/radioprimiciapelluhue.cl\/index.php?rest_route=%2Fwp%2Fv2%2Ftags&post=3096"}],"curies":[{"name":"wp","href":"https:\/\/api.w.org\/{rel}","templated":true}]}}