{"id":3100,"date":"2021-06-05T00:16:05","date_gmt":"2021-06-05T04:16:05","guid":{"rendered":"http:\/\/radioprimiciapelluhue.cl\/?p=3100"},"modified":"2021-06-05T00:16:05","modified_gmt":"2021-06-05T04:16:05","slug":"pelluhue-deja-de-ser-zona-de-interes-turistico-senadora-y-alcaldesa-buscan-revertir-decision-de-sernatur","status":"publish","type":"post","link":"https:\/\/radioprimiciapelluhue.cl\/?p=3100","title":{"rendered":"Pelluhue deja de ser zona de inter\u00e9s tur\u00edstico: Senadora y alcaldesa buscan revertir decisi\u00f3n de Sernatur"},"content":{"rendered":"\n<p>Decisi\u00f3n, que tambi\u00e9n afecta a Chanco, tendr\u00e1 fuertes efectos sobre microempresarios tremendamente afectados por la pandemia. \u201cPlanteamos nuestro malestar y necesidad de revocar una medida que, al menos en el caso de Pelluhue, no tiene sustento t\u00e9cnico, por lo que debe reconsiderarse. En caso contrario, iremos a Contralor\u00eda\u201d, dijeron ambas autoridades<\/p>\n\n\n\n<p>Su absoluto rechazo a la decisi\u00f3n de Sernatur de revocar la declaratoria de zona de Zona de Inter\u00e9s Tur\u00edstico, ZOIT, para las comunas de Pelluhue, manifestaron la Senadora por el Maule, Ximena Rinc\u00f3n y la alcaldesa de esta comuna, Mar\u00eda Luz Reyes, quienes iniciaron las gestiones para que se revierta un acto administrativo que tendr\u00e1 graves efectos sobre microempresarios, que ya est\u00e1n siendo tremendamente afectados por la pandemia.<\/p>\n\n\n\n<p>La medida, que tambi\u00e9n afecta a la comuna de Chanco, impide que este importante destino tur\u00edstico del Maule Sur pueda posicionarse y destacarse como un territorio que apuesta por el turismo y que permite priorizar la ejecuci\u00f3n de programas y proyectos p\u00fablicos de fomento al desarrollo de la actividad tur\u00edstica, como la asignaci\u00f3n de recursos destinados a obras de infraestructura y equipamiento necesarios.<\/p>\n\n\n\n<p>Ximena Rinc\u00f3n explic\u00f3 que para ser para ser considerada ZOIT, los municipios deben acreditar que el turismo constituye una de las principales actividades asociadas al desarrollo econ\u00f3mico del territorio, poseer atractivos tur\u00edsticos naturales, culturales y\/o patrimoniales de jerarqu\u00eda regional, nacional o internacional, contar con una oferta tur\u00edstica, debidamente inscrita en el Registro Nacional de Prestadores de Servicios Tur\u00edsticos del Servicio y ser un destino reconocido en las pol\u00edticas y planificaci\u00f3n tur\u00edstica nacional o regional de la Subsecretar\u00eda o el Servicio, seg\u00fan corresponda, adem\u00e1s de contar con instrumentos como plan de manejo, plan operativo anual y una administraci\u00f3n efectiva de sus zonas protegidas.<\/p>\n\n\n\n<p>\u201cLe hemos acreditado al Ministro de Econom\u00eda, Lucas Palacios, que Pelluhue cumple con todos estos requisitos y exigencias, por lo que junto a la alcaldesa y consejera regional, Mar\u00eda del Carmen P\u00e9rez, le hemos pedido revocar esta medida que, en el caso de la comuna, no tiene sustento t\u00e9cnico. Necesitamos que la medida se revierta, a las comunas les cuesta salir adelante, los empresarios llevan dos a\u00f1os tremendamente complejos y estas decisiones s\u00f3lo complican m\u00e1s la decisi\u00f3n. De no hacerse, pondremos todos los antecedentes para que Contralor\u00eda se pronuncie\u201d, sostuvo la parlamentaria.<\/p>\n\n\n\n<p>A su vez, la alcaldesa de Pelluhue, Mar\u00eda Luz Reyes, recalc\u00f3 que no hay razones para que se revoque la declaraci\u00f3n de zona de inter\u00e9s tur\u00edstico en la comuna, toda vez que el municipio ha cumplido sistem\u00e1ticamente con todas las exigencias.<\/p>\n\n\n\n<p>\u201cHemos hecho grandes esfuerzos en capacitaci\u00f3n de los microempresarios, digitalizaci\u00f3n, tenemos un plan que gu\u00eda nuestro trabajo en turismo y nos encontramos con esta decisi\u00f3n. De verdad esperamos que se revierta a la brevedad\u201d, asegur\u00f3.<\/p>\n\n\n\n<figure class=\"wp-block-gallery columns-1 is-cropped wp-block-gallery-1 is-layout-flex wp-block-gallery-is-layout-flex\"><ul class=\"blocks-gallery-grid\"><li class=\"blocks-gallery-item\"><figure><a href=\"http:\/\/radioprimiciapelluhue.cl\/wp-content\/uploads\/2021\/06\/REUNION-SENADORA-RINCON-ALCALDESA-PELLUHUE.jpg\"><img loading=\"lazy\" decoding=\"async\" width=\"1024\" height=\"576\" src=\"http:\/\/radioprimiciapelluhue.cl\/wp-content\/uploads\/2021\/06\/REUNION-SENADORA-RINCON-ALCALDESA-PELLUHUE-1024x576.jpg\" alt=\"\" data-id=\"3101\" data-full-url=\"http:\/\/radioprimiciapelluhue.cl\/wp-content\/uploads\/2021\/06\/REUNION-SENADORA-RINCON-ALCALDESA-PELLUHUE.jpg\" data-link=\"http:\/\/radioprimiciapelluhue.cl\/?attachment_id=3101\" class=\"wp-image-3101\" srcset=\"https:\/\/radioprimiciapelluhue.cl\/wp-content\/uploads\/2021\/06\/REUNION-SENADORA-RINCON-ALCALDESA-PELLUHUE-1024x576.jpg 1024w, https:\/\/radioprimiciapelluhue.cl\/wp-content\/uploads\/2021\/06\/REUNION-SENADORA-RINCON-ALCALDESA-PELLUHUE-300x169.jpg 300w, https:\/\/radioprimiciapelluhue.cl\/wp-content\/uploads\/2021\/06\/REUNION-SENADORA-RINCON-ALCALDESA-PELLUHUE-768x432.jpg 768w, https:\/\/radioprimiciapelluhue.cl\/wp-content\/uploads\/2021\/06\/REUNION-SENADORA-RINCON-ALCALDESA-PELLUHUE-727x409.jpg 727w, https:\/\/radioprimiciapelluhue.cl\/wp-content\/uploads\/2021\/06\/REUNION-SENADORA-RINCON-ALCALDESA-PELLUHUE-1110x624.jpg 1110w, https:\/\/radioprimiciapelluhue.cl\/wp-content\/uploads\/2021\/06\/REUNION-SENADORA-RINCON-ALCALDESA-PELLUHUE-720x406.jpg 720w, https:\/\/radioprimiciapelluhue.cl\/wp-content\/uploads\/2021\/06\/REUNION-SENADORA-RINCON-ALCALDESA-PELLUHUE-750x422.jpg 750w, https:\/\/radioprimiciapelluhue.cl\/wp-content\/uploads\/2021\/06\/REUNION-SENADORA-RINCON-ALCALDESA-PELLUHUE.jpg 1280w\" sizes=\"auto, (max-width: 1024px) 100vw, 1024px\" \/><\/a><\/figure><\/li><\/ul><\/figure>\n","protected":false},"excerpt":{"rendered":"<p>Decisi\u00f3n, que tambi\u00e9n afecta a Chanco, tendr\u00e1 fuertes efectos sobre microempresarios tremendamente afectados por la pandemia. \u201cPlanteamos nuestro malestar y necesidad de revocar una medida que, al menos en el caso de Pelluhue, no tiene sustento t\u00e9cnico, por lo que debe reconsiderarse. En caso contrario, iremos a Contralor\u00eda\u201d, dijeron ambas autoridades Su absoluto rechazo a [&hellip;]<\/p>\n","protected":false},"author":2,"featured_media":3101,"comment_status":"closed","ping_status":"closed","sticky":false,"template":"","format":"standard","meta":{"footnotes":""},"categories":[2],"tags":[],"class_list":["post-3100","post","type-post","status-publish","format-standard","has-post-thumbnail","hentry","category-noticias"],"_links":{"self":[{"href":"https:\/\/radioprimiciapelluhue.cl\/index.php?rest_route=\/wp\/v2\/posts\/3100","targetHints":{"allow":["GET"]}}],"collection":[{"href":"https:\/\/radioprimiciapelluhue.cl\/index.php?rest_route=\/wp\/v2\/posts"}],"about":[{"href":"https:\/\/radioprimiciapelluhue.cl\/index.php?rest_route=\/wp\/v2\/types\/post"}],"author":[{"embeddable":true,"href":"https:\/\/radioprimiciapelluhue.cl\/index.php?rest_route=\/wp\/v2\/users\/2"}],"replies":[{"embeddable":true,"href":"https:\/\/radioprimiciapelluhue.cl\/index.php?rest_route=%2Fwp%2Fv2%2Fcomments&post=3100"}],"version-history":[{"count":1,"href":"https:\/\/radioprimiciapelluhue.cl\/index.php?rest_route=\/wp\/v2\/posts\/3100\/revisions"}],"predecessor-version":[{"id":3102,"href":"https:\/\/radioprimiciapelluhue.cl\/index.php?rest_route=\/wp\/v2\/posts\/3100\/revisions\/3102"}],"wp:featuredmedia":[{"embeddable":true,"href":"https:\/\/radioprimiciapelluhue.cl\/index.php?rest_route=\/wp\/v2\/media\/3101"}],"wp:attachment":[{"href":"https:\/\/radioprimiciapelluhue.cl\/index.php?rest_route=%2Fwp%2Fv2%2Fmedia&parent=3100"}],"wp:term":[{"taxonomy":"category","embeddable":true,"href":"https:\/\/radioprimiciapelluhue.cl\/index.php?rest_route=%2Fwp%2Fv2%2Fcategories&post=3100"},{"taxonomy":"post_tag","embeddable":true,"href":"https:\/\/radioprimiciapelluhue.cl\/index.php?rest_route=%2Fwp%2Fv2%2Ftags&post=3100"}],"curies":[{"name":"wp","href":"https:\/\/api.w.org\/{rel}","templated":true}]}}