{"id":3103,"date":"2021-06-05T20:37:27","date_gmt":"2021-06-06T00:37:27","guid":{"rendered":"http:\/\/radioprimiciapelluhue.cl\/?p=3103"},"modified":"2021-06-05T20:37:27","modified_gmt":"2021-06-06T00:37:27","slug":"informe-covid19-de-hoy-05-de-junio-2021","status":"publish","type":"post","link":"https:\/\/radioprimiciapelluhue.cl\/?p=3103","title":{"rendered":"Inform\u00e9 #Covid19 de hoy 05 de junio 2021"},"content":{"rendered":"\n<p>Casos activos y fase en la Provincia<\/p>\n\n\n\n<p>Cauquenes Fase2 transici\u00f3n Casos activos 77<\/p>\n\n\n\n<p>Pelluhue FASE2 Transici\u00f3n fin de semana Cuarentena Casos Activos 36<\/p>\n\n\n\n<p>Chanco FASE2 <a href=\"https:\/\/www.facebook.com\/hashtag\/transici%C3%B3n?__eep__=6&amp;__cft__%5b0%5d=AZVSmXdmsKZGAPwQ2K923cueElt2AMQoLrhb14FRjcgCDiOMPyikjg9qbAw4yk_zqfXA1jUrZWNzsRkxCmvSJIObuwElhF7vxfKt-pzA4XSQ4dXF7Fh9xMJ5VaviZ01DLsQnD_YO77gTfdACXweylHMl5va6NvGNsZ6WetCyUl90vnlMNp45DUAhxSovmPgdpAQ&amp;__tn__=*NK-R\">#Transici\u00f3n<\/a> fines de semana <a href=\"https:\/\/www.facebook.com\/hashtag\/cuarentena?__eep__=6&amp;__cft__%5b0%5d=AZVSmXdmsKZGAPwQ2K923cueElt2AMQoLrhb14FRjcgCDiOMPyikjg9qbAw4yk_zqfXA1jUrZWNzsRkxCmvSJIObuwElhF7vxfKt-pzA4XSQ4dXF7Fh9xMJ5VaviZ01DLsQnD_YO77gTfdACXweylHMl5va6NvGNsZ6WetCyUl90vnlMNp45DUAhxSovmPgdpAQ&amp;__tn__=*NK-R\">#Cuarentena<\/a> Casos Activos 19<\/p>\n\n\n\n<p>Siga cuid\u00e1ndose use la mascarilla, alcohol gel, mantenga distancia, no se den abrazos ni salude de besos<\/p>\n\n\n\n<p>Cuid\u00e9monos entre todos<\/p>\n\n\n\n<p><a href=\"https:\/\/www.gob.cl\/pasoapaso\/\">https:\/\/www.gob.cl\/pasoapaso\/<\/a><\/p>\n\n\n\n<figure class=\"wp-block-gallery columns-2 is-cropped wp-block-gallery-1 is-layout-flex wp-block-gallery-is-layout-flex\"><ul class=\"blocks-gallery-grid\"><li class=\"blocks-gallery-item\"><figure><a href=\"http:\/\/radioprimiciapelluhue.cl\/wp-content\/uploads\/2021\/06\/CASOS-ACTIVOS-05-DE-JUNIO.jpg\"><img loading=\"lazy\" decoding=\"async\" width=\"473\" height=\"1024\" src=\"http:\/\/radioprimiciapelluhue.cl\/wp-content\/uploads\/2021\/06\/CASOS-ACTIVOS-05-DE-JUNIO-473x1024.jpg\" alt=\"\" data-id=\"3104\" data-full-url=\"http:\/\/radioprimiciapelluhue.cl\/wp-content\/uploads\/2021\/06\/CASOS-ACTIVOS-05-DE-JUNIO.jpg\" data-link=\"http:\/\/radioprimiciapelluhue.cl\/?attachment_id=3104\" class=\"wp-image-3104\" srcset=\"https:\/\/radioprimiciapelluhue.cl\/wp-content\/uploads\/2021\/06\/CASOS-ACTIVOS-05-DE-JUNIO-473x1024.jpg 473w, https:\/\/radioprimiciapelluhue.cl\/wp-content\/uploads\/2021\/06\/CASOS-ACTIVOS-05-DE-JUNIO-139x300.jpg 139w, https:\/\/radioprimiciapelluhue.cl\/wp-content\/uploads\/2021\/06\/CASOS-ACTIVOS-05-DE-JUNIO-768x1663.jpg 768w, https:\/\/radioprimiciapelluhue.cl\/wp-content\/uploads\/2021\/06\/CASOS-ACTIVOS-05-DE-JUNIO-710x1536.jpg 710w, https:\/\/radioprimiciapelluhue.cl\/wp-content\/uploads\/2021\/06\/CASOS-ACTIVOS-05-DE-JUNIO.jpg 946w\" sizes=\"auto, (max-width: 473px) 100vw, 473px\" \/><\/a><\/figure><\/li><li class=\"blocks-gallery-item\"><figure><a href=\"http:\/\/radioprimiciapelluhue.cl\/wp-content\/uploads\/2021\/06\/CASOS-CONFIRMADOS-05-DE-JUNIO.jpg\"><img loading=\"lazy\" decoding=\"async\" width=\"473\" height=\"1024\" src=\"http:\/\/radioprimiciapelluhue.cl\/wp-content\/uploads\/2021\/06\/CASOS-CONFIRMADOS-05-DE-JUNIO-473x1024.jpg\" alt=\"\" data-id=\"3105\" data-full-url=\"http:\/\/radioprimiciapelluhue.cl\/wp-content\/uploads\/2021\/06\/CASOS-CONFIRMADOS-05-DE-JUNIO.jpg\" data-link=\"http:\/\/radioprimiciapelluhue.cl\/?attachment_id=3105\" class=\"wp-image-3105\" srcset=\"https:\/\/radioprimiciapelluhue.cl\/wp-content\/uploads\/2021\/06\/CASOS-CONFIRMADOS-05-DE-JUNIO-473x1024.jpg 473w, https:\/\/radioprimiciapelluhue.cl\/wp-content\/uploads\/2021\/06\/CASOS-CONFIRMADOS-05-DE-JUNIO-139x300.jpg 139w, https:\/\/radioprimiciapelluhue.cl\/wp-content\/uploads\/2021\/06\/CASOS-CONFIRMADOS-05-DE-JUNIO-768x1663.jpg 768w, https:\/\/radioprimiciapelluhue.cl\/wp-content\/uploads\/2021\/06\/CASOS-CONFIRMADOS-05-DE-JUNIO-710x1536.jpg 710w, https:\/\/radioprimiciapelluhue.cl\/wp-content\/uploads\/2021\/06\/CASOS-CONFIRMADOS-05-DE-JUNIO.jpg 946w\" sizes=\"auto, (max-width: 473px) 100vw, 473px\" \/><\/a><\/figure><\/li><\/ul><\/figure>\n","protected":false},"excerpt":{"rendered":"<p>Casos activos y fase en la Provincia Cauquenes Fase2 transici\u00f3n Casos activos 77 Pelluhue FASE2 Transici\u00f3n fin de semana Cuarentena Casos Activos 36 Chanco FASE2 #Transici\u00f3n fines de semana #Cuarentena Casos Activos 19 Siga cuid\u00e1ndose use la mascarilla, alcohol gel, mantenga distancia, no se den abrazos ni salude de besos Cuid\u00e9monos entre todos https:\/\/www.gob.cl\/pasoapaso\/<\/p>\n","protected":false},"author":2,"featured_media":2916,"comment_status":"closed","ping_status":"closed","sticky":false,"template":"","format":"standard","meta":{"footnotes":""},"categories":[57],"tags":[],"class_list":["post-3103","post","type-post","status-publish","format-standard","has-post-thumbnail","hentry","category-covid19"],"_links":{"self":[{"href":"https:\/\/radioprimiciapelluhue.cl\/index.php?rest_route=\/wp\/v2\/posts\/3103","targetHints":{"allow":["GET"]}}],"collection":[{"href":"https:\/\/radioprimiciapelluhue.cl\/index.php?rest_route=\/wp\/v2\/posts"}],"about":[{"href":"https:\/\/radioprimiciapelluhue.cl\/index.php?rest_route=\/wp\/v2\/types\/post"}],"author":[{"embeddable":true,"href":"https:\/\/radioprimiciapelluhue.cl\/index.php?rest_route=\/wp\/v2\/users\/2"}],"replies":[{"embeddable":true,"href":"https:\/\/radioprimiciapelluhue.cl\/index.php?rest_route=%2Fwp%2Fv2%2Fcomments&post=3103"}],"version-history":[{"count":1,"href":"https:\/\/radioprimiciapelluhue.cl\/index.php?rest_route=\/wp\/v2\/posts\/3103\/revisions"}],"predecessor-version":[{"id":3106,"href":"https:\/\/radioprimiciapelluhue.cl\/index.php?rest_route=\/wp\/v2\/posts\/3103\/revisions\/3106"}],"wp:featuredmedia":[{"embeddable":true,"href":"https:\/\/radioprimiciapelluhue.cl\/index.php?rest_route=\/wp\/v2\/media\/2916"}],"wp:attachment":[{"href":"https:\/\/radioprimiciapelluhue.cl\/index.php?rest_route=%2Fwp%2Fv2%2Fmedia&parent=3103"}],"wp:term":[{"taxonomy":"category","embeddable":true,"href":"https:\/\/radioprimiciapelluhue.cl\/index.php?rest_route=%2Fwp%2Fv2%2Fcategories&post=3103"},{"taxonomy":"post_tag","embeddable":true,"href":"https:\/\/radioprimiciapelluhue.cl\/index.php?rest_route=%2Fwp%2Fv2%2Ftags&post=3103"}],"curies":[{"name":"wp","href":"https:\/\/api.w.org\/{rel}","templated":true}]}}