{"id":3115,"date":"2021-06-05T21:22:12","date_gmt":"2021-06-06T01:22:12","guid":{"rendered":"http:\/\/radioprimiciapelluhue.cl\/?p=3115"},"modified":"2021-06-05T21:22:12","modified_gmt":"2021-06-06T01:22:12","slug":"aviso-de-corte-de-enregia-programado","status":"publish","type":"post","link":"https:\/\/radioprimiciapelluhue.cl\/?p=3115","title":{"rendered":"AVISO DE CORTE DE ENREG\u00cdA PROGRAMADO"},"content":{"rendered":"\n<p>CGE informa a sus clientes de la comuna de <strong>Pelluhue,<\/strong> que el d\u00eda <strong>domingo 06 de junio <\/strong><strong>2021,<\/strong> se realizar\u00e1 un corte programado de suministro el\u00e9ctrico, en <strong>horario de 10:30 a 16:30 horas<\/strong>, a ra\u00edz de trabajos de mantenimiento, los sectores afectados ser\u00e1n:<\/p>\n\n\n\n<p><strong>Ruta M-804 entre puente El Manzano y calle Abdon Fuentealba<\/strong><\/p>\n\n\n\n<p><strong>Sector la Quinta<\/strong><\/p>\n\n\n\n<p>CGE \u00a0lamenta los inconvenientes que esta interrupci\u00f3n pueda ocasionar entre sus clientes y recuerda que toda consulta,\u00a0 puede ser derivada al \u00a0Fono Clientes 800 800 767 o al canal de Twitter @CGE_CLIENTES, ambos con atenci\u00f3n las 24 horas del d\u00eda. Para una atenci\u00f3n m\u00e1s expedita, es importante que las personas tengan a mano su n\u00famero de cliente, que se encuentra impreso en la parte superior de su boleta.<\/p>\n\n\n\n<figure class=\"wp-block-gallery columns-1 is-cropped wp-block-gallery-1 is-layout-flex wp-block-gallery-is-layout-flex\"><ul class=\"blocks-gallery-grid\"><li class=\"blocks-gallery-item\"><figure><a href=\"http:\/\/radioprimiciapelluhue.cl\/wp-content\/uploads\/2021\/06\/CORTE-DE-LUZ-PROGRAMADO-06-DE-JUNIO.jpg\"><img loading=\"lazy\" decoding=\"async\" width=\"1024\" height=\"576\" src=\"http:\/\/radioprimiciapelluhue.cl\/wp-content\/uploads\/2021\/06\/CORTE-DE-LUZ-PROGRAMADO-06-DE-JUNIO-1024x576.jpg\" alt=\"\" data-id=\"3117\" data-full-url=\"http:\/\/radioprimiciapelluhue.cl\/wp-content\/uploads\/2021\/06\/CORTE-DE-LUZ-PROGRAMADO-06-DE-JUNIO.jpg\" data-link=\"http:\/\/radioprimiciapelluhue.cl\/?attachment_id=3117\" class=\"wp-image-3117\" srcset=\"https:\/\/radioprimiciapelluhue.cl\/wp-content\/uploads\/2021\/06\/CORTE-DE-LUZ-PROGRAMADO-06-DE-JUNIO-1024x576.jpg 1024w, https:\/\/radioprimiciapelluhue.cl\/wp-content\/uploads\/2021\/06\/CORTE-DE-LUZ-PROGRAMADO-06-DE-JUNIO-300x169.jpg 300w, https:\/\/radioprimiciapelluhue.cl\/wp-content\/uploads\/2021\/06\/CORTE-DE-LUZ-PROGRAMADO-06-DE-JUNIO-768x432.jpg 768w, https:\/\/radioprimiciapelluhue.cl\/wp-content\/uploads\/2021\/06\/CORTE-DE-LUZ-PROGRAMADO-06-DE-JUNIO-727x409.jpg 727w, https:\/\/radioprimiciapelluhue.cl\/wp-content\/uploads\/2021\/06\/CORTE-DE-LUZ-PROGRAMADO-06-DE-JUNIO-1110x624.jpg 1110w, https:\/\/radioprimiciapelluhue.cl\/wp-content\/uploads\/2021\/06\/CORTE-DE-LUZ-PROGRAMADO-06-DE-JUNIO-720x406.jpg 720w, https:\/\/radioprimiciapelluhue.cl\/wp-content\/uploads\/2021\/06\/CORTE-DE-LUZ-PROGRAMADO-06-DE-JUNIO-750x422.jpg 750w, https:\/\/radioprimiciapelluhue.cl\/wp-content\/uploads\/2021\/06\/CORTE-DE-LUZ-PROGRAMADO-06-DE-JUNIO.jpg 1366w\" sizes=\"auto, (max-width: 1024px) 100vw, 1024px\" \/><\/a><\/figure><\/li><\/ul><\/figure>\n","protected":false},"excerpt":{"rendered":"<p>CGE informa a sus clientes de la comuna de Pelluhue, que el d\u00eda domingo 06 de junio 2021, se realizar\u00e1 un corte programado de suministro el\u00e9ctrico, en horario de 10:30 a 16:30 horas, a ra\u00edz de trabajos de mantenimiento, los sectores afectados ser\u00e1n: Ruta M-804 entre puente El Manzano y calle Abdon Fuentealba Sector la [&hellip;]<\/p>\n","protected":false},"author":2,"featured_media":3116,"comment_status":"closed","ping_status":"closed","sticky":false,"template":"","format":"standard","meta":{"footnotes":""},"categories":[51],"tags":[],"class_list":["post-3115","post","type-post","status-publish","format-standard","has-post-thumbnail","hentry","category-comunicado"],"_links":{"self":[{"href":"https:\/\/radioprimiciapelluhue.cl\/index.php?rest_route=\/wp\/v2\/posts\/3115","targetHints":{"allow":["GET"]}}],"collection":[{"href":"https:\/\/radioprimiciapelluhue.cl\/index.php?rest_route=\/wp\/v2\/posts"}],"about":[{"href":"https:\/\/radioprimiciapelluhue.cl\/index.php?rest_route=\/wp\/v2\/types\/post"}],"author":[{"embeddable":true,"href":"https:\/\/radioprimiciapelluhue.cl\/index.php?rest_route=\/wp\/v2\/users\/2"}],"replies":[{"embeddable":true,"href":"https:\/\/radioprimiciapelluhue.cl\/index.php?rest_route=%2Fwp%2Fv2%2Fcomments&post=3115"}],"version-history":[{"count":1,"href":"https:\/\/radioprimiciapelluhue.cl\/index.php?rest_route=\/wp\/v2\/posts\/3115\/revisions"}],"predecessor-version":[{"id":3118,"href":"https:\/\/radioprimiciapelluhue.cl\/index.php?rest_route=\/wp\/v2\/posts\/3115\/revisions\/3118"}],"wp:featuredmedia":[{"embeddable":true,"href":"https:\/\/radioprimiciapelluhue.cl\/index.php?rest_route=\/wp\/v2\/media\/3116"}],"wp:attachment":[{"href":"https:\/\/radioprimiciapelluhue.cl\/index.php?rest_route=%2Fwp%2Fv2%2Fmedia&parent=3115"}],"wp:term":[{"taxonomy":"category","embeddable":true,"href":"https:\/\/radioprimiciapelluhue.cl\/index.php?rest_route=%2Fwp%2Fv2%2Fcategories&post=3115"},{"taxonomy":"post_tag","embeddable":true,"href":"https:\/\/radioprimiciapelluhue.cl\/index.php?rest_route=%2Fwp%2Fv2%2Ftags&post=3115"}],"curies":[{"name":"wp","href":"https:\/\/api.w.org\/{rel}","templated":true}]}}