{"id":3124,"date":"2021-06-10T22:51:36","date_gmt":"2021-06-11T02:51:36","guid":{"rendered":"http:\/\/radioprimiciapelluhue.cl\/?p=3124"},"modified":"2021-06-10T22:51:41","modified_gmt":"2021-06-11T02:51:41","slug":"director-de-indespa-se-reune-en-curanipe-con-pescadores-damnificados-por-el-paso-de-la-marejada-hoy-10-de-junio-2021","status":"publish","type":"post","link":"https:\/\/radioprimiciapelluhue.cl\/?p=3124","title":{"rendered":"Director de Indespa se re\u00fane en Curanipe con pescadores damnificados por el paso de la marejada hoy 10 de junio 2021"},"content":{"rendered":"\n<p>Tres embarcaciones con da\u00f1os en sus cascos y dos con aver\u00edas en sus motores es parte del balance. <\/p>\n\n\n\n<p>Da\u00f1os por cerca de 25 millones de pesos dej\u00f3 el paso de las intensas marejadas anormales por la caleta Curanipe, comuna de Pelluhue, y la costa de la regi\u00f3n del Maule, fen\u00f3meno que afecta principalmente el territorio centro sur del pa\u00eds desde este mi\u00e9rcoles. El Director Ejecutivo del Instituto Nacional de Desarrollo Sustentable de la Pesca Artesanal y Acuicultura de Peque\u00f1a Escala, Indespa, Jos\u00e9 Pedro N\u00fa\u00f1ez, se reuni\u00f3 este jueves en terreno con los pescadores y pescadoras del sindicato N\u00b03 de Curanipe para abordar la situaci\u00f3n causada por el fen\u00f3meno natural y las v\u00edas de apoyo disponibles. En la visita, la autoridad del sector pesquero junto al Gobernador Provincial de Cauquenes, Francisco Jos\u00e9 Ruiz, y la Alcaldesa de Pelluhue, Mar\u00eda Luz Reyes, conversaron con Nolberto Vega, presidente del sindicato N\u00b03 y con los socios y socias de la caleta maulina donde trabajan cerca de 200 pescadores y pescadoras. <\/p>\n\n\n\n<p>El Director de Indespa, precis\u00f3 que de acuerdo al recorrido en terreno se pudo constatar los da\u00f1os sufridos por tres embarcaciones que resultaron con deterioros en sus cascos productos del arrastre del agua y choques, y otras dos con sus h\u00e9lices de motor rotas. \u00abLas embarcaciones son la principal herramienta de trabajo para los hombres y mujeres de mar, y de ella dependen hasta cuatro o cinco familias que hay detr\u00e1s de sus tripulantes, por ello como Indespa y como parte del Ministerio de Econom\u00eda estamos en terreno revisando con los afectados la situaci\u00f3n para buscar las v\u00edas de apoyo que les permita en el corto plazo recuperar sus fuentes de trabajo\u00bb, sostuvo N\u00fa\u00f1ez. Junto con la visita a Curanipe, el Director de Indespa se reuni\u00f3 tambi\u00e9n con pescadores del puerto Maguillines en Constituci\u00f3n y con miembros de la caleta Cardonal en Pelluhue. Asimismo el Director Zonal de Subpesca, Francisco Caro, visit\u00f3 a pescadores y pescadoras de las caletas Iloca y Duao para abordar su situaci\u00f3n. Finalmente, ambas autoridades pesqueras se reunieron junto al director regional de Sernapesca con representantes de la caleta Loanco. Las fuertes marejadas se registran desde este mi\u00e9rcoles en el borde costero desde el sector de Golfo de Penas hasta Arica, incluyendo el Archipi\u00e9lago Juan Fern\u00e1ndez. De acuerdo al reporte de la Armada de Chile, se trata de marejadas \u201canormales\u201d asociadas a la intensidad del viento y el sistema frontal que afecta al sur del pa\u00eds. De igual forma, la autoridad mar\u00edtima estima que el fen\u00f3meno se prolongue hasta este s\u00e1bado 12 de junio.\u00a0<\/p>\n\n\n\n<figure class=\"wp-block-gallery columns-1 is-cropped wp-block-gallery-1 is-layout-flex wp-block-gallery-is-layout-flex\"><ul class=\"blocks-gallery-grid\"><li class=\"blocks-gallery-item\"><figure><a href=\"http:\/\/radioprimiciapelluhue.cl\/wp-content\/uploads\/2021\/06\/CURANIPE-1.jpeg\"><img loading=\"lazy\" decoding=\"async\" width=\"1024\" height=\"766\" src=\"http:\/\/radioprimiciapelluhue.cl\/wp-content\/uploads\/2021\/06\/CURANIPE-1-1024x766.jpeg\" alt=\"\" data-id=\"3126\" data-full-url=\"http:\/\/radioprimiciapelluhue.cl\/wp-content\/uploads\/2021\/06\/CURANIPE-1.jpeg\" data-link=\"http:\/\/radioprimiciapelluhue.cl\/?attachment_id=3126\" class=\"wp-image-3126\" srcset=\"https:\/\/radioprimiciapelluhue.cl\/wp-content\/uploads\/2021\/06\/CURANIPE-1-1024x766.jpeg 1024w, https:\/\/radioprimiciapelluhue.cl\/wp-content\/uploads\/2021\/06\/CURANIPE-1-300x225.jpeg 300w, https:\/\/radioprimiciapelluhue.cl\/wp-content\/uploads\/2021\/06\/CURANIPE-1-768x575.jpeg 768w, https:\/\/radioprimiciapelluhue.cl\/wp-content\/uploads\/2021\/06\/CURANIPE-1.jpeg 1280w\" sizes=\"auto, (max-width: 1024px) 100vw, 1024px\" \/><\/a><\/figure><\/li><\/ul><\/figure>\n\n\n\n<p><\/p>\n","protected":false},"excerpt":{"rendered":"<p>Tres embarcaciones con da\u00f1os en sus cascos y dos con aver\u00edas en sus motores es parte del balance. Da\u00f1os por cerca de 25 millones de pesos dej\u00f3 el paso de las intensas marejadas anormales por la caleta Curanipe, comuna de Pelluhue, y la costa de la regi\u00f3n del Maule, fen\u00f3meno que afecta principalmente el territorio [&hellip;]<\/p>\n","protected":false},"author":2,"featured_media":3127,"comment_status":"closed","ping_status":"closed","sticky":false,"template":"","format":"standard","meta":{"footnotes":""},"categories":[2],"tags":[],"class_list":["post-3124","post","type-post","status-publish","format-standard","has-post-thumbnail","hentry","category-noticias"],"_links":{"self":[{"href":"https:\/\/radioprimiciapelluhue.cl\/index.php?rest_route=\/wp\/v2\/posts\/3124","targetHints":{"allow":["GET"]}}],"collection":[{"href":"https:\/\/radioprimiciapelluhue.cl\/index.php?rest_route=\/wp\/v2\/posts"}],"about":[{"href":"https:\/\/radioprimiciapelluhue.cl\/index.php?rest_route=\/wp\/v2\/types\/post"}],"author":[{"embeddable":true,"href":"https:\/\/radioprimiciapelluhue.cl\/index.php?rest_route=\/wp\/v2\/users\/2"}],"replies":[{"embeddable":true,"href":"https:\/\/radioprimiciapelluhue.cl\/index.php?rest_route=%2Fwp%2Fv2%2Fcomments&post=3124"}],"version-history":[{"count":1,"href":"https:\/\/radioprimiciapelluhue.cl\/index.php?rest_route=\/wp\/v2\/posts\/3124\/revisions"}],"predecessor-version":[{"id":3128,"href":"https:\/\/radioprimiciapelluhue.cl\/index.php?rest_route=\/wp\/v2\/posts\/3124\/revisions\/3128"}],"wp:featuredmedia":[{"embeddable":true,"href":"https:\/\/radioprimiciapelluhue.cl\/index.php?rest_route=\/wp\/v2\/media\/3127"}],"wp:attachment":[{"href":"https:\/\/radioprimiciapelluhue.cl\/index.php?rest_route=%2Fwp%2Fv2%2Fmedia&parent=3124"}],"wp:term":[{"taxonomy":"category","embeddable":true,"href":"https:\/\/radioprimiciapelluhue.cl\/index.php?rest_route=%2Fwp%2Fv2%2Fcategories&post=3124"},{"taxonomy":"post_tag","embeddable":true,"href":"https:\/\/radioprimiciapelluhue.cl\/index.php?rest_route=%2Fwp%2Fv2%2Ftags&post=3124"}],"curies":[{"name":"wp","href":"https:\/\/api.w.org\/{rel}","templated":true}]}}