{"id":3139,"date":"2021-06-13T21:07:23","date_gmt":"2021-06-14T01:07:23","guid":{"rendered":"http:\/\/radioprimiciapelluhue.cl\/?p=3139"},"modified":"2021-06-13T21:07:24","modified_gmt":"2021-06-14T01:07:24","slug":"elecciones-segunda-vuelta-gobernadora-or-por-la-ragion-del-maule-hoy-13-de-junio-2021","status":"publish","type":"post","link":"https:\/\/radioprimiciapelluhue.cl\/?p=3139","title":{"rendered":"ELECCIONES SEGUNDA VUELTA GOBERNADORA\/OR POR LA RAGI\u00d3N DEL MAULE HOY 13 DE JUNIO 2021"},"content":{"rendered":"\n<p><strong>La se\u00f1ora Cristina Bravo es electa Gobernadora por la Regi\u00f3n del Maule con 68.261. Mientras que Francisco Pulgar logr\u00f3 50.832. En la Regi\u00f3n del Maule de un total de 885.193 votantes, s\u00f3lo asistieron a sufragar 121.323 personas equivalente a un 13,7% del total.<\/strong><\/p>\n\n\n\n<p><a href=\"https:\/\/www.facebook.com\/watch\/?v=752988972038201\">https:\/\/www.facebook.com\/watch\/?v=752988972038201<\/a><\/p>\n\n\n\n<figure class=\"wp-block-gallery columns-1 is-cropped wp-block-gallery-1 is-layout-flex wp-block-gallery-is-layout-flex\"><ul class=\"blocks-gallery-grid\"><li class=\"blocks-gallery-item\"><figure><a href=\"http:\/\/radioprimiciapelluhue.cl\/wp-content\/uploads\/2021\/06\/SERVEL-DATOS-REGION-DEL-MAULE-1.jpg\"><img loading=\"lazy\" decoding=\"async\" width=\"1024\" height=\"576\" src=\"http:\/\/radioprimiciapelluhue.cl\/wp-content\/uploads\/2021\/06\/SERVEL-DATOS-REGION-DEL-MAULE-1-1024x576.jpg\" alt=\"\" data-id=\"3141\" data-full-url=\"http:\/\/radioprimiciapelluhue.cl\/wp-content\/uploads\/2021\/06\/SERVEL-DATOS-REGION-DEL-MAULE-1.jpg\" data-link=\"http:\/\/radioprimiciapelluhue.cl\/?attachment_id=3141\" class=\"wp-image-3141\" srcset=\"https:\/\/radioprimiciapelluhue.cl\/wp-content\/uploads\/2021\/06\/SERVEL-DATOS-REGION-DEL-MAULE-1-1024x576.jpg 1024w, https:\/\/radioprimiciapelluhue.cl\/wp-content\/uploads\/2021\/06\/SERVEL-DATOS-REGION-DEL-MAULE-1-300x169.jpg 300w, https:\/\/radioprimiciapelluhue.cl\/wp-content\/uploads\/2021\/06\/SERVEL-DATOS-REGION-DEL-MAULE-1-768x432.jpg 768w, https:\/\/radioprimiciapelluhue.cl\/wp-content\/uploads\/2021\/06\/SERVEL-DATOS-REGION-DEL-MAULE-1-727x409.jpg 727w, https:\/\/radioprimiciapelluhue.cl\/wp-content\/uploads\/2021\/06\/SERVEL-DATOS-REGION-DEL-MAULE-1-1110x624.jpg 1110w, https:\/\/radioprimiciapelluhue.cl\/wp-content\/uploads\/2021\/06\/SERVEL-DATOS-REGION-DEL-MAULE-1-720x406.jpg 720w, https:\/\/radioprimiciapelluhue.cl\/wp-content\/uploads\/2021\/06\/SERVEL-DATOS-REGION-DEL-MAULE-1-750x422.jpg 750w, https:\/\/radioprimiciapelluhue.cl\/wp-content\/uploads\/2021\/06\/SERVEL-DATOS-REGION-DEL-MAULE-1.jpg 1366w\" sizes=\"auto, (max-width: 1024px) 100vw, 1024px\" \/><\/a><\/figure><\/li><\/ul><\/figure>\n","protected":false},"excerpt":{"rendered":"<p>La se\u00f1ora Cristina Bravo es electa Gobernadora por la Regi\u00f3n del Maule con 68.261. Mientras que Francisco Pulgar logr\u00f3 50.832. En la Regi\u00f3n del Maule de un total de 885.193 votantes, s\u00f3lo asistieron a sufragar 121.323 personas equivalente a un 13,7% del total. https:\/\/www.facebook.com\/watch\/?v=752988972038201<\/p>\n","protected":false},"author":2,"featured_media":3142,"comment_status":"closed","ping_status":"closed","sticky":false,"template":"","format":"standard","meta":{"footnotes":""},"categories":[2],"tags":[],"class_list":["post-3139","post","type-post","status-publish","format-standard","has-post-thumbnail","hentry","category-noticias"],"_links":{"self":[{"href":"https:\/\/radioprimiciapelluhue.cl\/index.php?rest_route=\/wp\/v2\/posts\/3139","targetHints":{"allow":["GET"]}}],"collection":[{"href":"https:\/\/radioprimiciapelluhue.cl\/index.php?rest_route=\/wp\/v2\/posts"}],"about":[{"href":"https:\/\/radioprimiciapelluhue.cl\/index.php?rest_route=\/wp\/v2\/types\/post"}],"author":[{"embeddable":true,"href":"https:\/\/radioprimiciapelluhue.cl\/index.php?rest_route=\/wp\/v2\/users\/2"}],"replies":[{"embeddable":true,"href":"https:\/\/radioprimiciapelluhue.cl\/index.php?rest_route=%2Fwp%2Fv2%2Fcomments&post=3139"}],"version-history":[{"count":1,"href":"https:\/\/radioprimiciapelluhue.cl\/index.php?rest_route=\/wp\/v2\/posts\/3139\/revisions"}],"predecessor-version":[{"id":3143,"href":"https:\/\/radioprimiciapelluhue.cl\/index.php?rest_route=\/wp\/v2\/posts\/3139\/revisions\/3143"}],"wp:featuredmedia":[{"embeddable":true,"href":"https:\/\/radioprimiciapelluhue.cl\/index.php?rest_route=\/wp\/v2\/media\/3142"}],"wp:attachment":[{"href":"https:\/\/radioprimiciapelluhue.cl\/index.php?rest_route=%2Fwp%2Fv2%2Fmedia&parent=3139"}],"wp:term":[{"taxonomy":"category","embeddable":true,"href":"https:\/\/radioprimiciapelluhue.cl\/index.php?rest_route=%2Fwp%2Fv2%2Fcategories&post=3139"},{"taxonomy":"post_tag","embeddable":true,"href":"https:\/\/radioprimiciapelluhue.cl\/index.php?rest_route=%2Fwp%2Fv2%2Ftags&post=3139"}],"curies":[{"name":"wp","href":"https:\/\/api.w.org\/{rel}","templated":true}]}}