{"id":3158,"date":"2021-06-19T16:51:45","date_gmt":"2021-06-19T20:51:45","guid":{"rendered":"http:\/\/radioprimiciapelluhue.cl\/?p=3158"},"modified":"2021-06-19T16:51:46","modified_gmt":"2021-06-19T20:51:46","slug":"mindep-ind-estrenan-oficinas-en-el-centro-del-deporte-maulino","status":"publish","type":"post","link":"https:\/\/radioprimiciapelluhue.cl\/?p=3158","title":{"rendered":"Mindep-IND estrenan oficinas en el centro del deporte maulino"},"content":{"rendered":"\n<p><strong>El Intendente de la Regi\u00f3n, Juan Eduardo Prieto, y la Directora Nacional del IND, Sof\u00eda Rengifo, inauguraron oficialmente las nuevas instalaciones en el Estadio Fiscal de Talca.<\/strong><\/p>\n\n\n\n<p>Un viejo anhelo que se transform\u00f3 en una necesidad luego del terremoto de 2010 vivi\u00f3 oficialmente su estreno en el Estadio Fiscal de Talca. Se trata de las nuevas oficinas del Ministerio del Deporte y del Instituto Nacional de Deportes, que acercar\u00e1n la gesti\u00f3n institucional hacia deportistas, beneficiarios y la comunidad en general.<\/p>\n\n\n\n<p>Las obras, que fueron inauguradas por el Intendente de la Regi\u00f3n, Juan Eduardo Prieto, y la Directora Nacional del IND, Sof\u00eda Rengifo, contemplan espacios de trabajo, ba\u00f1os, comedor y auditorio, con estructura principal de hormig\u00f3n armado en dos niveles, y una superficie total estimada de mil metros cuadrados.<\/p>\n\n\n\n<p>\u201cEs una tarea lograda que nos llena de satisfacci\u00f3n, y no solo porque nos permitir\u00e1 mejorar las condiciones laborales de nuestros funcionarios, sino que favorecer\u00e1 la relaci\u00f3n permanente con nuestros beneficiarios y deportistas de alto rendimiento\u201d, destac\u00f3 Sof\u00eda Rengifo, Directora Nacional del IND.<\/p>\n\n\n\n<p>La nueva estructura signific\u00f3 una inversi\u00f3n de M$1.529.937, financiada con recursos del Instituto Nacional del Deporte y aportes del Fondo Nacional de Desarrollo Regional (FNDR). Al respecto, el Intendente Regional valor\u00f3 el lugar estrat\u00e9gico de su emplazamiento, por cuanto \u201cel Estadio Fiscal tiene una superficie total de 15 hect\u00e1reas, donde en \u00e9pocas normales recibimos a m\u00e1s de 110 mil deportistas por temporada. Tengo la convicci\u00f3n que ser\u00e1 un gran espacio para seguir impulsado el deporte y la vida sana\u201d<\/p>\n\n\n\n<p>El Complejo Estadio Fiscal de Talca, administrado por el IND, cuenta con un Estadio de F\u00fatbol Profesional Clase A, Pista de Atletismo con 8 carriles, piscina abierta, piscina semiol\u00edmpica temperada, cancha de hockey, balonmano, 5 canchas de f\u00fatbol amateur e instalaciones para el entrenamiento de tenis de mesa, halterofilia, judo, karate, taekwondo, yoga, zumba y baile entretenido.<\/p>\n\n\n\n<figure class=\"wp-block-image size-large\"><a href=\"http:\/\/radioprimiciapelluhue.cl\/wp-content\/uploads\/2021\/06\/Foto-2.jpeg\"><img loading=\"lazy\" decoding=\"async\" width=\"1024\" height=\"768\" src=\"http:\/\/radioprimiciapelluhue.cl\/wp-content\/uploads\/2021\/06\/Foto-2.jpeg\" alt=\"\" class=\"wp-image-3159\" srcset=\"https:\/\/radioprimiciapelluhue.cl\/wp-content\/uploads\/2021\/06\/Foto-2.jpeg 1024w, https:\/\/radioprimiciapelluhue.cl\/wp-content\/uploads\/2021\/06\/Foto-2-300x225.jpeg 300w, https:\/\/radioprimiciapelluhue.cl\/wp-content\/uploads\/2021\/06\/Foto-2-768x576.jpeg 768w\" sizes=\"auto, (max-width: 1024px) 100vw, 1024px\" \/><\/a><\/figure>\n\n\n\n<figure class=\"wp-block-image size-large\"><a href=\"http:\/\/radioprimiciapelluhue.cl\/wp-content\/uploads\/2021\/06\/Foto-3.jpeg\"><img loading=\"lazy\" decoding=\"async\" width=\"1024\" height=\"768\" src=\"http:\/\/radioprimiciapelluhue.cl\/wp-content\/uploads\/2021\/06\/Foto-3.jpeg\" alt=\"\" class=\"wp-image-3160\" srcset=\"https:\/\/radioprimiciapelluhue.cl\/wp-content\/uploads\/2021\/06\/Foto-3.jpeg 1024w, https:\/\/radioprimiciapelluhue.cl\/wp-content\/uploads\/2021\/06\/Foto-3-300x225.jpeg 300w, https:\/\/radioprimiciapelluhue.cl\/wp-content\/uploads\/2021\/06\/Foto-3-768x576.jpeg 768w\" sizes=\"auto, (max-width: 1024px) 100vw, 1024px\" \/><\/a><\/figure>\n","protected":false},"excerpt":{"rendered":"<p>El Intendente de la Regi\u00f3n, Juan Eduardo Prieto, y la Directora Nacional del IND, Sof\u00eda Rengifo, inauguraron oficialmente las nuevas instalaciones en el Estadio Fiscal de Talca. Un viejo anhelo que se transform\u00f3 en una necesidad luego del terremoto de 2010 vivi\u00f3 oficialmente su estreno en el Estadio Fiscal de Talca. Se trata de las [&hellip;]<\/p>\n","protected":false},"author":2,"featured_media":3161,"comment_status":"closed","ping_status":"closed","sticky":false,"template":"","format":"standard","meta":{"footnotes":""},"categories":[2],"tags":[],"class_list":["post-3158","post","type-post","status-publish","format-standard","has-post-thumbnail","hentry","category-noticias"],"_links":{"self":[{"href":"https:\/\/radioprimiciapelluhue.cl\/index.php?rest_route=\/wp\/v2\/posts\/3158","targetHints":{"allow":["GET"]}}],"collection":[{"href":"https:\/\/radioprimiciapelluhue.cl\/index.php?rest_route=\/wp\/v2\/posts"}],"about":[{"href":"https:\/\/radioprimiciapelluhue.cl\/index.php?rest_route=\/wp\/v2\/types\/post"}],"author":[{"embeddable":true,"href":"https:\/\/radioprimiciapelluhue.cl\/index.php?rest_route=\/wp\/v2\/users\/2"}],"replies":[{"embeddable":true,"href":"https:\/\/radioprimiciapelluhue.cl\/index.php?rest_route=%2Fwp%2Fv2%2Fcomments&post=3158"}],"version-history":[{"count":1,"href":"https:\/\/radioprimiciapelluhue.cl\/index.php?rest_route=\/wp\/v2\/posts\/3158\/revisions"}],"predecessor-version":[{"id":3162,"href":"https:\/\/radioprimiciapelluhue.cl\/index.php?rest_route=\/wp\/v2\/posts\/3158\/revisions\/3162"}],"wp:featuredmedia":[{"embeddable":true,"href":"https:\/\/radioprimiciapelluhue.cl\/index.php?rest_route=\/wp\/v2\/media\/3161"}],"wp:attachment":[{"href":"https:\/\/radioprimiciapelluhue.cl\/index.php?rest_route=%2Fwp%2Fv2%2Fmedia&parent=3158"}],"wp:term":[{"taxonomy":"category","embeddable":true,"href":"https:\/\/radioprimiciapelluhue.cl\/index.php?rest_route=%2Fwp%2Fv2%2Fcategories&post=3158"},{"taxonomy":"post_tag","embeddable":true,"href":"https:\/\/radioprimiciapelluhue.cl\/index.php?rest_route=%2Fwp%2Fv2%2Ftags&post=3158"}],"curies":[{"name":"wp","href":"https:\/\/api.w.org\/{rel}","templated":true}]}}