{"id":3185,"date":"2021-06-26T21:37:42","date_gmt":"2021-06-27T01:37:42","guid":{"rendered":"http:\/\/radioprimiciapelluhue.cl\/?p=3185"},"modified":"2021-06-26T21:37:43","modified_gmt":"2021-06-27T01:37:43","slug":"senadora-rincon-y-reajuste-sueldo-minimo","status":"publish","type":"post","link":"https:\/\/radioprimiciapelluhue.cl\/?p=3185","title":{"rendered":"Senadora Rinc\u00f3n y reajuste sueldo m\u00ednimo"},"content":{"rendered":"\n<p>\u201cNo nos llena de orgullo, pero es un avance\u201d<\/p>\n\n\n\n<p>Finalmente, el salario m\u00ednimo para trabajadores de entre 18 y 65 a\u00f1os pasar\u00e1<\/p>\n\n\n\n<p>de 326 mil 500 a 337 mil 500 pesos, con efecto retroactivo a contar de mayo de<\/p>\n\n\n\n<p>este a\u00f1o. \u201cM\u00e1s all\u00e1 del aumento, que es exiguo, valoro que se haya acogido<\/p>\n\n\n\n<p>nuestra propuesta de establecer una mesa t\u00e9cnica que permitir\u00e1 que futuras<\/p>\n\n\n\n<p>discusiones se realicen con propuestas estudiadas, no de \u00faltima hora y con<\/p>\n\n\n\n<p>fundamentos t\u00e9cnicos\u201d, asegur\u00f3 la legisladora<\/p>\n\n\n\n<p>Un reajuste real de 3,1 por ciento tendr\u00e1 el salario m\u00ednimo tras el acuerdo alcanzando en el<\/p>\n\n\n\n<p>Congreso y que para los trabajadores de entre 18 y 65 a\u00f1os, significar\u00e1 pasar desde 326 500<\/p>\n\n\n\n<p>a 337 mil 500 pesos.<\/p>\n\n\n\n<p>Un incremento que, seg\u00fan la Senadora por el Maule y presidenta de la Comisi\u00f3n de<\/p>\n\n\n\n<p>Hacienda, no es el que esperaba, pero que significa un avance respecto a la necesidad de<\/p>\n\n\n\n<p>establecer remuneraciones por sobre la l\u00ednea de la pobreza.<\/p>\n\n\n\n<p>\u201cClaramente no es lo que quer\u00edamos, pero es un avance. A partir de mayo, el sueldo m\u00ednimo<\/p>\n\n\n\n<p>ser\u00e1 de 337 mil 500, pero en enero subir\u00e1 a 345 mil o 350 mil a partir de enero, lo que<\/p>\n\n\n\n<p>depender\u00e1 de si el crecimiento superior al tres por ciento del Imacec. No es un salario<\/p>\n\n\n\n<p>m\u00ednimo que nos llene de orgullo, m\u00e1s todav\u00eda si los parlamentarios no podemos proponer<\/p>\n\n\n\n<p>una cifra, sino que s\u00f3lo aprobar o rechazar la que plantea el Gobierno\u201d, precis\u00f3 la<\/p>\n\n\n\n<p>legisladora.<\/p>\n\n\n\n<p>Ximena Rinc\u00f3n destac\u00f3 que en la ley que se aprueba el incremento del salario m\u00ednimo se<\/p>\n\n\n\n<p>establece la creaci\u00f3n de una mesa t\u00e9cnica con representaci\u00f3n de trabajadores, acad\u00e9micos,<\/p>\n\n\n\n<p>profesionales de los ministerios del Trabajo y Hacienda y parlamentarios, quienes deber\u00e1n<\/p>\n\n\n\n<p>revisar par\u00e1metros, criterios y situaci\u00f3n pa\u00eds para proponer un ingreso m\u00ednimo en abril del<\/p>\n\n\n\n<p>pr\u00f3ximo a\u00f1o.<\/p>\n\n\n\n<p>\u201cM\u00e1s all\u00e1 del aumento, que es exiguo, valoro que se haya acogido nuestra propuesta de<\/p>\n\n\n\n<p>establecer una mesa t\u00e9cnica que permitir\u00e1 que futuras discusiones se realicen con<\/p>\n\n\n\n<p>propuestas estudiadas, no de \u00faltima hora y con fundamentos t\u00e9cnicos\u201d, asegur\u00f3 la<\/p>\n\n\n\n<p>parlamentaria<\/p>\n\n\n\n<p>A\u00f1adi\u00f3 que la discusi\u00f3n que se dio en la Comisi\u00f3n Mixta de Presupuesto es importante si se<\/p>\n\n\n\n<p>considera que m\u00e1s de 840 mil trabajadores ganan entre 0,9 y 1,25 sueldos m\u00ednimo y que de<\/p>\n\n\n\n<p>esa cifra, un 67 por ciento se concentra en empresas de menos de 50 trabajadores.<\/p>\n\n\n\n<p>\u201cEl tema sueldo es complejo, si consideramos que el 14,1 por ciento de los trabajadores de<\/p>\n\n\n\n<p>grandes empresas gana el salario m\u00ednimo, cifra que sube a 20% en las microempresas\u201d,<\/p>\n\n\n\n<p>puntualiz\u00f3 la Senadora.<\/p>\n\n\n\n<p>Finalmente Ximena Rinc\u00f3n plante\u00f3 que a nivel pa\u00eds, en 9 regiones, m\u00e1s del 20% de los<\/p>\n\n\n\n<p>trabajadores dependientes del sector privado gana el sueldo m\u00ednimo o menos. \u201cIncluso en el<\/p>\n\n\n\n<p>Maule, La Araucan\u00eda, \u00d1uble y Los R\u00edos, la cifra sube al 25%\u201d, concluy\u00f3.<\/p>\n\n\n\n<figure class=\"wp-block-gallery columns-1 is-cropped wp-block-gallery-1 is-layout-flex wp-block-gallery-is-layout-flex\"><ul class=\"blocks-gallery-grid\"><li class=\"blocks-gallery-item\"><figure><a href=\"http:\/\/radioprimiciapelluhue.cl\/wp-content\/uploads\/2021\/06\/sueldo-mi\u0301nimo.jpg\"><img loading=\"lazy\" decoding=\"async\" width=\"1024\" height=\"738\" src=\"http:\/\/radioprimiciapelluhue.cl\/wp-content\/uploads\/2021\/06\/sueldo-mi\u0301nimo-1024x738.jpg\" alt=\"\" data-id=\"3186\" data-full-url=\"http:\/\/radioprimiciapelluhue.cl\/wp-content\/uploads\/2021\/06\/sueldo-mi\u0301nimo.jpg\" data-link=\"http:\/\/radioprimiciapelluhue.cl\/?attachment_id=3186\" class=\"wp-image-3186\" srcset=\"https:\/\/radioprimiciapelluhue.cl\/wp-content\/uploads\/2021\/06\/sueldo-mi\u0301nimo-1024x738.jpg 1024w, https:\/\/radioprimiciapelluhue.cl\/wp-content\/uploads\/2021\/06\/sueldo-mi\u0301nimo-300x216.jpg 300w, https:\/\/radioprimiciapelluhue.cl\/wp-content\/uploads\/2021\/06\/sueldo-mi\u0301nimo-768x554.jpg 768w, https:\/\/radioprimiciapelluhue.cl\/wp-content\/uploads\/2021\/06\/sueldo-mi\u0301nimo.jpg 1404w\" sizes=\"auto, (max-width: 1024px) 100vw, 1024px\" \/><\/a><\/figure><\/li><\/ul><\/figure>\n","protected":false},"excerpt":{"rendered":"<p>\u201cNo nos llena de orgullo, pero es un avance\u201d Finalmente, el salario m\u00ednimo para trabajadores de entre 18 y 65 a\u00f1os pasar\u00e1 de 326 mil 500 a 337 mil 500 pesos, con efecto retroactivo a contar de mayo de este a\u00f1o. \u201cM\u00e1s all\u00e1 del aumento, que es exiguo, valoro que se haya acogido nuestra propuesta [&hellip;]<\/p>\n","protected":false},"author":2,"featured_media":3186,"comment_status":"closed","ping_status":"closed","sticky":false,"template":"","format":"standard","meta":{"footnotes":""},"categories":[2],"tags":[],"class_list":["post-3185","post","type-post","status-publish","format-standard","has-post-thumbnail","hentry","category-noticias"],"_links":{"self":[{"href":"https:\/\/radioprimiciapelluhue.cl\/index.php?rest_route=\/wp\/v2\/posts\/3185","targetHints":{"allow":["GET"]}}],"collection":[{"href":"https:\/\/radioprimiciapelluhue.cl\/index.php?rest_route=\/wp\/v2\/posts"}],"about":[{"href":"https:\/\/radioprimiciapelluhue.cl\/index.php?rest_route=\/wp\/v2\/types\/post"}],"author":[{"embeddable":true,"href":"https:\/\/radioprimiciapelluhue.cl\/index.php?rest_route=\/wp\/v2\/users\/2"}],"replies":[{"embeddable":true,"href":"https:\/\/radioprimiciapelluhue.cl\/index.php?rest_route=%2Fwp%2Fv2%2Fcomments&post=3185"}],"version-history":[{"count":1,"href":"https:\/\/radioprimiciapelluhue.cl\/index.php?rest_route=\/wp\/v2\/posts\/3185\/revisions"}],"predecessor-version":[{"id":3187,"href":"https:\/\/radioprimiciapelluhue.cl\/index.php?rest_route=\/wp\/v2\/posts\/3185\/revisions\/3187"}],"wp:featuredmedia":[{"embeddable":true,"href":"https:\/\/radioprimiciapelluhue.cl\/index.php?rest_route=\/wp\/v2\/media\/3186"}],"wp:attachment":[{"href":"https:\/\/radioprimiciapelluhue.cl\/index.php?rest_route=%2Fwp%2Fv2%2Fmedia&parent=3185"}],"wp:term":[{"taxonomy":"category","embeddable":true,"href":"https:\/\/radioprimiciapelluhue.cl\/index.php?rest_route=%2Fwp%2Fv2%2Fcategories&post=3185"},{"taxonomy":"post_tag","embeddable":true,"href":"https:\/\/radioprimiciapelluhue.cl\/index.php?rest_route=%2Fwp%2Fv2%2Ftags&post=3185"}],"curies":[{"name":"wp","href":"https:\/\/api.w.org\/{rel}","templated":true}]}}