{"id":3188,"date":"2021-06-27T22:13:49","date_gmt":"2021-06-28T02:13:49","guid":{"rendered":"http:\/\/radioprimiciapelluhue.cl\/?p=3188"},"modified":"2021-06-27T22:13:50","modified_gmt":"2021-06-28T02:13:50","slug":"este-lunes-28-asumen-las-nuevas-autoridades-de-la-comuna-de-pelluhue","status":"publish","type":"post","link":"https:\/\/radioprimiciapelluhue.cl\/?p=3188","title":{"rendered":"ESTE LUNES 28 ASUMEN LAS NUEVAS AUTORIDADES DE LA COMUNA DE PELLUHUE"},"content":{"rendered":"\n<p>Las nuevas autoridades de la comuna de Pelluhue asumir\u00e1n este lunes feriado con una ceremonia en el sal\u00f3n Municipal al medio d\u00eda<\/p>\n\n\n\n<p>De los Concejales que fueron a la reelecci\u00f3n solamente fue elegido uno solo el se\u00f1or Padilla<\/p>\n\n\n\n<p>As\u00ed mesionar tambi\u00e9n que el actual Concejal electo de <a href=\"https:\/\/www.facebook.com\/hashtag\/curanipe?__eep__=6&amp;__cft__%5b0%5d=AZWHPWczNS8V8ZcWVraQYD2RCTOaAFksOZdhhR5NJcQuhc7-_vjnNsDQ1zaBGm1Au-lV6xc9Htye1X5kUfMTAxoJVmstS0yFAuklAsP4yutU24aicpTcrjVSeVJzpmMKjenPSWRibHJtKWqnRQQdm_nvIYZYEly503RV_qSBbiA7539UpR30c_puOPJNM9t0PYY&amp;__tn__=*NK-R\">#Curanipe<\/a> por la comuna de <a href=\"https:\/\/www.facebook.com\/hashtag\/pelluhue?__eep__=6&amp;__cft__%5b0%5d=AZWHPWczNS8V8ZcWVraQYD2RCTOaAFksOZdhhR5NJcQuhc7-_vjnNsDQ1zaBGm1Au-lV6xc9Htye1X5kUfMTAxoJVmstS0yFAuklAsP4yutU24aicpTcrjVSeVJzpmMKjenPSWRibHJtKWqnRQQdm_nvIYZYEly503RV_qSBbiA7539UpR30c_puOPJNM9t0PYY&amp;__tn__=*NK-R\">#Pelluhue<\/a> el Se\u00f1or Claudio Merino Neira ser\u00e1 el nuevo director de <a href=\"https:\/\/www.facebook.com\/hashtag\/secpla?__eep__=6&amp;__cft__%5b0%5d=AZWHPWczNS8V8ZcWVraQYD2RCTOaAFksOZdhhR5NJcQuhc7-_vjnNsDQ1zaBGm1Au-lV6xc9Htye1X5kUfMTAxoJVmstS0yFAuklAsP4yutU24aicpTcrjVSeVJzpmMKjenPSWRibHJtKWqnRQQdm_nvIYZYEly503RV_qSBbiA7539UpR30c_puOPJNM9t0PYY&amp;__tn__=*NK-R\">#Secpla<\/a> (Secretaria de Planificaci\u00f3n) de la Municipalidad de <a href=\"https:\/\/www.facebook.com\/hashtag\/chanco?__eep__=6&amp;__cft__%5b0%5d=AZWHPWczNS8V8ZcWVraQYD2RCTOaAFksOZdhhR5NJcQuhc7-_vjnNsDQ1zaBGm1Au-lV6xc9Htye1X5kUfMTAxoJVmstS0yFAuklAsP4yutU24aicpTcrjVSeVJzpmMKjenPSWRibHJtKWqnRQQdm_nvIYZYEly503RV_qSBbiA7539UpR30c_puOPJNM9t0PYY&amp;__tn__=*NK-R\">#Chanco<\/a> y solo vendr\u00e1 a las reuniones de consejo que por ley puede dejar su trabajo para asistir a ellas<\/p>\n\n\n\n<p>Como medio de comunicaci\u00f3n estaremos atento para comunicar todos los avances y por menores de las Comunas, \u00e9xito y a seguir cuid\u00e1ndose la <a href=\"https:\/\/www.facebook.com\/hashtag\/pandemia?__eep__=6&amp;__cft__%5b0%5d=AZWHPWczNS8V8ZcWVraQYD2RCTOaAFksOZdhhR5NJcQuhc7-_vjnNsDQ1zaBGm1Au-lV6xc9Htye1X5kUfMTAxoJVmstS0yFAuklAsP4yutU24aicpTcrjVSeVJzpmMKjenPSWRibHJtKWqnRQQdm_nvIYZYEly503RV_qSBbiA7539UpR30c_puOPJNM9t0PYY&amp;__tn__=*NK-R\">#Pandemia<\/a> a\u00fan no para<\/p>\n\n\n\n<figure class=\"wp-block-gallery columns-2 is-cropped wp-block-gallery-1 is-layout-flex wp-block-gallery-is-layout-flex\"><ul class=\"blocks-gallery-grid\"><li class=\"blocks-gallery-item\"><figure><a href=\"http:\/\/radioprimiciapelluhue.cl\/wp-content\/uploads\/2021\/06\/207707385_2134498350023284_337412106421799815_n.jpg\"><img loading=\"lazy\" decoding=\"async\" width=\"473\" height=\"1024\" src=\"http:\/\/radioprimiciapelluhue.cl\/wp-content\/uploads\/2021\/06\/207707385_2134498350023284_337412106421799815_n-473x1024.jpg\" alt=\"\" data-id=\"3189\" data-full-url=\"http:\/\/radioprimiciapelluhue.cl\/wp-content\/uploads\/2021\/06\/207707385_2134498350023284_337412106421799815_n.jpg\" data-link=\"http:\/\/radioprimiciapelluhue.cl\/?attachment_id=3189\" class=\"wp-image-3189\" srcset=\"https:\/\/radioprimiciapelluhue.cl\/wp-content\/uploads\/2021\/06\/207707385_2134498350023284_337412106421799815_n-473x1024.jpg 473w, https:\/\/radioprimiciapelluhue.cl\/wp-content\/uploads\/2021\/06\/207707385_2134498350023284_337412106421799815_n-139x300.jpg 139w, https:\/\/radioprimiciapelluhue.cl\/wp-content\/uploads\/2021\/06\/207707385_2134498350023284_337412106421799815_n-768x1663.jpg 768w, https:\/\/radioprimiciapelluhue.cl\/wp-content\/uploads\/2021\/06\/207707385_2134498350023284_337412106421799815_n-710x1536.jpg 710w, https:\/\/radioprimiciapelluhue.cl\/wp-content\/uploads\/2021\/06\/207707385_2134498350023284_337412106421799815_n.jpg 946w\" sizes=\"auto, (max-width: 473px) 100vw, 473px\" \/><\/a><\/figure><\/li><li class=\"blocks-gallery-item\"><figure><a href=\"http:\/\/radioprimiciapelluhue.cl\/wp-content\/uploads\/2021\/06\/208822925_2134498373356615_3578834175731333765_n.jpg\"><img loading=\"lazy\" decoding=\"async\" width=\"473\" height=\"1024\" src=\"http:\/\/radioprimiciapelluhue.cl\/wp-content\/uploads\/2021\/06\/208822925_2134498373356615_3578834175731333765_n-473x1024.jpg\" alt=\"\" data-id=\"3190\" data-full-url=\"http:\/\/radioprimiciapelluhue.cl\/wp-content\/uploads\/2021\/06\/208822925_2134498373356615_3578834175731333765_n.jpg\" data-link=\"http:\/\/radioprimiciapelluhue.cl\/?attachment_id=3190\" class=\"wp-image-3190\" srcset=\"https:\/\/radioprimiciapelluhue.cl\/wp-content\/uploads\/2021\/06\/208822925_2134498373356615_3578834175731333765_n-473x1024.jpg 473w, https:\/\/radioprimiciapelluhue.cl\/wp-content\/uploads\/2021\/06\/208822925_2134498373356615_3578834175731333765_n-139x300.jpg 139w, https:\/\/radioprimiciapelluhue.cl\/wp-content\/uploads\/2021\/06\/208822925_2134498373356615_3578834175731333765_n-768x1663.jpg 768w, https:\/\/radioprimiciapelluhue.cl\/wp-content\/uploads\/2021\/06\/208822925_2134498373356615_3578834175731333765_n-710x1536.jpg 710w, https:\/\/radioprimiciapelluhue.cl\/wp-content\/uploads\/2021\/06\/208822925_2134498373356615_3578834175731333765_n.jpg 946w\" sizes=\"auto, (max-width: 473px) 100vw, 473px\" \/><\/a><\/figure><\/li><\/ul><\/figure>\n","protected":false},"excerpt":{"rendered":"<p>Las nuevas autoridades de la comuna de Pelluhue asumir\u00e1n este lunes feriado con una ceremonia en el sal\u00f3n Municipal al medio d\u00eda De los Concejales que fueron a la reelecci\u00f3n solamente fue elegido uno solo el se\u00f1or Padilla As\u00ed mesionar tambi\u00e9n que el actual Concejal electo de #Curanipe por la comuna de #Pelluhue el Se\u00f1or [&hellip;]<\/p>\n","protected":false},"author":2,"featured_media":3191,"comment_status":"closed","ping_status":"closed","sticky":false,"template":"","format":"standard","meta":{"footnotes":""},"categories":[2],"tags":[],"class_list":["post-3188","post","type-post","status-publish","format-standard","has-post-thumbnail","hentry","category-noticias"],"_links":{"self":[{"href":"https:\/\/radioprimiciapelluhue.cl\/index.php?rest_route=\/wp\/v2\/posts\/3188","targetHints":{"allow":["GET"]}}],"collection":[{"href":"https:\/\/radioprimiciapelluhue.cl\/index.php?rest_route=\/wp\/v2\/posts"}],"about":[{"href":"https:\/\/radioprimiciapelluhue.cl\/index.php?rest_route=\/wp\/v2\/types\/post"}],"author":[{"embeddable":true,"href":"https:\/\/radioprimiciapelluhue.cl\/index.php?rest_route=\/wp\/v2\/users\/2"}],"replies":[{"embeddable":true,"href":"https:\/\/radioprimiciapelluhue.cl\/index.php?rest_route=%2Fwp%2Fv2%2Fcomments&post=3188"}],"version-history":[{"count":1,"href":"https:\/\/radioprimiciapelluhue.cl\/index.php?rest_route=\/wp\/v2\/posts\/3188\/revisions"}],"predecessor-version":[{"id":3192,"href":"https:\/\/radioprimiciapelluhue.cl\/index.php?rest_route=\/wp\/v2\/posts\/3188\/revisions\/3192"}],"wp:featuredmedia":[{"embeddable":true,"href":"https:\/\/radioprimiciapelluhue.cl\/index.php?rest_route=\/wp\/v2\/media\/3191"}],"wp:attachment":[{"href":"https:\/\/radioprimiciapelluhue.cl\/index.php?rest_route=%2Fwp%2Fv2%2Fmedia&parent=3188"}],"wp:term":[{"taxonomy":"category","embeddable":true,"href":"https:\/\/radioprimiciapelluhue.cl\/index.php?rest_route=%2Fwp%2Fv2%2Fcategories&post=3188"},{"taxonomy":"post_tag","embeddable":true,"href":"https:\/\/radioprimiciapelluhue.cl\/index.php?rest_route=%2Fwp%2Fv2%2Ftags&post=3188"}],"curies":[{"name":"wp","href":"https:\/\/api.w.org\/{rel}","templated":true}]}}