{"id":3193,"date":"2021-06-27T22:28:50","date_gmt":"2021-06-28T02:28:50","guid":{"rendered":"http:\/\/radioprimiciapelluhue.cl\/?p=3193"},"modified":"2021-06-27T22:28:51","modified_gmt":"2021-06-28T02:28:51","slug":"informe-covid19-de-hoy-27-de-junio-2021","status":"publish","type":"post","link":"https:\/\/radioprimiciapelluhue.cl\/?p=3193","title":{"rendered":"Inform\u00e9 #Covid19 de hoy 27 de junio 2021"},"content":{"rendered":"\n<p>Casos activos y fase en la Provincia Cauquenes Fase2 transici\u00f3n Casos activos 109<\/p>\n\n\n\n<p>Pelluhue FASE2 Transici\u00f3n fin de semana Cuarentena Casos Activos 31<\/p>\n\n\n\n<p>Chanco FASE3 <a href=\"https:\/\/www.facebook.com\/hashtag\/preparaci%C3%B3n?__eep__=6&amp;__cft__[0]=AZWs_gQO6dET2FBmu6U2udRMReAtdrTxtH4o6S2QqEStvLXHBIQWVcnphKiRlSiPFFhxp4FHAH33YcCwl2BEjrxOu5rUR0ii7Itt8HrUz88hM_j7hTIspVdL3qIPwambBFGOr-vsY6ffCN6uS_ANlC2O93bbWbhLRkmsG1Inw8S2e9Hr0dOsyBZobSGfl-zae2U&amp;__tn__=*NK-R\">#Preparaci\u00f3n<\/a> Casos Activos 13<\/p>\n\n\n\n<p>Siga cuid\u00e1ndose use la mascarilla, alcohol gel, mantenga distancia, no se den abrazos ni salude de besos Cuid\u00e9monos entre todos <a rel=\"noreferrer noopener\" href=\"https:\/\/www.gob.cl\/pasoapaso\/?fbclid=IwAR1c2WZlQgpgaiZisa2tc-gz0KrwQDl5J-RV61SReRbIpuzXf2rgbsyXy9I\" target=\"_blank\">https:\/\/www.gob.cl\/pasoapaso\/<\/a><\/p>\n\n\n\n<p><\/p>\n\n\n\n<figure class=\"wp-block-gallery columns-2 is-cropped wp-block-gallery-1 is-layout-flex wp-block-gallery-is-layout-flex\"><ul class=\"blocks-gallery-grid\"><li class=\"blocks-gallery-item\"><figure><a href=\"http:\/\/radioprimiciapelluhue.cl\/wp-content\/uploads\/2021\/06\/ACTIVOS-COVID-19-27-DE-JUNIO-2021.jpg\"><img loading=\"lazy\" decoding=\"async\" width=\"473\" height=\"1024\" src=\"http:\/\/radioprimiciapelluhue.cl\/wp-content\/uploads\/2021\/06\/ACTIVOS-COVID-19-27-DE-JUNIO-2021-473x1024.jpg\" alt=\"\" data-id=\"3194\" data-full-url=\"http:\/\/radioprimiciapelluhue.cl\/wp-content\/uploads\/2021\/06\/ACTIVOS-COVID-19-27-DE-JUNIO-2021.jpg\" data-link=\"http:\/\/radioprimiciapelluhue.cl\/?attachment_id=3194\" class=\"wp-image-3194\" srcset=\"https:\/\/radioprimiciapelluhue.cl\/wp-content\/uploads\/2021\/06\/ACTIVOS-COVID-19-27-DE-JUNIO-2021-473x1024.jpg 473w, https:\/\/radioprimiciapelluhue.cl\/wp-content\/uploads\/2021\/06\/ACTIVOS-COVID-19-27-DE-JUNIO-2021-139x300.jpg 139w, https:\/\/radioprimiciapelluhue.cl\/wp-content\/uploads\/2021\/06\/ACTIVOS-COVID-19-27-DE-JUNIO-2021-768x1663.jpg 768w, https:\/\/radioprimiciapelluhue.cl\/wp-content\/uploads\/2021\/06\/ACTIVOS-COVID-19-27-DE-JUNIO-2021-710x1536.jpg 710w, https:\/\/radioprimiciapelluhue.cl\/wp-content\/uploads\/2021\/06\/ACTIVOS-COVID-19-27-DE-JUNIO-2021.jpg 946w\" sizes=\"auto, (max-width: 473px) 100vw, 473px\" \/><\/a><\/figure><\/li><li class=\"blocks-gallery-item\"><figure><a href=\"http:\/\/radioprimiciapelluhue.cl\/wp-content\/uploads\/2021\/06\/CONFIRMADOS-COVID-19-27-DE-JUNIO-2021.jpg\"><img loading=\"lazy\" decoding=\"async\" width=\"473\" height=\"1024\" src=\"http:\/\/radioprimiciapelluhue.cl\/wp-content\/uploads\/2021\/06\/CONFIRMADOS-COVID-19-27-DE-JUNIO-2021-473x1024.jpg\" alt=\"\" data-id=\"3195\" data-full-url=\"http:\/\/radioprimiciapelluhue.cl\/wp-content\/uploads\/2021\/06\/CONFIRMADOS-COVID-19-27-DE-JUNIO-2021.jpg\" data-link=\"http:\/\/radioprimiciapelluhue.cl\/?attachment_id=3195\" class=\"wp-image-3195\" srcset=\"https:\/\/radioprimiciapelluhue.cl\/wp-content\/uploads\/2021\/06\/CONFIRMADOS-COVID-19-27-DE-JUNIO-2021-473x1024.jpg 473w, https:\/\/radioprimiciapelluhue.cl\/wp-content\/uploads\/2021\/06\/CONFIRMADOS-COVID-19-27-DE-JUNIO-2021-139x300.jpg 139w, https:\/\/radioprimiciapelluhue.cl\/wp-content\/uploads\/2021\/06\/CONFIRMADOS-COVID-19-27-DE-JUNIO-2021-768x1663.jpg 768w, https:\/\/radioprimiciapelluhue.cl\/wp-content\/uploads\/2021\/06\/CONFIRMADOS-COVID-19-27-DE-JUNIO-2021-710x1536.jpg 710w, https:\/\/radioprimiciapelluhue.cl\/wp-content\/uploads\/2021\/06\/CONFIRMADOS-COVID-19-27-DE-JUNIO-2021.jpg 946w\" sizes=\"auto, (max-width: 473px) 100vw, 473px\" \/><\/a><\/figure><\/li><\/ul><\/figure>\n","protected":false},"excerpt":{"rendered":"<p>Casos activos y fase en la Provincia Cauquenes Fase2 transici\u00f3n Casos activos 109 Pelluhue FASE2 Transici\u00f3n fin de semana Cuarentena Casos Activos 31 Chanco FASE3 #Preparaci\u00f3n Casos Activos 13 Siga cuid\u00e1ndose use la mascarilla, alcohol gel, mantenga distancia, no se den abrazos ni salude de besos Cuid\u00e9monos entre todos https:\/\/www.gob.cl\/pasoapaso\/<\/p>\n","protected":false},"author":2,"featured_media":2916,"comment_status":"closed","ping_status":"closed","sticky":false,"template":"","format":"standard","meta":{"footnotes":""},"categories":[57],"tags":[],"class_list":["post-3193","post","type-post","status-publish","format-standard","has-post-thumbnail","hentry","category-covid19"],"_links":{"self":[{"href":"https:\/\/radioprimiciapelluhue.cl\/index.php?rest_route=\/wp\/v2\/posts\/3193","targetHints":{"allow":["GET"]}}],"collection":[{"href":"https:\/\/radioprimiciapelluhue.cl\/index.php?rest_route=\/wp\/v2\/posts"}],"about":[{"href":"https:\/\/radioprimiciapelluhue.cl\/index.php?rest_route=\/wp\/v2\/types\/post"}],"author":[{"embeddable":true,"href":"https:\/\/radioprimiciapelluhue.cl\/index.php?rest_route=\/wp\/v2\/users\/2"}],"replies":[{"embeddable":true,"href":"https:\/\/radioprimiciapelluhue.cl\/index.php?rest_route=%2Fwp%2Fv2%2Fcomments&post=3193"}],"version-history":[{"count":1,"href":"https:\/\/radioprimiciapelluhue.cl\/index.php?rest_route=\/wp\/v2\/posts\/3193\/revisions"}],"predecessor-version":[{"id":3196,"href":"https:\/\/radioprimiciapelluhue.cl\/index.php?rest_route=\/wp\/v2\/posts\/3193\/revisions\/3196"}],"wp:featuredmedia":[{"embeddable":true,"href":"https:\/\/radioprimiciapelluhue.cl\/index.php?rest_route=\/wp\/v2\/media\/2916"}],"wp:attachment":[{"href":"https:\/\/radioprimiciapelluhue.cl\/index.php?rest_route=%2Fwp%2Fv2%2Fmedia&parent=3193"}],"wp:term":[{"taxonomy":"category","embeddable":true,"href":"https:\/\/radioprimiciapelluhue.cl\/index.php?rest_route=%2Fwp%2Fv2%2Fcategories&post=3193"},{"taxonomy":"post_tag","embeddable":true,"href":"https:\/\/radioprimiciapelluhue.cl\/index.php?rest_route=%2Fwp%2Fv2%2Ftags&post=3193"}],"curies":[{"name":"wp","href":"https:\/\/api.w.org\/{rel}","templated":true}]}}