{"id":3197,"date":"2021-06-27T22:36:28","date_gmt":"2021-06-28T02:36:28","guid":{"rendered":"http:\/\/radioprimiciapelluhue.cl\/?p=3197"},"modified":"2021-06-27T22:36:29","modified_gmt":"2021-06-28T02:36:29","slug":"fiesta-clandestina-en-pelluhue-deja-9-detenidos","status":"publish","type":"post","link":"https:\/\/radioprimiciapelluhue.cl\/?p=3197","title":{"rendered":"FIESTA CLANDESTINA EN PELLUHUE DEJA 9 DETENIDOS."},"content":{"rendered":"\n<p>6 Hombres y 3 mujeres.<\/p>\n\n\n\n<p>Carabineros del sector costero en horas de la madrugada de este domingo, verifica un procedimiento policial por un llamado telef\u00f3nico indicando que se estaba efectuando una fiesta clandestina en la playa denominada \u00abEl Peu\u00f1o\u00bb, debido a ello se detect\u00f3 que exist\u00eda m\u00fasica a alto volumen y gritos, adem\u00e1s de mantener una carpa en el lugar.<\/p>\n\n\n\n<p>Es por ello, que Carabineros detuvo a 9 sujetos (6 hombres y 3 mujeres) quienes manten\u00edan una celebraci\u00f3n y, por su parte el personal de Seremi de salud procedi\u00f3 a cursar sumario sanitario a todos los detenidos.<\/p>\n\n\n\n<p>Por instrucci\u00f3n del Fiscal de turno, se detuvo al organizador del evento, quien pasar\u00e1 a control de detenci\u00f3n en horas de la ma\u00f1ana de este domingo; por su parte, los 8 detenidos restantes quedan citados para los pr\u00f3ximos d\u00edas al Juzgado de Garant\u00eda de Chanco, para continuar con las investigaciones correspondientes.<\/p>\n\n\n\n<p>CARABINEROS DE CHILE, ORDEN Y PATRIA.<\/p>\n\n\n\n<figure class=\"wp-block-gallery columns-1 is-cropped wp-block-gallery-1 is-layout-flex wp-block-gallery-is-layout-flex\"><ul class=\"blocks-gallery-grid\"><li class=\"blocks-gallery-item\"><figure><a href=\"http:\/\/radioprimiciapelluhue.cl\/wp-content\/uploads\/2021\/06\/CARABINEROS.jpg\"><img loading=\"lazy\" decoding=\"async\" width=\"1024\" height=\"551\" src=\"http:\/\/radioprimiciapelluhue.cl\/wp-content\/uploads\/2021\/06\/CARABINEROS-1024x551.jpg\" alt=\"\" data-id=\"3198\" data-full-url=\"http:\/\/radioprimiciapelluhue.cl\/wp-content\/uploads\/2021\/06\/CARABINEROS.jpg\" data-link=\"http:\/\/radioprimiciapelluhue.cl\/?attachment_id=3198\" class=\"wp-image-3198\" srcset=\"https:\/\/radioprimiciapelluhue.cl\/wp-content\/uploads\/2021\/06\/CARABINEROS-1024x551.jpg 1024w, https:\/\/radioprimiciapelluhue.cl\/wp-content\/uploads\/2021\/06\/CARABINEROS-300x161.jpg 300w, https:\/\/radioprimiciapelluhue.cl\/wp-content\/uploads\/2021\/06\/CARABINEROS-768x413.jpg 768w, https:\/\/radioprimiciapelluhue.cl\/wp-content\/uploads\/2021\/06\/CARABINEROS.jpg 1028w\" sizes=\"auto, (max-width: 1024px) 100vw, 1024px\" \/><\/a><\/figure><\/li><\/ul><\/figure>\n","protected":false},"excerpt":{"rendered":"<p>6 Hombres y 3 mujeres. Carabineros del sector costero en horas de la madrugada de este domingo, verifica un procedimiento policial por un llamado telef\u00f3nico indicando que se estaba efectuando una fiesta clandestina en la playa denominada \u00abEl Peu\u00f1o\u00bb, debido a ello se detect\u00f3 que exist\u00eda m\u00fasica a alto volumen y gritos, adem\u00e1s de mantener [&hellip;]<\/p>\n","protected":false},"author":2,"featured_media":3198,"comment_status":"closed","ping_status":"closed","sticky":false,"template":"","format":"standard","meta":{"footnotes":""},"categories":[59],"tags":[],"class_list":["post-3197","post","type-post","status-publish","format-standard","has-post-thumbnail","hentry","category-policial"],"_links":{"self":[{"href":"https:\/\/radioprimiciapelluhue.cl\/index.php?rest_route=\/wp\/v2\/posts\/3197","targetHints":{"allow":["GET"]}}],"collection":[{"href":"https:\/\/radioprimiciapelluhue.cl\/index.php?rest_route=\/wp\/v2\/posts"}],"about":[{"href":"https:\/\/radioprimiciapelluhue.cl\/index.php?rest_route=\/wp\/v2\/types\/post"}],"author":[{"embeddable":true,"href":"https:\/\/radioprimiciapelluhue.cl\/index.php?rest_route=\/wp\/v2\/users\/2"}],"replies":[{"embeddable":true,"href":"https:\/\/radioprimiciapelluhue.cl\/index.php?rest_route=%2Fwp%2Fv2%2Fcomments&post=3197"}],"version-history":[{"count":1,"href":"https:\/\/radioprimiciapelluhue.cl\/index.php?rest_route=\/wp\/v2\/posts\/3197\/revisions"}],"predecessor-version":[{"id":3199,"href":"https:\/\/radioprimiciapelluhue.cl\/index.php?rest_route=\/wp\/v2\/posts\/3197\/revisions\/3199"}],"wp:featuredmedia":[{"embeddable":true,"href":"https:\/\/radioprimiciapelluhue.cl\/index.php?rest_route=\/wp\/v2\/media\/3198"}],"wp:attachment":[{"href":"https:\/\/radioprimiciapelluhue.cl\/index.php?rest_route=%2Fwp%2Fv2%2Fmedia&parent=3197"}],"wp:term":[{"taxonomy":"category","embeddable":true,"href":"https:\/\/radioprimiciapelluhue.cl\/index.php?rest_route=%2Fwp%2Fv2%2Fcategories&post=3197"},{"taxonomy":"post_tag","embeddable":true,"href":"https:\/\/radioprimiciapelluhue.cl\/index.php?rest_route=%2Fwp%2Fv2%2Ftags&post=3197"}],"curies":[{"name":"wp","href":"https:\/\/api.w.org\/{rel}","templated":true}]}}