{"id":3200,"date":"2021-06-28T17:31:54","date_gmt":"2021-06-28T21:31:54","guid":{"rendered":"http:\/\/radioprimiciapelluhue.cl\/?p=3200"},"modified":"2021-06-28T17:31:55","modified_gmt":"2021-06-28T21:31:55","slug":"informe-covid-19-28-de-junio-2021","status":"publish","type":"post","link":"https:\/\/radioprimiciapelluhue.cl\/?p=3200","title":{"rendered":"INFORME COVID 19 28 DE JUNIO 2021"},"content":{"rendered":"\n<p>Casos activos y fase en la Provincia<\/p>\n\n\n\n<p>Cauquenes Fase2 transici\u00f3n Casos activos 110<\/p>\n\n\n\n<p>Pelluhue FASE2 Transici\u00f3n fin de semana Cuarentena Casos Activos 40<\/p>\n\n\n\n<p>Chanco FASE3 <a href=\"https:\/\/www.facebook.com\/hashtag\/preparaci%C3%B3n?__eep__=6&amp;__cft__%5b0%5d=AZVl9JmfW22m06XMxRBDxIqLNo2TPyImmixIPKhV1JrdiG7bltN3JRBX2s2DLbcIShJsei0Jqp-sqTM7_uE5VaqdvOuaLcDzc2kfQ-z9Uw92ziYFVDZavupwKmygeET3jr6Lf3kl2Bde7OYNCL4k0-frI_mSeFHvtq__mhjn-nJEjPiipWYyb-IpYnAS_1hDgEg&amp;__tn__=*NK-R\">#Preparaci\u00f3n<\/a> Casos Activos 14<\/p>\n\n\n\n<p>Siga cuid\u00e1ndose use la mascarilla, alcohol gel, mantenga distancia, no se den abrazos ni salude de besos<\/p>\n\n\n\n<p>Cuid\u00e9monos entre todos<\/p>\n\n\n\n<p><a href=\"https:\/\/www.gob.cl\/pasoapaso\/\">https:\/\/www.gob.cl\/pasoapaso\/<\/a><\/p>\n\n\n\n<figure class=\"wp-block-gallery columns-3 is-cropped wp-block-gallery-1 is-layout-flex wp-block-gallery-is-layout-flex\"><ul class=\"blocks-gallery-grid\"><li class=\"blocks-gallery-item\"><figure><a href=\"http:\/\/radioprimiciapelluhue.cl\/wp-content\/uploads\/2021\/06\/199967696_2135167173289735_6887517513333464101_n.jpg\"><img loading=\"lazy\" decoding=\"async\" width=\"1024\" height=\"561\" src=\"http:\/\/radioprimiciapelluhue.cl\/wp-content\/uploads\/2021\/06\/199967696_2135167173289735_6887517513333464101_n-1024x561.jpg\" alt=\"\" data-id=\"3201\" data-full-url=\"http:\/\/radioprimiciapelluhue.cl\/wp-content\/uploads\/2021\/06\/199967696_2135167173289735_6887517513333464101_n.jpg\" data-link=\"http:\/\/radioprimiciapelluhue.cl\/?attachment_id=3201\" class=\"wp-image-3201\" srcset=\"https:\/\/radioprimiciapelluhue.cl\/wp-content\/uploads\/2021\/06\/199967696_2135167173289735_6887517513333464101_n-1024x561.jpg 1024w, https:\/\/radioprimiciapelluhue.cl\/wp-content\/uploads\/2021\/06\/199967696_2135167173289735_6887517513333464101_n-300x164.jpg 300w, https:\/\/radioprimiciapelluhue.cl\/wp-content\/uploads\/2021\/06\/199967696_2135167173289735_6887517513333464101_n-768x421.jpg 768w, https:\/\/radioprimiciapelluhue.cl\/wp-content\/uploads\/2021\/06\/199967696_2135167173289735_6887517513333464101_n.jpg 1080w\" sizes=\"auto, (max-width: 1024px) 100vw, 1024px\" \/><\/a><\/figure><\/li><li class=\"blocks-gallery-item\"><figure><a href=\"http:\/\/radioprimiciapelluhue.cl\/wp-content\/uploads\/2021\/06\/202131192_2135167166623069_404911904412897220_n.jpg\"><img loading=\"lazy\" decoding=\"async\" width=\"1024\" height=\"566\" src=\"http:\/\/radioprimiciapelluhue.cl\/wp-content\/uploads\/2021\/06\/202131192_2135167166623069_404911904412897220_n-1024x566.jpg\" alt=\"\" data-id=\"3202\" data-full-url=\"http:\/\/radioprimiciapelluhue.cl\/wp-content\/uploads\/2021\/06\/202131192_2135167166623069_404911904412897220_n.jpg\" data-link=\"http:\/\/radioprimiciapelluhue.cl\/?attachment_id=3202\" class=\"wp-image-3202\" srcset=\"https:\/\/radioprimiciapelluhue.cl\/wp-content\/uploads\/2021\/06\/202131192_2135167166623069_404911904412897220_n-1024x566.jpg 1024w, https:\/\/radioprimiciapelluhue.cl\/wp-content\/uploads\/2021\/06\/202131192_2135167166623069_404911904412897220_n-300x166.jpg 300w, https:\/\/radioprimiciapelluhue.cl\/wp-content\/uploads\/2021\/06\/202131192_2135167166623069_404911904412897220_n-768x425.jpg 768w, https:\/\/radioprimiciapelluhue.cl\/wp-content\/uploads\/2021\/06\/202131192_2135167166623069_404911904412897220_n.jpg 1080w\" sizes=\"auto, (max-width: 1024px) 100vw, 1024px\" \/><\/a><\/figure><\/li><li class=\"blocks-gallery-item\"><figure><a href=\"http:\/\/radioprimiciapelluhue.cl\/wp-content\/uploads\/2021\/06\/ACTIVOS-COVID-19-28-DE-JUNIO-2021.jpg\"><img loading=\"lazy\" decoding=\"async\" width=\"473\" height=\"1024\" src=\"http:\/\/radioprimiciapelluhue.cl\/wp-content\/uploads\/2021\/06\/ACTIVOS-COVID-19-28-DE-JUNIO-2021-473x1024.jpg\" alt=\"\" data-id=\"3203\" data-full-url=\"http:\/\/radioprimiciapelluhue.cl\/wp-content\/uploads\/2021\/06\/ACTIVOS-COVID-19-28-DE-JUNIO-2021.jpg\" data-link=\"http:\/\/radioprimiciapelluhue.cl\/?attachment_id=3203\" class=\"wp-image-3203\" srcset=\"https:\/\/radioprimiciapelluhue.cl\/wp-content\/uploads\/2021\/06\/ACTIVOS-COVID-19-28-DE-JUNIO-2021-473x1024.jpg 473w, https:\/\/radioprimiciapelluhue.cl\/wp-content\/uploads\/2021\/06\/ACTIVOS-COVID-19-28-DE-JUNIO-2021-139x300.jpg 139w, https:\/\/radioprimiciapelluhue.cl\/wp-content\/uploads\/2021\/06\/ACTIVOS-COVID-19-28-DE-JUNIO-2021-768x1663.jpg 768w, https:\/\/radioprimiciapelluhue.cl\/wp-content\/uploads\/2021\/06\/ACTIVOS-COVID-19-28-DE-JUNIO-2021-710x1536.jpg 710w, https:\/\/radioprimiciapelluhue.cl\/wp-content\/uploads\/2021\/06\/ACTIVOS-COVID-19-28-DE-JUNIO-2021.jpg 946w\" sizes=\"auto, (max-width: 473px) 100vw, 473px\" \/><\/a><\/figure><\/li><li class=\"blocks-gallery-item\"><figure><a href=\"http:\/\/radioprimiciapelluhue.cl\/wp-content\/uploads\/2021\/06\/CONFIRMADOS-COVID-19-28-DE-JUNIO-2021.jpg\"><img loading=\"lazy\" decoding=\"async\" width=\"473\" height=\"1024\" src=\"http:\/\/radioprimiciapelluhue.cl\/wp-content\/uploads\/2021\/06\/CONFIRMADOS-COVID-19-28-DE-JUNIO-2021-473x1024.jpg\" alt=\"\" data-id=\"3204\" data-full-url=\"http:\/\/radioprimiciapelluhue.cl\/wp-content\/uploads\/2021\/06\/CONFIRMADOS-COVID-19-28-DE-JUNIO-2021.jpg\" data-link=\"http:\/\/radioprimiciapelluhue.cl\/?attachment_id=3204\" class=\"wp-image-3204\" srcset=\"https:\/\/radioprimiciapelluhue.cl\/wp-content\/uploads\/2021\/06\/CONFIRMADOS-COVID-19-28-DE-JUNIO-2021-473x1024.jpg 473w, https:\/\/radioprimiciapelluhue.cl\/wp-content\/uploads\/2021\/06\/CONFIRMADOS-COVID-19-28-DE-JUNIO-2021-139x300.jpg 139w, https:\/\/radioprimiciapelluhue.cl\/wp-content\/uploads\/2021\/06\/CONFIRMADOS-COVID-19-28-DE-JUNIO-2021-768x1663.jpg 768w, https:\/\/radioprimiciapelluhue.cl\/wp-content\/uploads\/2021\/06\/CONFIRMADOS-COVID-19-28-DE-JUNIO-2021-710x1536.jpg 710w, https:\/\/radioprimiciapelluhue.cl\/wp-content\/uploads\/2021\/06\/CONFIRMADOS-COVID-19-28-DE-JUNIO-2021.jpg 946w\" sizes=\"auto, (max-width: 473px) 100vw, 473px\" \/><\/a><\/figure><\/li><\/ul><\/figure>\n","protected":false},"excerpt":{"rendered":"<p>Casos activos y fase en la Provincia Cauquenes Fase2 transici\u00f3n Casos activos 110 Pelluhue FASE2 Transici\u00f3n fin de semana Cuarentena Casos Activos 40 Chanco FASE3 #Preparaci\u00f3n Casos Activos 14 Siga cuid\u00e1ndose use la mascarilla, alcohol gel, mantenga distancia, no se den abrazos ni salude de besos Cuid\u00e9monos entre todos https:\/\/www.gob.cl\/pasoapaso\/<\/p>\n","protected":false},"author":2,"featured_media":2916,"comment_status":"closed","ping_status":"closed","sticky":false,"template":"","format":"standard","meta":{"footnotes":""},"categories":[57],"tags":[],"class_list":["post-3200","post","type-post","status-publish","format-standard","has-post-thumbnail","hentry","category-covid19"],"_links":{"self":[{"href":"https:\/\/radioprimiciapelluhue.cl\/index.php?rest_route=\/wp\/v2\/posts\/3200","targetHints":{"allow":["GET"]}}],"collection":[{"href":"https:\/\/radioprimiciapelluhue.cl\/index.php?rest_route=\/wp\/v2\/posts"}],"about":[{"href":"https:\/\/radioprimiciapelluhue.cl\/index.php?rest_route=\/wp\/v2\/types\/post"}],"author":[{"embeddable":true,"href":"https:\/\/radioprimiciapelluhue.cl\/index.php?rest_route=\/wp\/v2\/users\/2"}],"replies":[{"embeddable":true,"href":"https:\/\/radioprimiciapelluhue.cl\/index.php?rest_route=%2Fwp%2Fv2%2Fcomments&post=3200"}],"version-history":[{"count":1,"href":"https:\/\/radioprimiciapelluhue.cl\/index.php?rest_route=\/wp\/v2\/posts\/3200\/revisions"}],"predecessor-version":[{"id":3205,"href":"https:\/\/radioprimiciapelluhue.cl\/index.php?rest_route=\/wp\/v2\/posts\/3200\/revisions\/3205"}],"wp:featuredmedia":[{"embeddable":true,"href":"https:\/\/radioprimiciapelluhue.cl\/index.php?rest_route=\/wp\/v2\/media\/2916"}],"wp:attachment":[{"href":"https:\/\/radioprimiciapelluhue.cl\/index.php?rest_route=%2Fwp%2Fv2%2Fmedia&parent=3200"}],"wp:term":[{"taxonomy":"category","embeddable":true,"href":"https:\/\/radioprimiciapelluhue.cl\/index.php?rest_route=%2Fwp%2Fv2%2Fcategories&post=3200"},{"taxonomy":"post_tag","embeddable":true,"href":"https:\/\/radioprimiciapelluhue.cl\/index.php?rest_route=%2Fwp%2Fv2%2Ftags&post=3200"}],"curies":[{"name":"wp","href":"https:\/\/api.w.org\/{rel}","templated":true}]}}