{"id":3214,"date":"2021-06-29T20:39:05","date_gmt":"2021-06-30T00:39:05","guid":{"rendered":"http:\/\/radioprimiciapelluhue.cl\/?p=3214"},"modified":"2021-06-29T20:39:06","modified_gmt":"2021-06-30T00:39:06","slug":"mas-de-4-200-vehiculos-fueron-devueltos-por-carabineros-durante-el-fin-de-semana-largo","status":"publish","type":"post","link":"https:\/\/radioprimiciapelluhue.cl\/?p=3214","title":{"rendered":"M\u00c1S DE 4.200 VEH\u00cdCULOS FUERON DEVUELTOS POR CARABINEROS DURANTE EL FIN DE SEMANA LARGO."},"content":{"rendered":"\n<p>M\u00e1s de dos mil uniformados se desplegaron a nivel nacional en los servicios extraordinarios que incluyeron cordones y aduanas sanitarias, puntos din\u00e1micos de fiscalizaci\u00f3n, controles en terminales de buses y trabajo conjunto de Carabineros con las Fuerzas Armadas.<\/p>\n\n\n\n<p>Se registraron cerca de 72 mil m\u00f3viles controlados y fiscalizados en todo el pa\u00eds, y 545 accidentes de tr\u00e1nsito, con un saldo de 360 lesionados y 16 fallecidos.<\/p>\n\n\n\n<p>Entre el viernes y el lunes, hubo 237 detenidos en fiestas clandestinas.<\/p>\n\n\n\n<p>Con un total de 4.241 veh\u00edculos devueltos a nivel nacional por no contar con la documentaci\u00f3n que justificara el desplazamiento interregional de sus ocupantes (2.746 de ellos en la Regi\u00f3n Metropolitana) cerr\u00f3 Carabineros de Chile el balance de tr\u00e1nsito del fin de semana largo. As\u00ed lo inform\u00f3 el Director Nacional de Orden y Seguridad, General Inspector Esteban D\u00edaz Urbina, este martes, en la tradicional entrega p\u00fablica de la labor operativa de la polic\u00eda uniformada.<\/p>\n\n\n\n<p>El alto oficial precis\u00f3 que \u201c2.206 carabineros se desplegaron en todo el pa\u00eds en este servicio extraordinario que no solo buscaba fiscalizar las medidas sanitarias, sino tambi\u00e9n velar por la seguridad en los desplazamientos. As\u00ed como lamentamos que tanta gente siga intentado trasladarse a otras regiones sin necesidad ni justificaci\u00f3n, debemos informar que se registraron 545 accidentes, con un triste saldo de 360 lesionados y 16 fallecidos\u201d.<\/p>\n\n\n\n<p>Un total de 71.918 veh\u00edculos fueron controlados y fiscalizados a nivel nacional, y se cursaron 1.795 infracciones: 1.548 por no respetar el l\u00edmite de velocidad, 196 por no usar cintur\u00f3n de seguridad y 51 por no utilizar sistemas de retenci\u00f3n para ni\u00f1os. Tambi\u00e9n se realizaron 2.890 alcotest que detectaron a 103 conductores en estado de ebriedad y 16 bajo la influencia del alcohol; y 63 narcotest, con 22 conductores con resultado positivo.<\/p>\n\n\n\n<p>El General Inspector D\u00edaz Urbina precis\u00f3 que Carabineros se despleg\u00f3 en 34 cordones sanitarios, 115 aduanas, 33 controles en terminales de buses, 216 servicios conjuntos con personal de las Fuerzas Armadas y 369 puntos din\u00e1micos de fiscalizaci\u00f3n.<\/p>\n\n\n\n<p><strong><u>M\u00c1S DE 200 DETENIDOS EN FIESTAS.<\/u><\/strong><\/p>\n\n\n\n<p>El Alto Oficial inform\u00f3, adem\u00e1s, que del 25 al 28 de junio, Carabineros intervino en 18 fiestas clandestinas (ocho de ellas en la Regi\u00f3n Metropolitana), que dejaron 237 detenidos a nivel nacional (74 en la capital),&nbsp;<\/p>\n\n\n\n<p>En total, se aprehendi\u00f3 a 1.262 personas por Delitos contra la Salud P\u00fablica (749 en la RM), con peak de detenidos el s\u00e1bado 26, con 466 casos. El 73% de los infractores eran hombres, y 99,7% mayores de edad. De hecho, el 47% de los detenidos se concentra en el rango de 18 a 30 a\u00f1os.<\/p>\n\n\n\n<figure class=\"wp-block-gallery columns-1 is-cropped wp-block-gallery-1 is-layout-flex wp-block-gallery-is-layout-flex\"><ul class=\"blocks-gallery-grid\"><li class=\"blocks-gallery-item\"><figure><a href=\"http:\/\/radioprimiciapelluhue.cl\/wp-content\/uploads\/2021\/06\/A.jpg\"><img loading=\"lazy\" decoding=\"async\" width=\"288\" height=\"175\" src=\"http:\/\/radioprimiciapelluhue.cl\/wp-content\/uploads\/2021\/06\/A.jpg\" alt=\"\" data-id=\"3215\" data-full-url=\"http:\/\/radioprimiciapelluhue.cl\/wp-content\/uploads\/2021\/06\/A.jpg\" data-link=\"http:\/\/radioprimiciapelluhue.cl\/?attachment_id=3215\" class=\"wp-image-3215\"\/><\/a><\/figure><\/li><\/ul><\/figure>\n","protected":false},"excerpt":{"rendered":"<p>M\u00e1s de dos mil uniformados se desplegaron a nivel nacional en los servicios extraordinarios que incluyeron cordones y aduanas sanitarias, puntos din\u00e1micos de fiscalizaci\u00f3n, controles en terminales de buses y trabajo conjunto de Carabineros con las Fuerzas Armadas. Se registraron cerca de 72 mil m\u00f3viles controlados y fiscalizados en todo el pa\u00eds, y 545 accidentes [&hellip;]<\/p>\n","protected":false},"author":2,"featured_media":3215,"comment_status":"closed","ping_status":"closed","sticky":false,"template":"","format":"standard","meta":{"footnotes":""},"categories":[59],"tags":[],"class_list":["post-3214","post","type-post","status-publish","format-standard","has-post-thumbnail","hentry","category-policial"],"_links":{"self":[{"href":"https:\/\/radioprimiciapelluhue.cl\/index.php?rest_route=\/wp\/v2\/posts\/3214","targetHints":{"allow":["GET"]}}],"collection":[{"href":"https:\/\/radioprimiciapelluhue.cl\/index.php?rest_route=\/wp\/v2\/posts"}],"about":[{"href":"https:\/\/radioprimiciapelluhue.cl\/index.php?rest_route=\/wp\/v2\/types\/post"}],"author":[{"embeddable":true,"href":"https:\/\/radioprimiciapelluhue.cl\/index.php?rest_route=\/wp\/v2\/users\/2"}],"replies":[{"embeddable":true,"href":"https:\/\/radioprimiciapelluhue.cl\/index.php?rest_route=%2Fwp%2Fv2%2Fcomments&post=3214"}],"version-history":[{"count":1,"href":"https:\/\/radioprimiciapelluhue.cl\/index.php?rest_route=\/wp\/v2\/posts\/3214\/revisions"}],"predecessor-version":[{"id":3216,"href":"https:\/\/radioprimiciapelluhue.cl\/index.php?rest_route=\/wp\/v2\/posts\/3214\/revisions\/3216"}],"wp:featuredmedia":[{"embeddable":true,"href":"https:\/\/radioprimiciapelluhue.cl\/index.php?rest_route=\/wp\/v2\/media\/3215"}],"wp:attachment":[{"href":"https:\/\/radioprimiciapelluhue.cl\/index.php?rest_route=%2Fwp%2Fv2%2Fmedia&parent=3214"}],"wp:term":[{"taxonomy":"category","embeddable":true,"href":"https:\/\/radioprimiciapelluhue.cl\/index.php?rest_route=%2Fwp%2Fv2%2Fcategories&post=3214"},{"taxonomy":"post_tag","embeddable":true,"href":"https:\/\/radioprimiciapelluhue.cl\/index.php?rest_route=%2Fwp%2Fv2%2Ftags&post=3214"}],"curies":[{"name":"wp","href":"https:\/\/api.w.org\/{rel}","templated":true}]}}