{"id":3225,"date":"2021-07-01T19:32:41","date_gmt":"2021-07-01T23:32:41","guid":{"rendered":"http:\/\/radioprimiciapelluhue.cl\/?p=3225"},"modified":"2021-07-01T19:32:42","modified_gmt":"2021-07-01T23:32:42","slug":"informe-covid19-de-hoy-01-de-julio-2021","status":"publish","type":"post","link":"https:\/\/radioprimiciapelluhue.cl\/?p=3225","title":{"rendered":"Inform\u00e9 #Covid19 de hoy 01 de Julio 2021"},"content":{"rendered":"\n<p>Casos activos y fase en la Provincia<\/p>\n\n\n\n<p>Cauquenes Fase2 transici\u00f3n Casos activos 99<\/p>\n\n\n\n<p>Pelluhue FASE2, a partir desde este s\u00e1bado 3 de julio desde las 5AM pasamos a <a href=\"https:\/\/www.facebook.com\/hashtag\/fase1?__eep__=6&amp;__cft__%5b0%5d=AZUX0DZwx_QYNXux21ZMLZ0dLZcc_b8TGCEqZkyBAfcaB8nxpDB2wkDqQiHwEPDeAqVS1ALwKzJBYH4SQ121crqyqsxDjOqk6EKu2tINKGLpp9chmcmdaWVz_txUqCtXJxVBl5DLE9BMX5Zo45hkP4TBG221dF4X-fMPMAQkECG-fC_O5Ctq8hCh5yYS7vVVUWo&amp;__tn__=*NK-R\">#Fase1<\/a> Cuarentena Casos Activos 30<\/p>\n\n\n\n<p>Chanco FASE3, a partir desde este s\u00e1bado 3 de julio Desde las 5AM retroceden a <a href=\"https:\/\/www.facebook.com\/hashtag\/fase2?__eep__=6&amp;__cft__%5b0%5d=AZUX0DZwx_QYNXux21ZMLZ0dLZcc_b8TGCEqZkyBAfcaB8nxpDB2wkDqQiHwEPDeAqVS1ALwKzJBYH4SQ121crqyqsxDjOqk6EKu2tINKGLpp9chmcmdaWVz_txUqCtXJxVBl5DLE9BMX5Zo45hkP4TBG221dF4X-fMPMAQkECG-fC_O5Ctq8hCh5yYS7vVVUWo&amp;__tn__=*NK-R\">#Fase2<\/a> Cuarentena los fines del semana Casos Activos 13<\/p>\n\n\n\n<p>Siga cuid\u00e1ndose use la mascarilla, alcohol gel, mantenga distancia, no se den abrazos ni salude de besos<\/p>\n\n\n\n<p>Cuid\u00e9monos entre todos<\/p>\n\n\n\n<p><a href=\"https:\/\/www.gob.cl\/pasoapaso\/\">https:\/\/www.gob.cl\/pasoapaso\/<\/a><\/p>\n\n\n\n<figure class=\"wp-block-gallery columns-3 is-cropped wp-block-gallery-1 is-layout-flex wp-block-gallery-is-layout-flex\"><ul class=\"blocks-gallery-grid\"><li class=\"blocks-gallery-item\"><figure><a href=\"http:\/\/radioprimiciapelluhue.cl\/wp-content\/uploads\/2021\/07\/ACTIVOS-COVID-19-01-DE-JULIO-2021.jpg\"><img loading=\"lazy\" decoding=\"async\" width=\"473\" height=\"1024\" src=\"http:\/\/radioprimiciapelluhue.cl\/wp-content\/uploads\/2021\/07\/ACTIVOS-COVID-19-01-DE-JULIO-2021-473x1024.jpg\" alt=\"\" data-id=\"3226\" data-full-url=\"http:\/\/radioprimiciapelluhue.cl\/wp-content\/uploads\/2021\/07\/ACTIVOS-COVID-19-01-DE-JULIO-2021.jpg\" data-link=\"http:\/\/radioprimiciapelluhue.cl\/?attachment_id=3226\" class=\"wp-image-3226\" srcset=\"https:\/\/radioprimiciapelluhue.cl\/wp-content\/uploads\/2021\/07\/ACTIVOS-COVID-19-01-DE-JULIO-2021-473x1024.jpg 473w, https:\/\/radioprimiciapelluhue.cl\/wp-content\/uploads\/2021\/07\/ACTIVOS-COVID-19-01-DE-JULIO-2021-139x300.jpg 139w, https:\/\/radioprimiciapelluhue.cl\/wp-content\/uploads\/2021\/07\/ACTIVOS-COVID-19-01-DE-JULIO-2021-768x1663.jpg 768w, https:\/\/radioprimiciapelluhue.cl\/wp-content\/uploads\/2021\/07\/ACTIVOS-COVID-19-01-DE-JULIO-2021-710x1536.jpg 710w, https:\/\/radioprimiciapelluhue.cl\/wp-content\/uploads\/2021\/07\/ACTIVOS-COVID-19-01-DE-JULIO-2021.jpg 946w\" sizes=\"auto, (max-width: 473px) 100vw, 473px\" \/><\/a><\/figure><\/li><li class=\"blocks-gallery-item\"><figure><a href=\"http:\/\/radioprimiciapelluhue.cl\/wp-content\/uploads\/2021\/07\/CONFIRMADOS-COVID-19-01-DE-JULIO-2021.jpg\"><img loading=\"lazy\" decoding=\"async\" width=\"473\" height=\"1024\" src=\"http:\/\/radioprimiciapelluhue.cl\/wp-content\/uploads\/2021\/07\/CONFIRMADOS-COVID-19-01-DE-JULIO-2021-473x1024.jpg\" alt=\"\" data-id=\"3227\" data-full-url=\"http:\/\/radioprimiciapelluhue.cl\/wp-content\/uploads\/2021\/07\/CONFIRMADOS-COVID-19-01-DE-JULIO-2021.jpg\" data-link=\"http:\/\/radioprimiciapelluhue.cl\/?attachment_id=3227\" class=\"wp-image-3227\" srcset=\"https:\/\/radioprimiciapelluhue.cl\/wp-content\/uploads\/2021\/07\/CONFIRMADOS-COVID-19-01-DE-JULIO-2021-473x1024.jpg 473w, https:\/\/radioprimiciapelluhue.cl\/wp-content\/uploads\/2021\/07\/CONFIRMADOS-COVID-19-01-DE-JULIO-2021-139x300.jpg 139w, https:\/\/radioprimiciapelluhue.cl\/wp-content\/uploads\/2021\/07\/CONFIRMADOS-COVID-19-01-DE-JULIO-2021-768x1663.jpg 768w, https:\/\/radioprimiciapelluhue.cl\/wp-content\/uploads\/2021\/07\/CONFIRMADOS-COVID-19-01-DE-JULIO-2021-710x1536.jpg 710w, https:\/\/radioprimiciapelluhue.cl\/wp-content\/uploads\/2021\/07\/CONFIRMADOS-COVID-19-01-DE-JULIO-2021.jpg 946w\" sizes=\"auto, (max-width: 473px) 100vw, 473px\" \/><\/a><\/figure><\/li><li class=\"blocks-gallery-item\"><figure><a href=\"http:\/\/radioprimiciapelluhue.cl\/wp-content\/uploads\/2021\/07\/TRANSICION-CHANCO.jpg\"><img loading=\"lazy\" decoding=\"async\" width=\"1024\" height=\"1024\" src=\"http:\/\/radioprimiciapelluhue.cl\/wp-content\/uploads\/2021\/07\/TRANSICION-CHANCO-1024x1024.jpg\" alt=\"\" data-id=\"3229\" data-full-url=\"http:\/\/radioprimiciapelluhue.cl\/wp-content\/uploads\/2021\/07\/TRANSICION-CHANCO.jpg\" data-link=\"http:\/\/radioprimiciapelluhue.cl\/?attachment_id=3229\" class=\"wp-image-3229\" srcset=\"https:\/\/radioprimiciapelluhue.cl\/wp-content\/uploads\/2021\/07\/TRANSICION-CHANCO-1024x1024.jpg 1024w, https:\/\/radioprimiciapelluhue.cl\/wp-content\/uploads\/2021\/07\/TRANSICION-CHANCO-300x300.jpg 300w, https:\/\/radioprimiciapelluhue.cl\/wp-content\/uploads\/2021\/07\/TRANSICION-CHANCO-150x150.jpg 150w, https:\/\/radioprimiciapelluhue.cl\/wp-content\/uploads\/2021\/07\/TRANSICION-CHANCO-768x768.jpg 768w, https:\/\/radioprimiciapelluhue.cl\/wp-content\/uploads\/2021\/07\/TRANSICION-CHANCO-520x520.jpg 520w, https:\/\/radioprimiciapelluhue.cl\/wp-content\/uploads\/2021\/07\/TRANSICION-CHANCO-800x800.jpg 800w, https:\/\/radioprimiciapelluhue.cl\/wp-content\/uploads\/2021\/07\/TRANSICION-CHANCO-120x120.jpg 120w, https:\/\/radioprimiciapelluhue.cl\/wp-content\/uploads\/2021\/07\/TRANSICION-CHANCO.jpg 1080w\" sizes=\"auto, (max-width: 1024px) 100vw, 1024px\" \/><\/a><\/figure><\/li><\/ul><\/figure>\n\n\n\n<figure class=\"wp-block-gallery columns-1 is-cropped wp-block-gallery-2 is-layout-flex wp-block-gallery-is-layout-flex\"><ul class=\"blocks-gallery-grid\"><li class=\"blocks-gallery-item\"><figure><a href=\"http:\/\/radioprimiciapelluhue.cl\/wp-content\/uploads\/2021\/07\/CUARENTENA-PELLUHUE-1.jpg\"><img loading=\"lazy\" decoding=\"async\" width=\"1024\" height=\"1024\" src=\"http:\/\/radioprimiciapelluhue.cl\/wp-content\/uploads\/2021\/07\/CUARENTENA-PELLUHUE-1-1024x1024.jpg\" alt=\"\" data-id=\"3230\" data-full-url=\"http:\/\/radioprimiciapelluhue.cl\/wp-content\/uploads\/2021\/07\/CUARENTENA-PELLUHUE-1.jpg\" data-link=\"http:\/\/radioprimiciapelluhue.cl\/?attachment_id=3230\" class=\"wp-image-3230\" srcset=\"https:\/\/radioprimiciapelluhue.cl\/wp-content\/uploads\/2021\/07\/CUARENTENA-PELLUHUE-1-1024x1024.jpg 1024w, https:\/\/radioprimiciapelluhue.cl\/wp-content\/uploads\/2021\/07\/CUARENTENA-PELLUHUE-1-300x300.jpg 300w, https:\/\/radioprimiciapelluhue.cl\/wp-content\/uploads\/2021\/07\/CUARENTENA-PELLUHUE-1-150x150.jpg 150w, https:\/\/radioprimiciapelluhue.cl\/wp-content\/uploads\/2021\/07\/CUARENTENA-PELLUHUE-1-768x768.jpg 768w, https:\/\/radioprimiciapelluhue.cl\/wp-content\/uploads\/2021\/07\/CUARENTENA-PELLUHUE-1-520x520.jpg 520w, https:\/\/radioprimiciapelluhue.cl\/wp-content\/uploads\/2021\/07\/CUARENTENA-PELLUHUE-1-800x800.jpg 800w, https:\/\/radioprimiciapelluhue.cl\/wp-content\/uploads\/2021\/07\/CUARENTENA-PELLUHUE-1-120x120.jpg 120w, https:\/\/radioprimiciapelluhue.cl\/wp-content\/uploads\/2021\/07\/CUARENTENA-PELLUHUE-1.jpg 1080w\" sizes=\"auto, (max-width: 1024px) 100vw, 1024px\" \/><\/a><\/figure><\/li><\/ul><\/figure>\n","protected":false},"excerpt":{"rendered":"<p>Casos activos y fase en la Provincia Cauquenes Fase2 transici\u00f3n Casos activos 99 Pelluhue FASE2, a partir desde este s\u00e1bado 3 de julio desde las 5AM pasamos a #Fase1 Cuarentena Casos Activos 30 Chanco FASE3, a partir desde este s\u00e1bado 3 de julio Desde las 5AM retroceden a #Fase2 Cuarentena los fines del semana Casos [&hellip;]<\/p>\n","protected":false},"author":2,"featured_media":2916,"comment_status":"closed","ping_status":"closed","sticky":false,"template":"","format":"standard","meta":{"footnotes":""},"categories":[57],"tags":[],"class_list":["post-3225","post","type-post","status-publish","format-standard","has-post-thumbnail","hentry","category-covid19"],"_links":{"self":[{"href":"https:\/\/radioprimiciapelluhue.cl\/index.php?rest_route=\/wp\/v2\/posts\/3225","targetHints":{"allow":["GET"]}}],"collection":[{"href":"https:\/\/radioprimiciapelluhue.cl\/index.php?rest_route=\/wp\/v2\/posts"}],"about":[{"href":"https:\/\/radioprimiciapelluhue.cl\/index.php?rest_route=\/wp\/v2\/types\/post"}],"author":[{"embeddable":true,"href":"https:\/\/radioprimiciapelluhue.cl\/index.php?rest_route=\/wp\/v2\/users\/2"}],"replies":[{"embeddable":true,"href":"https:\/\/radioprimiciapelluhue.cl\/index.php?rest_route=%2Fwp%2Fv2%2Fcomments&post=3225"}],"version-history":[{"count":1,"href":"https:\/\/radioprimiciapelluhue.cl\/index.php?rest_route=\/wp\/v2\/posts\/3225\/revisions"}],"predecessor-version":[{"id":3231,"href":"https:\/\/radioprimiciapelluhue.cl\/index.php?rest_route=\/wp\/v2\/posts\/3225\/revisions\/3231"}],"wp:featuredmedia":[{"embeddable":true,"href":"https:\/\/radioprimiciapelluhue.cl\/index.php?rest_route=\/wp\/v2\/media\/2916"}],"wp:attachment":[{"href":"https:\/\/radioprimiciapelluhue.cl\/index.php?rest_route=%2Fwp%2Fv2%2Fmedia&parent=3225"}],"wp:term":[{"taxonomy":"category","embeddable":true,"href":"https:\/\/radioprimiciapelluhue.cl\/index.php?rest_route=%2Fwp%2Fv2%2Fcategories&post=3225"},{"taxonomy":"post_tag","embeddable":true,"href":"https:\/\/radioprimiciapelluhue.cl\/index.php?rest_route=%2Fwp%2Fv2%2Ftags&post=3225"}],"curies":[{"name":"wp","href":"https:\/\/api.w.org\/{rel}","templated":true}]}}