{"id":3232,"date":"2021-07-01T19:43:35","date_gmt":"2021-07-01T23:43:35","guid":{"rendered":"http:\/\/radioprimiciapelluhue.cl\/?p=3232"},"modified":"2021-07-01T19:43:35","modified_gmt":"2021-07-01T23:43:35","slug":"senadora-rincon-y-cortes-de-energia-en-el-maule","status":"publish","type":"post","link":"https:\/\/radioprimiciapelluhue.cl\/?p=3232","title":{"rendered":"Senadora Rinc\u00f3n y cortes de energ\u00eda en el Maule"},"content":{"rendered":"\n<p>Dijo que resulta parad\u00f3jico que, en una regi\u00f3n generadora de electricidad, haya cortes de m\u00e1s de un d\u00eda y bajas de voltaje que impiden el normal funcionamiento de los hogares.&nbsp; \u201cSolicito la intervenci\u00f3n del Ministerio de Energ\u00eda, de la Superintendencia de Electricidad y Combustible y de CGE, para que se adopten las medidas para garantizar el servicio y as\u00ed maulinos y maulinas puedan calefaccionarse en medio de los d\u00edas m\u00e1s helados del a\u00f1o\u201d, asegur\u00f3 la legisladora<\/p>\n\n\n\n<p>Una soluci\u00f3n r\u00e1pida para que hogares de miles de familias maulinas tengan la posibilidad de usar calefacci\u00f3n y as\u00ed enfrentar los d\u00edas m\u00e1s helados del a\u00f1o, exigi\u00f3 la Senadora por el Maule, Ximena Rinc\u00f3n, ante cientos de denuncias por cortes de suministro por m\u00e1s de 26 horas o por bajas de voltaje que hacen imposible una vida normal en invierno.<\/p>\n\n\n\n<p>\u201cEs parad\u00f3jico que, en una regi\u00f3n generadora de electricidad, haya cortes de m\u00e1s de un d\u00eda y bajas de voltaje que impiden el normal funcionamiento de los hogares. &nbsp;Por ello, solicito la intervenci\u00f3n inmediata del Ministerio de Energ\u00eda, de la Superintendencia de Electricidad y Combustible (SEC) y de la empresa CGE para que se adopten las medidas que garanticen el servicio y as\u00ed maulinos y maulinas puedan calefaccionarse en medio de los d\u00edas m\u00e1s helados del a\u00f1o\u201d, asegur\u00f3 la legisladora.<\/p>\n\n\n\n<p>A\u00f1adi\u00f3 que las zonas m\u00e1s afectadas son las provincias de Talca y Curic\u00f3, donde ha habido cortes de suministro que han durado m\u00e1s de un d\u00eda y que, son justamente las zonas donde hay decreto que impide humos visibles en preemergencia o emergencia ambiental, lo que en la pr\u00e1ctica intensific\u00f3 el uso de calefactores de alto consumo el\u00e9ctrico.<\/p>\n\n\n\n<p>\u201cLo que sucede ahora, ya pas\u00f3 ya en 2016 y se enfrent\u00f3 con una fuerte campa\u00f1a para que la ciudadan\u00eda ocupase le\u00f1a certificada, campa\u00f1a que dio buenos resultados y que, por razones que desconocemos, se abandon\u00f3.&nbsp; Hoy la autoridad llama a usar artefactos de calefacci\u00f3n el\u00e9ctricos y las consecuencias est\u00e1n a la vista.&nbsp; Ac\u00e1 en la regi\u00f3n se pudo hacer m\u00e1s y ahora es gente de m\u00e1s escasos recursos la que paga las consecuencias.&nbsp; No hay liderazgo en el tema y urge una soluci\u00f3n r\u00e1pida\u201d, asegur\u00f3 la parlamentaria.<\/p>\n\n\n\n<p>La Senadora sostuvo que es necesario avanzar tambi\u00e9n para prevenir cortes durante los frentes de mal tiempo en invierno, producto de la ca\u00edda de \u00e1rboles o ramas, por lo que llam\u00f3 a que la SEC revise l\u00edneas de forma urgente para detectar puntos de riesgo de ca\u00edda de \u00e1rboles y en coordinaci\u00f3n con municipios y CGE proceder a la poda o corta respectiva.<\/p>\n\n\n\n<p>IMPORTANTE<\/p>\n\n\n\n<p>Ante los cortes y bajas de voltaje, Ximena Rinc\u00f3n sostuvo que la ciudadan\u00eda debe saber que cualquier artefacto da\u00f1ado debe ser reparado o devuelto por la respectiva empresa el\u00e9ctrica, previo reclamo y certificado de un servicio t\u00e9cnico.<\/p>\n\n\n\n<p>A\u00f1adi\u00f3 que tambi\u00e9n hay devoluciones por cortes en la boleta, las que a su juicio son simb\u00f3licas y debiesen aumentarse significativamente por la v\u00eda legislativa.<\/p>\n\n\n\n<p>No obstante, recalc\u00f3 que los afectados deben realizar los reclamos por las v\u00edas formales, vale decir en la misma empresa el\u00e9ctrica, SEC y Sernac, lo que facilitar\u00e1 cualquier acci\u00f3n reparatoria.<\/p>\n\n\n\n<figure class=\"wp-block-gallery columns-1 is-cropped wp-block-gallery-1 is-layout-flex wp-block-gallery-is-layout-flex\"><ul class=\"blocks-gallery-grid\"><li class=\"blocks-gallery-item\"><figure><a href=\"http:\/\/radioprimiciapelluhue.cl\/wp-content\/uploads\/2021\/07\/06-30-cortes.jpg\"><img loading=\"lazy\" decoding=\"async\" width=\"743\" height=\"1024\" src=\"http:\/\/radioprimiciapelluhue.cl\/wp-content\/uploads\/2021\/07\/06-30-cortes-743x1024.jpg\" alt=\"\" data-id=\"3233\" data-full-url=\"http:\/\/radioprimiciapelluhue.cl\/wp-content\/uploads\/2021\/07\/06-30-cortes.jpg\" data-link=\"http:\/\/radioprimiciapelluhue.cl\/?attachment_id=3233\" class=\"wp-image-3233\" srcset=\"https:\/\/radioprimiciapelluhue.cl\/wp-content\/uploads\/2021\/07\/06-30-cortes-743x1024.jpg 743w, https:\/\/radioprimiciapelluhue.cl\/wp-content\/uploads\/2021\/07\/06-30-cortes-218x300.jpg 218w, https:\/\/radioprimiciapelluhue.cl\/wp-content\/uploads\/2021\/07\/06-30-cortes-768x1058.jpg 768w, https:\/\/radioprimiciapelluhue.cl\/wp-content\/uploads\/2021\/07\/06-30-cortes.jpg 962w\" sizes=\"auto, (max-width: 743px) 100vw, 743px\" \/><\/a><\/figure><\/li><\/ul><\/figure>\n","protected":false},"excerpt":{"rendered":"<p>Dijo que resulta parad\u00f3jico que, en una regi\u00f3n generadora de electricidad, haya cortes de m\u00e1s de un d\u00eda y bajas de voltaje que impiden el normal funcionamiento de los hogares.&nbsp; \u201cSolicito la intervenci\u00f3n del Ministerio de Energ\u00eda, de la Superintendencia de Electricidad y Combustible y de CGE, para que se adopten las medidas para garantizar [&hellip;]<\/p>\n","protected":false},"author":2,"featured_media":3233,"comment_status":"closed","ping_status":"closed","sticky":false,"template":"","format":"standard","meta":{"footnotes":""},"categories":[60],"tags":[],"class_list":["post-3232","post","type-post","status-publish","format-standard","has-post-thumbnail","hentry","category-politica"],"_links":{"self":[{"href":"https:\/\/radioprimiciapelluhue.cl\/index.php?rest_route=\/wp\/v2\/posts\/3232","targetHints":{"allow":["GET"]}}],"collection":[{"href":"https:\/\/radioprimiciapelluhue.cl\/index.php?rest_route=\/wp\/v2\/posts"}],"about":[{"href":"https:\/\/radioprimiciapelluhue.cl\/index.php?rest_route=\/wp\/v2\/types\/post"}],"author":[{"embeddable":true,"href":"https:\/\/radioprimiciapelluhue.cl\/index.php?rest_route=\/wp\/v2\/users\/2"}],"replies":[{"embeddable":true,"href":"https:\/\/radioprimiciapelluhue.cl\/index.php?rest_route=%2Fwp%2Fv2%2Fcomments&post=3232"}],"version-history":[{"count":1,"href":"https:\/\/radioprimiciapelluhue.cl\/index.php?rest_route=\/wp\/v2\/posts\/3232\/revisions"}],"predecessor-version":[{"id":3234,"href":"https:\/\/radioprimiciapelluhue.cl\/index.php?rest_route=\/wp\/v2\/posts\/3232\/revisions\/3234"}],"wp:featuredmedia":[{"embeddable":true,"href":"https:\/\/radioprimiciapelluhue.cl\/index.php?rest_route=\/wp\/v2\/media\/3233"}],"wp:attachment":[{"href":"https:\/\/radioprimiciapelluhue.cl\/index.php?rest_route=%2Fwp%2Fv2%2Fmedia&parent=3232"}],"wp:term":[{"taxonomy":"category","embeddable":true,"href":"https:\/\/radioprimiciapelluhue.cl\/index.php?rest_route=%2Fwp%2Fv2%2Fcategories&post=3232"},{"taxonomy":"post_tag","embeddable":true,"href":"https:\/\/radioprimiciapelluhue.cl\/index.php?rest_route=%2Fwp%2Fv2%2Ftags&post=3232"}],"curies":[{"name":"wp","href":"https:\/\/api.w.org\/{rel}","templated":true}]}}