{"id":3246,"date":"2021-07-03T17:10:58","date_gmt":"2021-07-03T21:10:58","guid":{"rendered":"http:\/\/radioprimiciapelluhue.cl\/?p=3246"},"modified":"2021-07-03T17:10:59","modified_gmt":"2021-07-03T21:10:59","slug":"atencion-al-subsidio-al-empleo","status":"publish","type":"post","link":"https:\/\/radioprimiciapelluhue.cl\/?p=3246","title":{"rendered":"ATENCION AL SUBSIDIO AL EMPLEO"},"content":{"rendered":"\n<p>IMPORTANTE!<\/p>\n\n\n\n<p><strong>Estimadas\/os postulantes,<\/strong><\/p>\n\n\n\n<p>Les informamos que se abri\u00f3 una nueva etapa de postulaci\u00f3n al&nbsp;<strong>Subsidio Protege<\/strong>, desde el 01 al 20 de julio de 2021. Si usted ya es beneficiaria\/o de este subsidio, o si postul\u00f3 en la etapa anterior (junio) y est\u00e1 esperando respuesta, no debe postular nuevamente.<\/p>\n\n\n\n<p>Para informaci\u00f3n sobre requisitos, preguntas frecuentes y fechas de pago de este beneficio, por favor, seleccione la opci\u00f3n&nbsp;<a href=\"https:\/\/subsidioalempleo.cl\/protege\/index.html\">Subsidio Protege<\/a>.<\/p>\n\n\n\n<p>Atte.<br><strong>Servicio Nacional de Capacitaci\u00f3n y Empleo, Sence<\/strong><\/p>\n\n\n\n<p>En el siguiente enlace todos los datos<\/p>\n\n\n\n<p><a href=\"https:\/\/subsidioalempleo.cl\/\">https:\/\/subsidioalempleo.cl\/<\/a><\/p>\n\n\n\n<figure class=\"wp-block-gallery columns-1 is-cropped wp-block-gallery-1 is-layout-flex wp-block-gallery-is-layout-flex\"><ul class=\"blocks-gallery-grid\"><li class=\"blocks-gallery-item\"><figure><a href=\"http:\/\/radioprimiciapelluhue.cl\/wp-content\/uploads\/2021\/07\/ATENCION-AL-SUBSIDIO-AL-EMPLEO.jpg\"><img loading=\"lazy\" decoding=\"async\" width=\"1024\" height=\"457\" src=\"http:\/\/radioprimiciapelluhue.cl\/wp-content\/uploads\/2021\/07\/ATENCION-AL-SUBSIDIO-AL-EMPLEO-1024x457.jpg\" alt=\"\" data-id=\"3247\" data-full-url=\"http:\/\/radioprimiciapelluhue.cl\/wp-content\/uploads\/2021\/07\/ATENCION-AL-SUBSIDIO-AL-EMPLEO.jpg\" data-link=\"http:\/\/radioprimiciapelluhue.cl\/?attachment_id=3247\" class=\"wp-image-3247\" srcset=\"https:\/\/radioprimiciapelluhue.cl\/wp-content\/uploads\/2021\/07\/ATENCION-AL-SUBSIDIO-AL-EMPLEO-1024x457.jpg 1024w, https:\/\/radioprimiciapelluhue.cl\/wp-content\/uploads\/2021\/07\/ATENCION-AL-SUBSIDIO-AL-EMPLEO-300x134.jpg 300w, https:\/\/radioprimiciapelluhue.cl\/wp-content\/uploads\/2021\/07\/ATENCION-AL-SUBSIDIO-AL-EMPLEO-768x343.jpg 768w, https:\/\/radioprimiciapelluhue.cl\/wp-content\/uploads\/2021\/07\/ATENCION-AL-SUBSIDIO-AL-EMPLEO.jpg 1344w\" sizes=\"auto, (max-width: 1024px) 100vw, 1024px\" \/><\/a><\/figure><\/li><\/ul><\/figure>\n","protected":false},"excerpt":{"rendered":"<p>IMPORTANTE! Estimadas\/os postulantes, Les informamos que se abri\u00f3 una nueva etapa de postulaci\u00f3n al&nbsp;Subsidio Protege, desde el 01 al 20 de julio de 2021. Si usted ya es beneficiaria\/o de este subsidio, o si postul\u00f3 en la etapa anterior (junio) y est\u00e1 esperando respuesta, no debe postular nuevamente. Para informaci\u00f3n sobre requisitos, preguntas frecuentes y [&hellip;]<\/p>\n","protected":false},"author":2,"featured_media":3247,"comment_status":"closed","ping_status":"closed","sticky":false,"template":"","format":"standard","meta":{"footnotes":""},"categories":[61],"tags":[],"class_list":["post-3246","post","type-post","status-publish","format-standard","has-post-thumbnail","hentry","category-informativo"],"_links":{"self":[{"href":"https:\/\/radioprimiciapelluhue.cl\/index.php?rest_route=\/wp\/v2\/posts\/3246","targetHints":{"allow":["GET"]}}],"collection":[{"href":"https:\/\/radioprimiciapelluhue.cl\/index.php?rest_route=\/wp\/v2\/posts"}],"about":[{"href":"https:\/\/radioprimiciapelluhue.cl\/index.php?rest_route=\/wp\/v2\/types\/post"}],"author":[{"embeddable":true,"href":"https:\/\/radioprimiciapelluhue.cl\/index.php?rest_route=\/wp\/v2\/users\/2"}],"replies":[{"embeddable":true,"href":"https:\/\/radioprimiciapelluhue.cl\/index.php?rest_route=%2Fwp%2Fv2%2Fcomments&post=3246"}],"version-history":[{"count":1,"href":"https:\/\/radioprimiciapelluhue.cl\/index.php?rest_route=\/wp\/v2\/posts\/3246\/revisions"}],"predecessor-version":[{"id":3248,"href":"https:\/\/radioprimiciapelluhue.cl\/index.php?rest_route=\/wp\/v2\/posts\/3246\/revisions\/3248"}],"wp:featuredmedia":[{"embeddable":true,"href":"https:\/\/radioprimiciapelluhue.cl\/index.php?rest_route=\/wp\/v2\/media\/3247"}],"wp:attachment":[{"href":"https:\/\/radioprimiciapelluhue.cl\/index.php?rest_route=%2Fwp%2Fv2%2Fmedia&parent=3246"}],"wp:term":[{"taxonomy":"category","embeddable":true,"href":"https:\/\/radioprimiciapelluhue.cl\/index.php?rest_route=%2Fwp%2Fv2%2Fcategories&post=3246"},{"taxonomy":"post_tag","embeddable":true,"href":"https:\/\/radioprimiciapelluhue.cl\/index.php?rest_route=%2Fwp%2Fv2%2Ftags&post=3246"}],"curies":[{"name":"wp","href":"https:\/\/api.w.org\/{rel}","templated":true}]}}