{"id":3250,"date":"2021-07-04T13:48:19","date_gmt":"2021-07-04T17:48:19","guid":{"rendered":"http:\/\/radioprimiciapelluhue.cl\/?p=3250"},"modified":"2021-07-04T13:48:20","modified_gmt":"2021-07-04T17:48:20","slug":"informe-covid19-de-hoy-04-de-julio-2021","status":"publish","type":"post","link":"https:\/\/radioprimiciapelluhue.cl\/?p=3250","title":{"rendered":"Inform\u00e9 #Covid19 de hoy 04 de Julio 2021"},"content":{"rendered":"\n<p>Casos activos y fase en la Provincia<\/p>\n\n\n\n<p>Cauquenes Fase2 transici\u00f3n Casos activos 95<\/p>\n\n\n\n<p>Pelluhue&nbsp; #Fase1 Cuarentena Casos Activos 28<\/p>\n\n\n\n<p>Chanco #Fase2 transici\u00f3n Cuarentena los fines del semana Casos Activos 10<\/p>\n\n\n\n<p>Siga cuid\u00e1ndose use la mascarilla, alcohol gel, mantenga distancia, no se den abrazos ni salude de&nbsp; besos<\/p>\n\n\n\n<p>Cuid\u00e9monos entre todos<\/p>\n\n\n\n<p><a href=\"https:\/\/www.gob.cl\/pasoapaso\/\">https:\/\/www.gob.cl\/pasoapaso\/<\/a><\/p>\n\n\n\n<figure class=\"wp-block-gallery columns-3 is-cropped wp-block-gallery-1 is-layout-flex wp-block-gallery-is-layout-flex\"><ul class=\"blocks-gallery-grid\"><li class=\"blocks-gallery-item\"><figure><a href=\"http:\/\/radioprimiciapelluhue.cl\/wp-content\/uploads\/2021\/07\/ACTIVOS-INFORME-COVID-19-03-DE-JULIO-2021.jpeg\"><img loading=\"lazy\" decoding=\"async\" width=\"473\" height=\"1024\" src=\"http:\/\/radioprimiciapelluhue.cl\/wp-content\/uploads\/2021\/07\/ACTIVOS-INFORME-COVID-19-03-DE-JULIO-2021-473x1024.jpeg\" alt=\"\" data-id=\"3251\" data-full-url=\"http:\/\/radioprimiciapelluhue.cl\/wp-content\/uploads\/2021\/07\/ACTIVOS-INFORME-COVID-19-03-DE-JULIO-2021.jpeg\" data-link=\"http:\/\/radioprimiciapelluhue.cl\/?attachment_id=3251\" class=\"wp-image-3251\" srcset=\"https:\/\/radioprimiciapelluhue.cl\/wp-content\/uploads\/2021\/07\/ACTIVOS-INFORME-COVID-19-03-DE-JULIO-2021-473x1024.jpeg 473w, https:\/\/radioprimiciapelluhue.cl\/wp-content\/uploads\/2021\/07\/ACTIVOS-INFORME-COVID-19-03-DE-JULIO-2021-139x300.jpeg 139w, https:\/\/radioprimiciapelluhue.cl\/wp-content\/uploads\/2021\/07\/ACTIVOS-INFORME-COVID-19-03-DE-JULIO-2021.jpeg 591w\" sizes=\"auto, (max-width: 473px) 100vw, 473px\" \/><\/a><\/figure><\/li><li class=\"blocks-gallery-item\"><figure><a href=\"http:\/\/radioprimiciapelluhue.cl\/wp-content\/uploads\/2021\/07\/ACTUALIZACION-REGIONAL-COVID19.jpeg\"><img loading=\"lazy\" decoding=\"async\" width=\"1024\" height=\"1024\" src=\"http:\/\/radioprimiciapelluhue.cl\/wp-content\/uploads\/2021\/07\/ACTUALIZACION-REGIONAL-COVID19.jpeg\" alt=\"\" data-id=\"3252\" data-full-url=\"http:\/\/radioprimiciapelluhue.cl\/wp-content\/uploads\/2021\/07\/ACTUALIZACION-REGIONAL-COVID19.jpeg\" data-link=\"http:\/\/radioprimiciapelluhue.cl\/?attachment_id=3252\" class=\"wp-image-3252\" srcset=\"https:\/\/radioprimiciapelluhue.cl\/wp-content\/uploads\/2021\/07\/ACTUALIZACION-REGIONAL-COVID19.jpeg 1024w, https:\/\/radioprimiciapelluhue.cl\/wp-content\/uploads\/2021\/07\/ACTUALIZACION-REGIONAL-COVID19-300x300.jpeg 300w, https:\/\/radioprimiciapelluhue.cl\/wp-content\/uploads\/2021\/07\/ACTUALIZACION-REGIONAL-COVID19-150x150.jpeg 150w, https:\/\/radioprimiciapelluhue.cl\/wp-content\/uploads\/2021\/07\/ACTUALIZACION-REGIONAL-COVID19-768x768.jpeg 768w, https:\/\/radioprimiciapelluhue.cl\/wp-content\/uploads\/2021\/07\/ACTUALIZACION-REGIONAL-COVID19-520x520.jpeg 520w, https:\/\/radioprimiciapelluhue.cl\/wp-content\/uploads\/2021\/07\/ACTUALIZACION-REGIONAL-COVID19-800x800.jpeg 800w, https:\/\/radioprimiciapelluhue.cl\/wp-content\/uploads\/2021\/07\/ACTUALIZACION-REGIONAL-COVID19-120x120.jpeg 120w\" sizes=\"auto, (max-width: 1024px) 100vw, 1024px\" \/><\/a><\/figure><\/li><li class=\"blocks-gallery-item\"><figure><a href=\"http:\/\/radioprimiciapelluhue.cl\/wp-content\/uploads\/2021\/07\/CONFIRMADOS-INFORME-COVID-19-03-DE-JULIO-2021.jpeg\"><img loading=\"lazy\" decoding=\"async\" width=\"473\" height=\"1024\" src=\"http:\/\/radioprimiciapelluhue.cl\/wp-content\/uploads\/2021\/07\/CONFIRMADOS-INFORME-COVID-19-03-DE-JULIO-2021-473x1024.jpeg\" alt=\"\" data-id=\"3253\" data-full-url=\"http:\/\/radioprimiciapelluhue.cl\/wp-content\/uploads\/2021\/07\/CONFIRMADOS-INFORME-COVID-19-03-DE-JULIO-2021.jpeg\" data-link=\"http:\/\/radioprimiciapelluhue.cl\/?attachment_id=3253\" class=\"wp-image-3253\" srcset=\"https:\/\/radioprimiciapelluhue.cl\/wp-content\/uploads\/2021\/07\/CONFIRMADOS-INFORME-COVID-19-03-DE-JULIO-2021-473x1024.jpeg 473w, https:\/\/radioprimiciapelluhue.cl\/wp-content\/uploads\/2021\/07\/CONFIRMADOS-INFORME-COVID-19-03-DE-JULIO-2021-139x300.jpeg 139w, https:\/\/radioprimiciapelluhue.cl\/wp-content\/uploads\/2021\/07\/CONFIRMADOS-INFORME-COVID-19-03-DE-JULIO-2021.jpeg 591w\" sizes=\"auto, (max-width: 473px) 100vw, 473px\" \/><\/a><\/figure><\/li><\/ul><\/figure>\n","protected":false},"excerpt":{"rendered":"<p>Casos activos y fase en la Provincia Cauquenes Fase2 transici\u00f3n Casos activos 95 Pelluhue&nbsp; #Fase1 Cuarentena Casos Activos 28 Chanco #Fase2 transici\u00f3n Cuarentena los fines del semana Casos Activos 10 Siga cuid\u00e1ndose use la mascarilla, alcohol gel, mantenga distancia, no se den abrazos ni salude de&nbsp; besos Cuid\u00e9monos entre todos https:\/\/www.gob.cl\/pasoapaso\/<\/p>\n","protected":false},"author":2,"featured_media":2916,"comment_status":"closed","ping_status":"closed","sticky":false,"template":"","format":"standard","meta":{"footnotes":""},"categories":[57],"tags":[],"class_list":["post-3250","post","type-post","status-publish","format-standard","has-post-thumbnail","hentry","category-covid19"],"_links":{"self":[{"href":"https:\/\/radioprimiciapelluhue.cl\/index.php?rest_route=\/wp\/v2\/posts\/3250","targetHints":{"allow":["GET"]}}],"collection":[{"href":"https:\/\/radioprimiciapelluhue.cl\/index.php?rest_route=\/wp\/v2\/posts"}],"about":[{"href":"https:\/\/radioprimiciapelluhue.cl\/index.php?rest_route=\/wp\/v2\/types\/post"}],"author":[{"embeddable":true,"href":"https:\/\/radioprimiciapelluhue.cl\/index.php?rest_route=\/wp\/v2\/users\/2"}],"replies":[{"embeddable":true,"href":"https:\/\/radioprimiciapelluhue.cl\/index.php?rest_route=%2Fwp%2Fv2%2Fcomments&post=3250"}],"version-history":[{"count":1,"href":"https:\/\/radioprimiciapelluhue.cl\/index.php?rest_route=\/wp\/v2\/posts\/3250\/revisions"}],"predecessor-version":[{"id":3254,"href":"https:\/\/radioprimiciapelluhue.cl\/index.php?rest_route=\/wp\/v2\/posts\/3250\/revisions\/3254"}],"wp:featuredmedia":[{"embeddable":true,"href":"https:\/\/radioprimiciapelluhue.cl\/index.php?rest_route=\/wp\/v2\/media\/2916"}],"wp:attachment":[{"href":"https:\/\/radioprimiciapelluhue.cl\/index.php?rest_route=%2Fwp%2Fv2%2Fmedia&parent=3250"}],"wp:term":[{"taxonomy":"category","embeddable":true,"href":"https:\/\/radioprimiciapelluhue.cl\/index.php?rest_route=%2Fwp%2Fv2%2Fcategories&post=3250"},{"taxonomy":"post_tag","embeddable":true,"href":"https:\/\/radioprimiciapelluhue.cl\/index.php?rest_route=%2Fwp%2Fv2%2Ftags&post=3250"}],"curies":[{"name":"wp","href":"https:\/\/api.w.org\/{rel}","templated":true}]}}