{"id":3259,"date":"2021-07-05T19:16:35","date_gmt":"2021-07-05T23:16:35","guid":{"rendered":"http:\/\/radioprimiciapelluhue.cl\/?p=3259"},"modified":"2021-07-05T19:17:34","modified_gmt":"2021-07-05T23:17:34","slug":"informe-covid19-de-hoy-05-de-julio-2021","status":"publish","type":"post","link":"https:\/\/radioprimiciapelluhue.cl\/?p=3259","title":{"rendered":"Inform\u00e9 #Covid19 de hoy 05 de Julio 2021"},"content":{"rendered":"\n<p>Casos activos y fase en la Provincia<\/p>\n\n\n\n<p>Cauquenes Fase2 transici\u00f3n Casos activos 88<\/p>\n\n\n\n<p>Pelluhue <a href=\"https:\/\/www.facebook.com\/hashtag\/fase1?__eep__=6&amp;__cft__%5b0%5d=AZXzlXeq13S6rK5m81PnR2UVp1uB0Wx3fzEmGxvCNWjUdZPsDtDH6-CLd8_Tfm5EtYXWcgl5dBqo3sk6W0nIM7RNuKhMjCZ5tKpIJzZVqKI8IjvaXgd7_FjiCV12Us4CTL3KFx5mWuq4fEkknxjKA6FvKtyUWbjm4B9lI7NbU-AOlqL1aPZkLxaVcxvQJaDMsQo&amp;__tn__=*NK-R\">#Fase1<\/a> Cuarentena Casos Activos 26<\/p>\n\n\n\n<p>Chanco <a href=\"https:\/\/www.facebook.com\/hashtag\/fase2?__eep__=6&amp;__cft__%5b0%5d=AZXzlXeq13S6rK5m81PnR2UVp1uB0Wx3fzEmGxvCNWjUdZPsDtDH6-CLd8_Tfm5EtYXWcgl5dBqo3sk6W0nIM7RNuKhMjCZ5tKpIJzZVqKI8IjvaXgd7_FjiCV12Us4CTL3KFx5mWuq4fEkknxjKA6FvKtyUWbjm4B9lI7NbU-AOlqL1aPZkLxaVcxvQJaDMsQo&amp;__tn__=*NK-R\">#Fase2<\/a> transici\u00f3n Cuarentena los fines del semana Casos Activos 8<\/p>\n\n\n\n<p>Siga cuid\u00e1ndose use la mascarilla, alcohol gel, mantenga distancia, no se den abrazos ni salude de besos<\/p>\n\n\n\n<p>Cuid\u00e9monos entre todos<\/p>\n\n\n\n<p><a href=\"https:\/\/www.gob.cl\/pasoapaso\/\">https:\/\/www.gob.cl\/pasoapaso\/<\/a><\/p>\n\n\n\n<figure class=\"wp-block-gallery columns-3 is-cropped wp-block-gallery-1 is-layout-flex wp-block-gallery-is-layout-flex\"><ul class=\"blocks-gallery-grid\"><li class=\"blocks-gallery-item\"><figure><a href=\"http:\/\/radioprimiciapelluhue.cl\/wp-content\/uploads\/2021\/07\/CONFIRMADOS-COVID-19-05-DE-JULIO-2021.jpeg\"><img loading=\"lazy\" decoding=\"async\" width=\"473\" height=\"1024\" src=\"http:\/\/radioprimiciapelluhue.cl\/wp-content\/uploads\/2021\/07\/CONFIRMADOS-COVID-19-05-DE-JULIO-2021-473x1024.jpeg\" alt=\"\" data-id=\"3262\" data-full-url=\"http:\/\/radioprimiciapelluhue.cl\/wp-content\/uploads\/2021\/07\/CONFIRMADOS-COVID-19-05-DE-JULIO-2021.jpeg\" data-link=\"http:\/\/radioprimiciapelluhue.cl\/?attachment_id=3262\" class=\"wp-image-3262\" srcset=\"https:\/\/radioprimiciapelluhue.cl\/wp-content\/uploads\/2021\/07\/CONFIRMADOS-COVID-19-05-DE-JULIO-2021-473x1024.jpeg 473w, https:\/\/radioprimiciapelluhue.cl\/wp-content\/uploads\/2021\/07\/CONFIRMADOS-COVID-19-05-DE-JULIO-2021-139x300.jpeg 139w, https:\/\/radioprimiciapelluhue.cl\/wp-content\/uploads\/2021\/07\/CONFIRMADOS-COVID-19-05-DE-JULIO-2021.jpeg 591w\" sizes=\"auto, (max-width: 473px) 100vw, 473px\" \/><\/a><\/figure><\/li><li class=\"blocks-gallery-item\"><figure><a href=\"http:\/\/radioprimiciapelluhue.cl\/wp-content\/uploads\/2021\/07\/ACTIVOS-COVID-19-05-DE-JULIO-2021.jpeg\"><img loading=\"lazy\" decoding=\"async\" width=\"473\" height=\"1024\" src=\"http:\/\/radioprimiciapelluhue.cl\/wp-content\/uploads\/2021\/07\/ACTIVOS-COVID-19-05-DE-JULIO-2021-473x1024.jpeg\" alt=\"\" data-id=\"3261\" data-full-url=\"http:\/\/radioprimiciapelluhue.cl\/wp-content\/uploads\/2021\/07\/ACTIVOS-COVID-19-05-DE-JULIO-2021.jpeg\" data-link=\"http:\/\/radioprimiciapelluhue.cl\/?attachment_id=3261\" class=\"wp-image-3261\" srcset=\"https:\/\/radioprimiciapelluhue.cl\/wp-content\/uploads\/2021\/07\/ACTIVOS-COVID-19-05-DE-JULIO-2021-473x1024.jpeg 473w, https:\/\/radioprimiciapelluhue.cl\/wp-content\/uploads\/2021\/07\/ACTIVOS-COVID-19-05-DE-JULIO-2021-139x300.jpeg 139w, https:\/\/radioprimiciapelluhue.cl\/wp-content\/uploads\/2021\/07\/ACTIVOS-COVID-19-05-DE-JULIO-2021.jpeg 591w\" sizes=\"auto, (max-width: 473px) 100vw, 473px\" \/><\/a><\/figure><\/li><li class=\"blocks-gallery-item\"><figure><a href=\"http:\/\/radioprimiciapelluhue.cl\/wp-content\/uploads\/2021\/07\/REGIONAL-COVID-19-05-DE-JULIO-2021.jpeg\"><img loading=\"lazy\" decoding=\"async\" width=\"1024\" height=\"1024\" src=\"http:\/\/radioprimiciapelluhue.cl\/wp-content\/uploads\/2021\/07\/REGIONAL-COVID-19-05-DE-JULIO-2021.jpeg\" alt=\"\" data-id=\"3260\" data-full-url=\"http:\/\/radioprimiciapelluhue.cl\/wp-content\/uploads\/2021\/07\/REGIONAL-COVID-19-05-DE-JULIO-2021.jpeg\" data-link=\"http:\/\/radioprimiciapelluhue.cl\/?attachment_id=3260\" class=\"wp-image-3260\" srcset=\"https:\/\/radioprimiciapelluhue.cl\/wp-content\/uploads\/2021\/07\/REGIONAL-COVID-19-05-DE-JULIO-2021.jpeg 1024w, https:\/\/radioprimiciapelluhue.cl\/wp-content\/uploads\/2021\/07\/REGIONAL-COVID-19-05-DE-JULIO-2021-300x300.jpeg 300w, https:\/\/radioprimiciapelluhue.cl\/wp-content\/uploads\/2021\/07\/REGIONAL-COVID-19-05-DE-JULIO-2021-150x150.jpeg 150w, https:\/\/radioprimiciapelluhue.cl\/wp-content\/uploads\/2021\/07\/REGIONAL-COVID-19-05-DE-JULIO-2021-768x768.jpeg 768w, https:\/\/radioprimiciapelluhue.cl\/wp-content\/uploads\/2021\/07\/REGIONAL-COVID-19-05-DE-JULIO-2021-520x520.jpeg 520w, https:\/\/radioprimiciapelluhue.cl\/wp-content\/uploads\/2021\/07\/REGIONAL-COVID-19-05-DE-JULIO-2021-800x800.jpeg 800w, https:\/\/radioprimiciapelluhue.cl\/wp-content\/uploads\/2021\/07\/REGIONAL-COVID-19-05-DE-JULIO-2021-120x120.jpeg 120w\" sizes=\"auto, (max-width: 1024px) 100vw, 1024px\" \/><\/a><\/figure><\/li><\/ul><\/figure>\n\n\n\n<p><\/p>\n","protected":false},"excerpt":{"rendered":"<p>Casos activos y fase en la Provincia Cauquenes Fase2 transici\u00f3n Casos activos 88 Pelluhue #Fase1 Cuarentena Casos Activos 26 Chanco #Fase2 transici\u00f3n Cuarentena los fines del semana Casos Activos 8 Siga cuid\u00e1ndose use la mascarilla, alcohol gel, mantenga distancia, no se den abrazos ni salude de besos Cuid\u00e9monos entre todos https:\/\/www.gob.cl\/pasoapaso\/<\/p>\n","protected":false},"author":2,"featured_media":2916,"comment_status":"closed","ping_status":"closed","sticky":false,"template":"","format":"standard","meta":{"footnotes":""},"categories":[57],"tags":[],"class_list":["post-3259","post","type-post","status-publish","format-standard","has-post-thumbnail","hentry","category-covid19"],"_links":{"self":[{"href":"https:\/\/radioprimiciapelluhue.cl\/index.php?rest_route=\/wp\/v2\/posts\/3259","targetHints":{"allow":["GET"]}}],"collection":[{"href":"https:\/\/radioprimiciapelluhue.cl\/index.php?rest_route=\/wp\/v2\/posts"}],"about":[{"href":"https:\/\/radioprimiciapelluhue.cl\/index.php?rest_route=\/wp\/v2\/types\/post"}],"author":[{"embeddable":true,"href":"https:\/\/radioprimiciapelluhue.cl\/index.php?rest_route=\/wp\/v2\/users\/2"}],"replies":[{"embeddable":true,"href":"https:\/\/radioprimiciapelluhue.cl\/index.php?rest_route=%2Fwp%2Fv2%2Fcomments&post=3259"}],"version-history":[{"count":2,"href":"https:\/\/radioprimiciapelluhue.cl\/index.php?rest_route=\/wp\/v2\/posts\/3259\/revisions"}],"predecessor-version":[{"id":3264,"href":"https:\/\/radioprimiciapelluhue.cl\/index.php?rest_route=\/wp\/v2\/posts\/3259\/revisions\/3264"}],"wp:featuredmedia":[{"embeddable":true,"href":"https:\/\/radioprimiciapelluhue.cl\/index.php?rest_route=\/wp\/v2\/media\/2916"}],"wp:attachment":[{"href":"https:\/\/radioprimiciapelluhue.cl\/index.php?rest_route=%2Fwp%2Fv2%2Fmedia&parent=3259"}],"wp:term":[{"taxonomy":"category","embeddable":true,"href":"https:\/\/radioprimiciapelluhue.cl\/index.php?rest_route=%2Fwp%2Fv2%2Fcategories&post=3259"},{"taxonomy":"post_tag","embeddable":true,"href":"https:\/\/radioprimiciapelluhue.cl\/index.php?rest_route=%2Fwp%2Fv2%2Ftags&post=3259"}],"curies":[{"name":"wp","href":"https:\/\/api.w.org\/{rel}","templated":true}]}}