{"id":3265,"date":"2021-07-05T21:03:50","date_gmt":"2021-07-06T01:03:50","guid":{"rendered":"http:\/\/radioprimiciapelluhue.cl\/?p=3265"},"modified":"2021-07-05T21:03:54","modified_gmt":"2021-07-06T01:03:54","slug":"senadora-rincon-logra-reapertura-de-oficina-regional-para-pueblos-indigenas","status":"publish","type":"post","link":"https:\/\/radioprimiciapelluhue.cl\/?p=3265","title":{"rendered":"Senadora Rinc\u00f3n logra reapertura de oficina regional para pueblos ind\u00edgenas"},"content":{"rendered":"\n<p>Tras denuncia del Parlamento Ind\u00edgena del Maule por cierre de la \u00fanica instancia de atenci\u00f3n presencial que tienen las casi 50 mil personas pertenecientes a un pueblo originario, la legisladora tom\u00f3 contacto con la Ministra de Desarrollo Social.&nbsp; \u201cNos comprometi\u00f3 la reapertura inmediata, pues en caso contrario los tr\u00e1mites presenciales van a Ca\u00f1ete, que est\u00e1 a m\u00e1s de cinco horas en veh\u00edculo\u201d, puntualiz\u00f3<\/p>\n\n\n\n<p>La posibilidad concreta de atenci\u00f3n presencial en la regi\u00f3n, tendr\u00e1n las casi 50 mil personas pertenecientes a un pueblo originario que viven en el Maule. Esto, luego que la Senadora Ximena Rinc\u00f3n gestionara exitosamente ante la Ministra de Desarrollo Social, Karla Rubilar, la reapertura de la oficina que hasta hace algunos meses funcion\u00f3 en dependencias de la serem\u00eda en Talca.<\/p>\n\n\n\n<p>\u201cTras conocer la denuncia y, sobre todo, el malestar del Parlamento Ind\u00edgena, por el cierre de la oficina que atend\u00eda a las personas pertenecientes a un pueblo originario, contact\u00e9 a la ministra Rubilar y le hice ver lo inveros\u00edmil de la situaci\u00f3n, pues si una persona no puede realizar un tr\u00e1mite online, hoy debe trasladarse hasta Ca\u00f1ete, distante a m\u00e1s de cinco horas en veh\u00edculo.&nbsp; Lo que resulta inaceptable\u201d, precis\u00f3 la legisladora, quien record\u00f3 que en su primer periodo senatorial y tras recoger la inquietud de dirigentes de diversas agrupaciones, gesti\u00f3n la apertura de una oficina del programa de Promoci\u00f3n e Informaci\u00f3n de Derechos Ind\u00edgenas, PIDI.<\/p>\n\n\n\n<p>A\u00f1adi\u00f3 que lamentablemente esta modalidad de atenci\u00f3n se reemplaz\u00f3 por un convenio entre el Gobierno Regional y Conadi, lo que signific\u00f3 el comienzo de los problemas.&nbsp;<\/p>\n\n\n\n<p>\u201cEl convenio nunca funcion\u00f3 en tiempo y forma, por lo que en algunos a\u00f1os llegaba junio o incluso agosto y la oficina no estaba en funcionamiento.&nbsp; As\u00ed tr\u00e1mites como certificados de reconocimiento, que se entregan en forma m\u00e1s menos expedita, en el Maule son complejos de obtener, lo que dificulta la postulaci\u00f3n a una serie de beneficios\u201d, asegur\u00f3 a Senadora.<\/p>\n\n\n\n<p>ESTADO<\/p>\n\n\n\n<p>Ximena Rinc\u00f3n explic\u00f3 que es deber del Estado respetar, proteger y promover el desarrollo de los ind\u00edgenas, sus culturas, familias y comunidades, adoptando las medidas adecuadas para tales fines, lo que en el Maule no est\u00e1 ocurriendo.<\/p>\n\n\n\n<p>\u201cPor eso quiero valorar la disposici\u00f3n tanto de la ministra como del Parlamento Ind\u00edgena del Maule, por entender que es necesario buscar soluciones de manera r\u00e1pida. Entendemos que la soluci\u00f3n que nos da la Ministra Rubilar es una soluci\u00f3n parcial, pero debemos seguir trabajando para contar con una oficina Conadi que funcione todo el a\u00f1o y ello pasa por modificar la ley ind\u00edgena y tambi\u00e9n por voluntad pol\u00edtica, como la planteada por la gobernadora regional electa, Cristina Bravo, quien ofreci\u00f3 todo su respaldo para el correcto funcionamiento de la oficina\u201d, concluy\u00f3 la Senadora, quien junto a los alcaldes de Maule, Luis V\u00e1squez; de San Rafael, Claudia D\u00edaz; de Molina, Priscilla Castillo; de Huala\u00f1\u00e9, Carolina Mu\u00f1oz, y de Curic\u00f3, Javier Mu\u00f1oz, solicit\u00f3 que la oficina que ser\u00e1 reabierta cuente con presupuesto garantizado para todo el 2022.<\/p>\n\n\n\n<figure class=\"wp-block-gallery columns-1 is-cropped wp-block-gallery-1 is-layout-flex wp-block-gallery-is-layout-flex\"><ul class=\"blocks-gallery-grid\"><li class=\"blocks-gallery-item\"><figure><a href=\"http:\/\/radioprimiciapelluhue.cl\/wp-content\/uploads\/2021\/07\/Captura-de-pantalla-2021-07-05-210020.jpg\"><img loading=\"lazy\" decoding=\"async\" width=\"1024\" height=\"573\" src=\"http:\/\/radioprimiciapelluhue.cl\/wp-content\/uploads\/2021\/07\/Captura-de-pantalla-2021-07-05-210020-1024x573.jpg\" alt=\"\" data-id=\"3266\" data-full-url=\"http:\/\/radioprimiciapelluhue.cl\/wp-content\/uploads\/2021\/07\/Captura-de-pantalla-2021-07-05-210020.jpg\" data-link=\"http:\/\/radioprimiciapelluhue.cl\/?attachment_id=3266\" class=\"wp-image-3266\" srcset=\"https:\/\/radioprimiciapelluhue.cl\/wp-content\/uploads\/2021\/07\/Captura-de-pantalla-2021-07-05-210020-1024x573.jpg 1024w, https:\/\/radioprimiciapelluhue.cl\/wp-content\/uploads\/2021\/07\/Captura-de-pantalla-2021-07-05-210020-300x168.jpg 300w, https:\/\/radioprimiciapelluhue.cl\/wp-content\/uploads\/2021\/07\/Captura-de-pantalla-2021-07-05-210020-768x430.jpg 768w, https:\/\/radioprimiciapelluhue.cl\/wp-content\/uploads\/2021\/07\/Captura-de-pantalla-2021-07-05-210020.jpg 1033w\" sizes=\"auto, (max-width: 1024px) 100vw, 1024px\" \/><\/a><\/figure><\/li><\/ul><\/figure>\n","protected":false},"excerpt":{"rendered":"<p>Tras denuncia del Parlamento Ind\u00edgena del Maule por cierre de la \u00fanica instancia de atenci\u00f3n presencial que tienen las casi 50 mil personas pertenecientes a un pueblo originario, la legisladora tom\u00f3 contacto con la Ministra de Desarrollo Social.&nbsp; \u201cNos comprometi\u00f3 la reapertura inmediata, pues en caso contrario los tr\u00e1mites presenciales van a Ca\u00f1ete, que est\u00e1 [&hellip;]<\/p>\n","protected":false},"author":2,"featured_media":3266,"comment_status":"closed","ping_status":"closed","sticky":false,"template":"","format":"standard","meta":{"footnotes":""},"categories":[60],"tags":[],"class_list":["post-3265","post","type-post","status-publish","format-standard","has-post-thumbnail","hentry","category-politica"],"_links":{"self":[{"href":"https:\/\/radioprimiciapelluhue.cl\/index.php?rest_route=\/wp\/v2\/posts\/3265","targetHints":{"allow":["GET"]}}],"collection":[{"href":"https:\/\/radioprimiciapelluhue.cl\/index.php?rest_route=\/wp\/v2\/posts"}],"about":[{"href":"https:\/\/radioprimiciapelluhue.cl\/index.php?rest_route=\/wp\/v2\/types\/post"}],"author":[{"embeddable":true,"href":"https:\/\/radioprimiciapelluhue.cl\/index.php?rest_route=\/wp\/v2\/users\/2"}],"replies":[{"embeddable":true,"href":"https:\/\/radioprimiciapelluhue.cl\/index.php?rest_route=%2Fwp%2Fv2%2Fcomments&post=3265"}],"version-history":[{"count":1,"href":"https:\/\/radioprimiciapelluhue.cl\/index.php?rest_route=\/wp\/v2\/posts\/3265\/revisions"}],"predecessor-version":[{"id":3267,"href":"https:\/\/radioprimiciapelluhue.cl\/index.php?rest_route=\/wp\/v2\/posts\/3265\/revisions\/3267"}],"wp:featuredmedia":[{"embeddable":true,"href":"https:\/\/radioprimiciapelluhue.cl\/index.php?rest_route=\/wp\/v2\/media\/3266"}],"wp:attachment":[{"href":"https:\/\/radioprimiciapelluhue.cl\/index.php?rest_route=%2Fwp%2Fv2%2Fmedia&parent=3265"}],"wp:term":[{"taxonomy":"category","embeddable":true,"href":"https:\/\/radioprimiciapelluhue.cl\/index.php?rest_route=%2Fwp%2Fv2%2Fcategories&post=3265"},{"taxonomy":"post_tag","embeddable":true,"href":"https:\/\/radioprimiciapelluhue.cl\/index.php?rest_route=%2Fwp%2Fv2%2Ftags&post=3265"}],"curies":[{"name":"wp","href":"https:\/\/api.w.org\/{rel}","templated":true}]}}