{"id":3277,"date":"2021-07-10T22:15:27","date_gmt":"2021-07-11T02:15:27","guid":{"rendered":"http:\/\/radioprimiciapelluhue.cl\/?p=3277"},"modified":"2021-07-10T22:15:27","modified_gmt":"2021-07-11T02:15:27","slug":"informe-covid19-de-hoy-10-de-julio-2021","status":"publish","type":"post","link":"https:\/\/radioprimiciapelluhue.cl\/?p=3277","title":{"rendered":"Informe #Covid19 de hoy 10 de Julio 2021"},"content":{"rendered":"\n<p>Casos activos y fase en la Provincia<\/p>\n\n\n\n<p>Cauquenes Fase2 transici\u00f3n Casos activos 78<\/p>\n\n\n\n<p>Pelluhue <a href=\"https:\/\/www.facebook.com\/hashtag\/fase1?__eep__=6&amp;__cft__%5b0%5d=AZX19h-53sZ7_SHOCv8qaIHOLDwKAu_5FQvXbyATjSTd2ToOcMByybhHO3NeBz_oj-2ZkAZwXoMpgXi8GF1ze_FMyfxW8BhkrbKpiCON-WhEOBSpbY2Efi2sbRelLCP96-kCp3vZ0tDvZO96ZjsBE7dkcRwnTSbO0931AiaCpQeeSTOuO9W3yB30mjaoGZaZ45c&amp;__tn__=*NK-R\">#Fase1<\/a> Cuarentena Casos Activos 22<\/p>\n\n\n\n<p>Chanco <a href=\"https:\/\/www.facebook.com\/hashtag\/fase2?__eep__=6&amp;__cft__%5b0%5d=AZX19h-53sZ7_SHOCv8qaIHOLDwKAu_5FQvXbyATjSTd2ToOcMByybhHO3NeBz_oj-2ZkAZwXoMpgXi8GF1ze_FMyfxW8BhkrbKpiCON-WhEOBSpbY2Efi2sbRelLCP96-kCp3vZ0tDvZO96ZjsBE7dkcRwnTSbO0931AiaCpQeeSTOuO9W3yB30mjaoGZaZ45c&amp;__tn__=*NK-R\">#Fase2<\/a> transici\u00f3n Cuarentena los fines del semana Casos Activos 7<\/p>\n\n\n\n<p>Siga cuid\u00e1ndose use la mascarilla, alcohol gel, mantenga distancia, no se den abrazos ni salude de besos<\/p>\n\n\n\n<p>Cuid\u00e9monos entre todos<\/p>\n\n\n\n<p><a href=\"https:\/\/www.gob.cl\/pasoapaso\/\">https:\/\/www.gob.cl\/pasoapaso\/<\/a><\/p>\n\n\n\n<figure class=\"wp-block-gallery columns-3 is-cropped wp-block-gallery-1 is-layout-flex wp-block-gallery-is-layout-flex\"><ul class=\"blocks-gallery-grid\"><li class=\"blocks-gallery-item\"><figure><a href=\"http:\/\/radioprimiciapelluhue.cl\/wp-content\/uploads\/2021\/07\/ACTIVOS-COVID-19-03-DE-JULIO-2021.jpg\"><img loading=\"lazy\" decoding=\"async\" width=\"473\" height=\"1024\" src=\"http:\/\/radioprimiciapelluhue.cl\/wp-content\/uploads\/2021\/07\/ACTIVOS-COVID-19-03-DE-JULIO-2021-473x1024.jpg\" alt=\"\" data-id=\"3278\" data-full-url=\"http:\/\/radioprimiciapelluhue.cl\/wp-content\/uploads\/2021\/07\/ACTIVOS-COVID-19-03-DE-JULIO-2021.jpg\" data-link=\"http:\/\/radioprimiciapelluhue.cl\/?attachment_id=3278\" class=\"wp-image-3278\" srcset=\"https:\/\/radioprimiciapelluhue.cl\/wp-content\/uploads\/2021\/07\/ACTIVOS-COVID-19-03-DE-JULIO-2021-473x1024.jpg 473w, https:\/\/radioprimiciapelluhue.cl\/wp-content\/uploads\/2021\/07\/ACTIVOS-COVID-19-03-DE-JULIO-2021-139x300.jpg 139w, https:\/\/radioprimiciapelluhue.cl\/wp-content\/uploads\/2021\/07\/ACTIVOS-COVID-19-03-DE-JULIO-2021-768x1663.jpg 768w, https:\/\/radioprimiciapelluhue.cl\/wp-content\/uploads\/2021\/07\/ACTIVOS-COVID-19-03-DE-JULIO-2021-710x1536.jpg 710w, https:\/\/radioprimiciapelluhue.cl\/wp-content\/uploads\/2021\/07\/ACTIVOS-COVID-19-03-DE-JULIO-2021.jpg 946w\" sizes=\"auto, (max-width: 473px) 100vw, 473px\" \/><\/a><\/figure><\/li><li class=\"blocks-gallery-item\"><figure><a href=\"http:\/\/radioprimiciapelluhue.cl\/wp-content\/uploads\/2021\/07\/CONFIRMADOS-COVID-19-03-DE-JULIO-2021.jpg\"><img loading=\"lazy\" decoding=\"async\" width=\"473\" height=\"1024\" src=\"http:\/\/radioprimiciapelluhue.cl\/wp-content\/uploads\/2021\/07\/CONFIRMADOS-COVID-19-03-DE-JULIO-2021-473x1024.jpg\" alt=\"\" data-id=\"3279\" data-full-url=\"http:\/\/radioprimiciapelluhue.cl\/wp-content\/uploads\/2021\/07\/CONFIRMADOS-COVID-19-03-DE-JULIO-2021.jpg\" data-link=\"http:\/\/radioprimiciapelluhue.cl\/?attachment_id=3279\" class=\"wp-image-3279\" srcset=\"https:\/\/radioprimiciapelluhue.cl\/wp-content\/uploads\/2021\/07\/CONFIRMADOS-COVID-19-03-DE-JULIO-2021-473x1024.jpg 473w, https:\/\/radioprimiciapelluhue.cl\/wp-content\/uploads\/2021\/07\/CONFIRMADOS-COVID-19-03-DE-JULIO-2021-139x300.jpg 139w, https:\/\/radioprimiciapelluhue.cl\/wp-content\/uploads\/2021\/07\/CONFIRMADOS-COVID-19-03-DE-JULIO-2021-768x1663.jpg 768w, https:\/\/radioprimiciapelluhue.cl\/wp-content\/uploads\/2021\/07\/CONFIRMADOS-COVID-19-03-DE-JULIO-2021-710x1536.jpg 710w, https:\/\/radioprimiciapelluhue.cl\/wp-content\/uploads\/2021\/07\/CONFIRMADOS-COVID-19-03-DE-JULIO-2021.jpg 946w\" sizes=\"auto, (max-width: 473px) 100vw, 473px\" \/><\/a><\/figure><\/li><li class=\"blocks-gallery-item\"><figure><a href=\"http:\/\/radioprimiciapelluhue.cl\/wp-content\/uploads\/2021\/07\/REGIONAL-COVID-19-03-DE-JULIO-2021.jpg\"><img loading=\"lazy\" decoding=\"async\" width=\"1024\" height=\"1024\" src=\"http:\/\/radioprimiciapelluhue.cl\/wp-content\/uploads\/2021\/07\/REGIONAL-COVID-19-03-DE-JULIO-2021.jpg\" alt=\"\" data-id=\"3280\" data-full-url=\"http:\/\/radioprimiciapelluhue.cl\/wp-content\/uploads\/2021\/07\/REGIONAL-COVID-19-03-DE-JULIO-2021.jpg\" data-link=\"http:\/\/radioprimiciapelluhue.cl\/?attachment_id=3280\" class=\"wp-image-3280\" srcset=\"https:\/\/radioprimiciapelluhue.cl\/wp-content\/uploads\/2021\/07\/REGIONAL-COVID-19-03-DE-JULIO-2021.jpg 1024w, https:\/\/radioprimiciapelluhue.cl\/wp-content\/uploads\/2021\/07\/REGIONAL-COVID-19-03-DE-JULIO-2021-300x300.jpg 300w, https:\/\/radioprimiciapelluhue.cl\/wp-content\/uploads\/2021\/07\/REGIONAL-COVID-19-03-DE-JULIO-2021-150x150.jpg 150w, https:\/\/radioprimiciapelluhue.cl\/wp-content\/uploads\/2021\/07\/REGIONAL-COVID-19-03-DE-JULIO-2021-768x768.jpg 768w, https:\/\/radioprimiciapelluhue.cl\/wp-content\/uploads\/2021\/07\/REGIONAL-COVID-19-03-DE-JULIO-2021-520x520.jpg 520w, https:\/\/radioprimiciapelluhue.cl\/wp-content\/uploads\/2021\/07\/REGIONAL-COVID-19-03-DE-JULIO-2021-800x800.jpg 800w, https:\/\/radioprimiciapelluhue.cl\/wp-content\/uploads\/2021\/07\/REGIONAL-COVID-19-03-DE-JULIO-2021-120x120.jpg 120w\" sizes=\"auto, (max-width: 1024px) 100vw, 1024px\" \/><\/a><\/figure><\/li><\/ul><\/figure>\n","protected":false},"excerpt":{"rendered":"<p>Casos activos y fase en la Provincia Cauquenes Fase2 transici\u00f3n Casos activos 78 Pelluhue #Fase1 Cuarentena Casos Activos 22 Chanco #Fase2 transici\u00f3n Cuarentena los fines del semana Casos Activos 7 Siga cuid\u00e1ndose use la mascarilla, alcohol gel, mantenga distancia, no se den abrazos ni salude de besos Cuid\u00e9monos entre todos https:\/\/www.gob.cl\/pasoapaso\/<\/p>\n","protected":false},"author":2,"featured_media":2916,"comment_status":"closed","ping_status":"closed","sticky":false,"template":"","format":"standard","meta":{"footnotes":""},"categories":[57],"tags":[],"class_list":["post-3277","post","type-post","status-publish","format-standard","has-post-thumbnail","hentry","category-covid19"],"_links":{"self":[{"href":"https:\/\/radioprimiciapelluhue.cl\/index.php?rest_route=\/wp\/v2\/posts\/3277","targetHints":{"allow":["GET"]}}],"collection":[{"href":"https:\/\/radioprimiciapelluhue.cl\/index.php?rest_route=\/wp\/v2\/posts"}],"about":[{"href":"https:\/\/radioprimiciapelluhue.cl\/index.php?rest_route=\/wp\/v2\/types\/post"}],"author":[{"embeddable":true,"href":"https:\/\/radioprimiciapelluhue.cl\/index.php?rest_route=\/wp\/v2\/users\/2"}],"replies":[{"embeddable":true,"href":"https:\/\/radioprimiciapelluhue.cl\/index.php?rest_route=%2Fwp%2Fv2%2Fcomments&post=3277"}],"version-history":[{"count":1,"href":"https:\/\/radioprimiciapelluhue.cl\/index.php?rest_route=\/wp\/v2\/posts\/3277\/revisions"}],"predecessor-version":[{"id":3281,"href":"https:\/\/radioprimiciapelluhue.cl\/index.php?rest_route=\/wp\/v2\/posts\/3277\/revisions\/3281"}],"wp:featuredmedia":[{"embeddable":true,"href":"https:\/\/radioprimiciapelluhue.cl\/index.php?rest_route=\/wp\/v2\/media\/2916"}],"wp:attachment":[{"href":"https:\/\/radioprimiciapelluhue.cl\/index.php?rest_route=%2Fwp%2Fv2%2Fmedia&parent=3277"}],"wp:term":[{"taxonomy":"category","embeddable":true,"href":"https:\/\/radioprimiciapelluhue.cl\/index.php?rest_route=%2Fwp%2Fv2%2Fcategories&post=3277"},{"taxonomy":"post_tag","embeddable":true,"href":"https:\/\/radioprimiciapelluhue.cl\/index.php?rest_route=%2Fwp%2Fv2%2Ftags&post=3277"}],"curies":[{"name":"wp","href":"https:\/\/api.w.org\/{rel}","templated":true}]}}