{"id":3282,"date":"2021-07-15T12:51:55","date_gmt":"2021-07-15T16:51:55","guid":{"rendered":"http:\/\/radioprimiciapelluhue.cl\/?p=3282"},"modified":"2021-07-15T12:51:55","modified_gmt":"2021-07-15T16:51:55","slug":"funeral-senorita-gladys-canales-paredes","status":"publish","type":"post","link":"https:\/\/radioprimiciapelluhue.cl\/?p=3282","title":{"rendered":"FUNERAL SE\u00d1ORITA GLADYS CANALES PAREDES"},"content":{"rendered":"\n<p>se comunica el sensible fallecimiento de la se\u00f1orita Gladys Ester Canales ParedesSus restos est\u00e1n siendo velados en el sector Quinta Chile, sus funerales se efectuar\u00e1n ma\u00f1ana viernes, con una misa a las 12:00 horas, en el mismo domicilio, posteriormente su sepultaci\u00f3n, cementerio parroquial de Curanipe Agradece familia Canales Paredes y Funerales Alarcon<\/p>\n\n\n\n<figure class=\"wp-block-gallery columns-1 is-cropped wp-block-gallery-1 is-layout-flex wp-block-gallery-is-layout-flex\"><ul class=\"blocks-gallery-grid\"><li class=\"blocks-gallery-item\"><figure><a href=\"http:\/\/radioprimiciapelluhue.cl\/wp-content\/uploads\/2021\/07\/FALLECIMIENTO-GLADYS-CANALES-PAREDES.jpg\"><img loading=\"lazy\" decoding=\"async\" width=\"640\" height=\"480\" src=\"http:\/\/radioprimiciapelluhue.cl\/wp-content\/uploads\/2021\/07\/FALLECIMIENTO-GLADYS-CANALES-PAREDES.jpg\" alt=\"\" data-id=\"3283\" data-full-url=\"http:\/\/radioprimiciapelluhue.cl\/wp-content\/uploads\/2021\/07\/FALLECIMIENTO-GLADYS-CANALES-PAREDES.jpg\" data-link=\"http:\/\/radioprimiciapelluhue.cl\/?attachment_id=3283\" class=\"wp-image-3283\" srcset=\"https:\/\/radioprimiciapelluhue.cl\/wp-content\/uploads\/2021\/07\/FALLECIMIENTO-GLADYS-CANALES-PAREDES.jpg 640w, https:\/\/radioprimiciapelluhue.cl\/wp-content\/uploads\/2021\/07\/FALLECIMIENTO-GLADYS-CANALES-PAREDES-300x225.jpg 300w\" sizes=\"auto, (max-width: 640px) 100vw, 640px\" \/><\/a><\/figure><\/li><\/ul><\/figure>\n","protected":false},"excerpt":{"rendered":"<p>se comunica el sensible fallecimiento de la se\u00f1orita Gladys Ester Canales ParedesSus restos est\u00e1n siendo velados en el sector Quinta Chile, sus funerales se efectuar\u00e1n ma\u00f1ana viernes, con una misa a las 12:00 horas, en el mismo domicilio, posteriormente su sepultaci\u00f3n, cementerio parroquial de Curanipe Agradece familia Canales Paredes y Funerales Alarcon<\/p>\n","protected":false},"author":2,"featured_media":3283,"comment_status":"closed","ping_status":"closed","sticky":false,"template":"","format":"standard","meta":{"footnotes":""},"categories":[51],"tags":[],"class_list":["post-3282","post","type-post","status-publish","format-standard","has-post-thumbnail","hentry","category-comunicado"],"_links":{"self":[{"href":"https:\/\/radioprimiciapelluhue.cl\/index.php?rest_route=\/wp\/v2\/posts\/3282","targetHints":{"allow":["GET"]}}],"collection":[{"href":"https:\/\/radioprimiciapelluhue.cl\/index.php?rest_route=\/wp\/v2\/posts"}],"about":[{"href":"https:\/\/radioprimiciapelluhue.cl\/index.php?rest_route=\/wp\/v2\/types\/post"}],"author":[{"embeddable":true,"href":"https:\/\/radioprimiciapelluhue.cl\/index.php?rest_route=\/wp\/v2\/users\/2"}],"replies":[{"embeddable":true,"href":"https:\/\/radioprimiciapelluhue.cl\/index.php?rest_route=%2Fwp%2Fv2%2Fcomments&post=3282"}],"version-history":[{"count":1,"href":"https:\/\/radioprimiciapelluhue.cl\/index.php?rest_route=\/wp\/v2\/posts\/3282\/revisions"}],"predecessor-version":[{"id":3284,"href":"https:\/\/radioprimiciapelluhue.cl\/index.php?rest_route=\/wp\/v2\/posts\/3282\/revisions\/3284"}],"wp:featuredmedia":[{"embeddable":true,"href":"https:\/\/radioprimiciapelluhue.cl\/index.php?rest_route=\/wp\/v2\/media\/3283"}],"wp:attachment":[{"href":"https:\/\/radioprimiciapelluhue.cl\/index.php?rest_route=%2Fwp%2Fv2%2Fmedia&parent=3282"}],"wp:term":[{"taxonomy":"category","embeddable":true,"href":"https:\/\/radioprimiciapelluhue.cl\/index.php?rest_route=%2Fwp%2Fv2%2Fcategories&post=3282"},{"taxonomy":"post_tag","embeddable":true,"href":"https:\/\/radioprimiciapelluhue.cl\/index.php?rest_route=%2Fwp%2Fv2%2Ftags&post=3282"}],"curies":[{"name":"wp","href":"https:\/\/api.w.org\/{rel}","templated":true}]}}