{"id":3285,"date":"2021-07-15T12:56:52","date_gmt":"2021-07-15T16:56:52","guid":{"rendered":"http:\/\/radioprimiciapelluhue.cl\/?p=3285"},"modified":"2021-07-15T12:56:56","modified_gmt":"2021-07-15T16:56:56","slug":"cristina-bravo-debe-encabezar-un-proceso-de-descentralizacion-y-desconcentracion","status":"publish","type":"post","link":"https:\/\/radioprimiciapelluhue.cl\/?p=3285","title":{"rendered":"Cristina Bravo debe encabezar un proceso de descentralizaci\u00f3n y desconcentraci\u00f3n"},"content":{"rendered":"\n<p>Parlamentaria asegur\u00f3 que la nueva gobernadora enfrentar\u00e1 importantes desaf\u00edos como la reconstrucci\u00f3n social, econ\u00f3mica y laboral de la regi\u00f3n post pandemia.\u00a0 \u201cConfiamos en las capacidades de Cristina\u201d, asegur\u00f3<\/p>\n\n\n\n<p>Como un d\u00eda hist\u00f3rico para la regi\u00f3n, calific\u00f3 la Senadora por el Maule, Ximena Regi\u00f3n, la asunci\u00f3n como primera mujer gobernadora regional de Cristina Bravo, quien -asegur\u00f3- deber\u00e1 liderar un proceso de descentralizaci\u00f3n, sino que tambi\u00e9n de desconcentraci\u00f3n social y laboral de la regi\u00f3n.<\/p>\n\n\n\n<p>\u201cEs un d\u00eda hist\u00f3rico.&nbsp; Asume Cristina Bravo como la primera mujer gobernadora de la Regi\u00f3n del Maule en un proceso que nos cost\u00f3 instalar, un proceso de descentralizaci\u00f3n que esperamos tambi\u00e9n sea de desconcentraci\u00f3n pol\u00edtica, social y econ\u00f3mica, que parte con una mujer que ha entregado su vida al servicio p\u00fablico.&nbsp; Le deseo todo el \u00e9xito del mundo, porque su \u00e9xito, ser\u00e1 el \u00e9xito de nuestra regi\u00f3n\u201d, sostuvo la parlamentaria.<\/p>\n\n\n\n<p>A\u00f1adi\u00f3 que en un escenario complejo, Cristina Bravo deber\u00e1 enfrentar la reconstrucci\u00f3n social y econ\u00f3mica de la regi\u00f3n post pandemia, por lo que llam\u00f3 a la unidad para apoyar la gesti\u00f3n de la reci\u00e9n asumida gobernadora regional, quien -recalc\u00f3- arriba al cargo con menos atribuciones de las necesarias para sacar adelante a la regi\u00f3n.<\/p>\n\n\n\n<p>\u201cLlamo a la unidad, porque hemos demostrado como regi\u00f3n que m\u00e1s all\u00e1 de lo que pasa en el pa\u00eds, ac\u00e1 si tenemos miradas comunes y hoy necesitamos avanzar con entendimiento y capacidad de di\u00e1logo\u201d, precis\u00f3 la legisladora.<\/p>\n\n\n\n<p>Ximena Rinc\u00f3n recalc\u00f3 que lo que se viene es un trabajo que debe abordarse con humildad y sabiendo que ser\u00e1 muy complejo.&nbsp;<\/p>\n\n\n\n<p>\u201cNo ser\u00e1 f\u00e1cil liderar una regi\u00f3n tremendamente afectada por la pandemia desde los &nbsp;sanitario, lo social y econ\u00f3mico, pero conf\u00edo en que Cristina Bravo tiene la capacidad suficiente para llevar adelante su programa y armar equipos que est\u00e9n acorde a las dif\u00edciles circunstancias que deber\u00e1n enfrentar\u201d, asegur\u00f3 el la legisladora.<\/p>\n\n\n\n<p>A\u00f1adi\u00f3 que Cristina Bravo es una mujer trabajadora, preparada y con experiencia, que dar\u00e1 su mejor esfuerzo en la conducci\u00f3n del Maule. \u201cEl liderazgo de Cristina, una mujer profesional, esforzada, madre, cal\u00f3 fuerte en la regi\u00f3n.\u00a0 Ella es un nuevo liderazgo femenino regional, que tiene la misi\u00f3n de preocuparse de todos los habitantes de la regi\u00f3n, sin importar su comuna\u201d, concluy\u00f3 la Senadora.<\/p>\n\n\n\n<figure class=\"wp-block-gallery columns-1 is-cropped wp-block-gallery-1 is-layout-flex wp-block-gallery-is-layout-flex\"><ul class=\"blocks-gallery-grid\"><li class=\"blocks-gallery-item\"><figure><a href=\"http:\/\/radioprimiciapelluhue.cl\/wp-content\/uploads\/2021\/07\/07-14-gobernadora-regional.jpeg\"><img loading=\"lazy\" decoding=\"async\" width=\"1024\" height=\"768\" src=\"http:\/\/radioprimiciapelluhue.cl\/wp-content\/uploads\/2021\/07\/07-14-gobernadora-regional.jpeg\" alt=\"\" data-id=\"3286\" data-full-url=\"http:\/\/radioprimiciapelluhue.cl\/wp-content\/uploads\/2021\/07\/07-14-gobernadora-regional.jpeg\" data-link=\"http:\/\/radioprimiciapelluhue.cl\/?attachment_id=3286\" class=\"wp-image-3286\" srcset=\"https:\/\/radioprimiciapelluhue.cl\/wp-content\/uploads\/2021\/07\/07-14-gobernadora-regional.jpeg 1024w, https:\/\/radioprimiciapelluhue.cl\/wp-content\/uploads\/2021\/07\/07-14-gobernadora-regional-300x225.jpeg 300w, https:\/\/radioprimiciapelluhue.cl\/wp-content\/uploads\/2021\/07\/07-14-gobernadora-regional-768x576.jpeg 768w\" sizes=\"auto, (max-width: 1024px) 100vw, 1024px\" \/><\/a><\/figure><\/li><\/ul><\/figure>\n","protected":false},"excerpt":{"rendered":"<p>Parlamentaria asegur\u00f3 que la nueva gobernadora enfrentar\u00e1 importantes desaf\u00edos como la reconstrucci\u00f3n social, econ\u00f3mica y laboral de la regi\u00f3n post pandemia.\u00a0 \u201cConfiamos en las capacidades de Cristina\u201d, asegur\u00f3 Como un d\u00eda hist\u00f3rico para la regi\u00f3n, calific\u00f3 la Senadora por el Maule, Ximena Regi\u00f3n, la asunci\u00f3n como primera mujer gobernadora regional de Cristina Bravo, quien -asegur\u00f3- [&hellip;]<\/p>\n","protected":false},"author":2,"featured_media":3286,"comment_status":"closed","ping_status":"closed","sticky":false,"template":"","format":"standard","meta":{"footnotes":""},"categories":[60],"tags":[],"class_list":["post-3285","post","type-post","status-publish","format-standard","has-post-thumbnail","hentry","category-politica"],"_links":{"self":[{"href":"https:\/\/radioprimiciapelluhue.cl\/index.php?rest_route=\/wp\/v2\/posts\/3285","targetHints":{"allow":["GET"]}}],"collection":[{"href":"https:\/\/radioprimiciapelluhue.cl\/index.php?rest_route=\/wp\/v2\/posts"}],"about":[{"href":"https:\/\/radioprimiciapelluhue.cl\/index.php?rest_route=\/wp\/v2\/types\/post"}],"author":[{"embeddable":true,"href":"https:\/\/radioprimiciapelluhue.cl\/index.php?rest_route=\/wp\/v2\/users\/2"}],"replies":[{"embeddable":true,"href":"https:\/\/radioprimiciapelluhue.cl\/index.php?rest_route=%2Fwp%2Fv2%2Fcomments&post=3285"}],"version-history":[{"count":1,"href":"https:\/\/radioprimiciapelluhue.cl\/index.php?rest_route=\/wp\/v2\/posts\/3285\/revisions"}],"predecessor-version":[{"id":3287,"href":"https:\/\/radioprimiciapelluhue.cl\/index.php?rest_route=\/wp\/v2\/posts\/3285\/revisions\/3287"}],"wp:featuredmedia":[{"embeddable":true,"href":"https:\/\/radioprimiciapelluhue.cl\/index.php?rest_route=\/wp\/v2\/media\/3286"}],"wp:attachment":[{"href":"https:\/\/radioprimiciapelluhue.cl\/index.php?rest_route=%2Fwp%2Fv2%2Fmedia&parent=3285"}],"wp:term":[{"taxonomy":"category","embeddable":true,"href":"https:\/\/radioprimiciapelluhue.cl\/index.php?rest_route=%2Fwp%2Fv2%2Fcategories&post=3285"},{"taxonomy":"post_tag","embeddable":true,"href":"https:\/\/radioprimiciapelluhue.cl\/index.php?rest_route=%2Fwp%2Fv2%2Ftags&post=3285"}],"curies":[{"name":"wp","href":"https:\/\/api.w.org\/{rel}","templated":true}]}}