{"id":3316,"date":"2021-07-22T22:26:31","date_gmt":"2021-07-23T02:26:31","guid":{"rendered":"http:\/\/radioprimiciapelluhue.cl\/?p=3316"},"modified":"2021-07-22T22:26:31","modified_gmt":"2021-07-23T02:26:31","slug":"bienes-nacionales-comienza-proceso-de-licitacion-para-servicio-de-mantencion-y-mejoramiento-de-fachada-principal-en-edificio-de-servicios-publicos-de-talca","status":"publish","type":"post","link":"https:\/\/radioprimiciapelluhue.cl\/?p=3316","title":{"rendered":"Bienes Nacionales comienza proceso de licitaci\u00f3n para servicio de mantenci\u00f3n y mejoramiento de fachada principal en edificio de Servicios P\u00fablicos de Talca"},"content":{"rendered":"\n<p><strong>Este simb\u00f3lico inmueble, ubicado frente a la Plaza de Armas, junto a otros edificios de car\u00e1cter institucional, logra una relaci\u00f3n arm\u00f3nica con su entorno donde es posible observar los diferentes estilos arquitect\u00f3nicos que se han sucedido en la ciudad, el que pronto podr\u00e1 recibir una mejora en su fachada.<\/strong><\/p>\n\n\n\n<p>Este edificio de 9.209 m\u00b2 fue dise\u00f1ado y construido por la Direcci\u00f3n de Arquitectura del Ministerio de Obras P\u00fablicas en el a\u00f1o 1930, para ubicar los diferentes servicios p\u00fablicos que luego del terremoto de 1928 quedaron destruidos. La gran p\u00e9rdida de infraestructura ocasionada por ese terremoto oblig\u00f3 al gobierno de la \u00e9poca a optar por un r\u00e1pido y amplio plan de reposici\u00f3n, en que por primera vez se impuso el uso del Hormig\u00f3n Armado por su alta resistencia estructural.<\/p>\n\n\n\n<p>Luego de ser declarado Monumento Nacional el a\u00f1o 2008, el Consejo de Monumentos Nacionales encarg\u00f3 un estudio sobre la condici\u00f3n del inmueble. Se concluy\u00f3 que contaba con una serie de problemas de mantenci\u00f3n y conservaci\u00f3n, como el reemplazo en ciertos espacios de los tabiques originales de madera y las m\u00faltiples subdivisiones interiores. Tambi\u00e9n se evidenci\u00f3 el agrietamiento de la loza de la cubierta, lo que ha permitido la filtraci\u00f3n de las aguas lluvia hacia los recintos inferiores. El informe propuso restaurar puertas, ventanas, tabiques, forjas y pavimentos en general.<\/p>\n\n\n\n<p>Si bien el estudio se desarroll\u00f3 de forma previa al terremoto de febrero del 2010, posteriormente no se detectaron da\u00f1os de significaci\u00f3n en la estructura del edificio, solo grietas y fisuras menores.<\/p>\n\n\n\n<p>Para el Seremi de Bienes Nacionales, Enrique G\u00f3mez, esta es una muy buena noticia ya que, mejorar\u00e1 el frontis de esta tradicional edificaci\u00f3n asegurando que \u201ces la cara visible de la regi\u00f3n, de la capital Talca, de todos los actos p\u00fablicos que tiene lugar en la Plaza de Armas de nuestra ciudad\u201d.<\/p>\n\n\n\n<p>El mejoramiento de este importante y emblem\u00e1tico edificio, incluye la recuperaci\u00f3n de la fachada principal, los trabajos tendr\u00e1n un costo cercano a los casi 30 millones de pesos, un contrato de 120 d\u00edas. Para los interesados hay una visita obligatoria el d\u00eda 22 de julio a las 11 horas, se recibir\u00e1n consultas el 23 del mismo mes a las 12 y la recepci\u00f3n de ofertas ser\u00e1 hasta el d\u00eda 29 de julio a las 15 horas.<\/p>\n\n\n\n<figure class=\"wp-block-gallery columns-1 is-cropped wp-block-gallery-1 is-layout-flex wp-block-gallery-is-layout-flex\"><ul class=\"blocks-gallery-grid\"><li class=\"blocks-gallery-item\"><figure><a href=\"http:\/\/radioprimiciapelluhue.cl\/wp-content\/uploads\/2021\/07\/Captura-de-pantalla-2021-07-22-222417.jpg\"><img loading=\"lazy\" decoding=\"async\" width=\"817\" height=\"605\" src=\"http:\/\/radioprimiciapelluhue.cl\/wp-content\/uploads\/2021\/07\/Captura-de-pantalla-2021-07-22-222417.jpg\" alt=\"\" data-id=\"3317\" data-full-url=\"http:\/\/radioprimiciapelluhue.cl\/wp-content\/uploads\/2021\/07\/Captura-de-pantalla-2021-07-22-222417.jpg\" data-link=\"http:\/\/radioprimiciapelluhue.cl\/?attachment_id=3317\" class=\"wp-image-3317\" srcset=\"https:\/\/radioprimiciapelluhue.cl\/wp-content\/uploads\/2021\/07\/Captura-de-pantalla-2021-07-22-222417.jpg 817w, https:\/\/radioprimiciapelluhue.cl\/wp-content\/uploads\/2021\/07\/Captura-de-pantalla-2021-07-22-222417-300x222.jpg 300w, https:\/\/radioprimiciapelluhue.cl\/wp-content\/uploads\/2021\/07\/Captura-de-pantalla-2021-07-22-222417-768x569.jpg 768w\" sizes=\"auto, (max-width: 817px) 100vw, 817px\" \/><\/a><\/figure><\/li><\/ul><\/figure>\n","protected":false},"excerpt":{"rendered":"<p>Este simb\u00f3lico inmueble, ubicado frente a la Plaza de Armas, junto a otros edificios de car\u00e1cter institucional, logra una relaci\u00f3n arm\u00f3nica con su entorno donde es posible observar los diferentes estilos arquitect\u00f3nicos que se han sucedido en la ciudad, el que pronto podr\u00e1 recibir una mejora en su fachada. Este edificio de 9.209 m\u00b2 fue [&hellip;]<\/p>\n","protected":false},"author":2,"featured_media":3317,"comment_status":"closed","ping_status":"closed","sticky":false,"template":"","format":"standard","meta":{"footnotes":""},"categories":[2],"tags":[],"class_list":["post-3316","post","type-post","status-publish","format-standard","has-post-thumbnail","hentry","category-noticias"],"_links":{"self":[{"href":"https:\/\/radioprimiciapelluhue.cl\/index.php?rest_route=\/wp\/v2\/posts\/3316","targetHints":{"allow":["GET"]}}],"collection":[{"href":"https:\/\/radioprimiciapelluhue.cl\/index.php?rest_route=\/wp\/v2\/posts"}],"about":[{"href":"https:\/\/radioprimiciapelluhue.cl\/index.php?rest_route=\/wp\/v2\/types\/post"}],"author":[{"embeddable":true,"href":"https:\/\/radioprimiciapelluhue.cl\/index.php?rest_route=\/wp\/v2\/users\/2"}],"replies":[{"embeddable":true,"href":"https:\/\/radioprimiciapelluhue.cl\/index.php?rest_route=%2Fwp%2Fv2%2Fcomments&post=3316"}],"version-history":[{"count":1,"href":"https:\/\/radioprimiciapelluhue.cl\/index.php?rest_route=\/wp\/v2\/posts\/3316\/revisions"}],"predecessor-version":[{"id":3318,"href":"https:\/\/radioprimiciapelluhue.cl\/index.php?rest_route=\/wp\/v2\/posts\/3316\/revisions\/3318"}],"wp:featuredmedia":[{"embeddable":true,"href":"https:\/\/radioprimiciapelluhue.cl\/index.php?rest_route=\/wp\/v2\/media\/3317"}],"wp:attachment":[{"href":"https:\/\/radioprimiciapelluhue.cl\/index.php?rest_route=%2Fwp%2Fv2%2Fmedia&parent=3316"}],"wp:term":[{"taxonomy":"category","embeddable":true,"href":"https:\/\/radioprimiciapelluhue.cl\/index.php?rest_route=%2Fwp%2Fv2%2Fcategories&post=3316"},{"taxonomy":"post_tag","embeddable":true,"href":"https:\/\/radioprimiciapelluhue.cl\/index.php?rest_route=%2Fwp%2Fv2%2Ftags&post=3316"}],"curies":[{"name":"wp","href":"https:\/\/api.w.org\/{rel}","templated":true}]}}