{"id":3325,"date":"2021-07-28T10:40:52","date_gmt":"2021-07-28T14:40:52","guid":{"rendered":"http:\/\/radioprimiciapelluhue.cl\/?p=3325"},"modified":"2021-07-28T10:40:53","modified_gmt":"2021-07-28T14:40:53","slug":"familias-vulnerables-valoran-soluciones-y-mejoramientos-habitacionales-impulsados-por-el-gobierno","status":"publish","type":"post","link":"https:\/\/radioprimiciapelluhue.cl\/?p=3325","title":{"rendered":"Familias vulnerables valoran soluciones y mejoramientos habitacionales impulsados por el Gobierno"},"content":{"rendered":"\n<p><em>Destacan y agradecen la asistencia t\u00e9cnica del FOSIS<\/em><\/p>\n\n\n\n<p>Gracias al Programa \u201cHabitabilidad\u201d, actualmente 267 familias y m\u00e1s de mil personas vulnerables de toda la Regi\u00f3n del Maule mejoran favorablemente las condiciones de sus viviendas y del entorno inmediato, obteniendo mayor y mejor calidad de vida, fundamentalmente en medio del fr\u00edo que est\u00e1 marcando este invierno.<\/p>\n\n\n\n<p>Una de ellas corresponde al hogar de Norma Salazar Mu\u00f1oz en el sector El Olivar, en las cercan\u00edas de Orilla de Maule, comuna de San Javier, cuyo hogar fue objeto de m\u00e1s de una decena de soluciones habitacionales que marcan un notorio antes y un despu\u00e9s, dejando atr\u00e1s pisos de tierra, ausencia de ba\u00f1o, obteniendo camas y equipamiento, entre otros avances.<\/p>\n\n\n\n<p>\u201cEstamos felices en nuestro nuevo hogar ya que gracias al FOSIS hemos podido obtener una vivienda digna, mucho m\u00e1s c\u00f3moda y acogedora para nuestra familia, donde vivimos cinco personas entre ni\u00f1os y adultos, m\u00e1s a\u00fan ahora con todo el fr\u00edo que ha hecho\u201d, sostiene Norma.<\/p>\n\n\n\n<p>El Director Regional del FOSIS, Alejandro Mu\u00f1oz, explica que en este caso \u201cse otorgaron 11 soluciones como parte del beneficio tangible del programa, de las cuales 8 corresponden al \u00e1mbito constructivo y 3 de equipamiento dom\u00e9stico, con una inversi\u00f3n de casi 6 millones de pesos que nos permitieron implementar provisi\u00f3n de agua fr\u00eda y caliente con un nuevo calefont, lavamanos, ducha y WC, ba\u00f1o completo, sistema el\u00e9ctrico, m\u00f3dulo habitable con dos dormitorios, dos camas americanas completas, bater\u00eda de cocina, dos armarios y foco led solar, entre otros mejoramientos\u201d.<\/p>\n\n\n\n<p><strong>ALIANZA<\/strong><\/p>\n\n\n\n<p>En conjunto con los respectivos municipios y superando con creces la cobertura de temporadas anteriores, el Gobierno a trav\u00e9s de la Seremi de Desarrollo Social y Familia y el Fondo de Solidaridad e Inversi\u00f3n Social, FOSIS, ejecuta este a\u00f1o m\u00e1s de mil soluciones constructivas, saneamientos de servicios b\u00e1sicos y equipamientos de viviendas, como tambi\u00e9n realiza talleres on line que involucran a todos los integrantes del hogar, preferentemente de zonas rurales y aisladas para mejorar integralmente la calidad de vida en todo el Maule.<\/p>\n\n\n\n<p>\u201cEste programa permite generar una gran respuesta en muy corto plazo, aproximadamente 12 meses, a una problem\u00e1tica determinada que en materia de vivienda tienen casi 300 familias vulnerables del Maule. Por ello estamos muy contentos de tener y ejecutar esta pol\u00edtica p\u00fablica convertida en una alternativa v\u00e1lida a todas las posibilidades o beneficios que el Gobierno ofrece en materia de vivienda, cambiando y mejorando notoriamente la calidad de vida de sus beneficiarias\u201d.<\/p>\n\n\n\n<p>Esta iniciativa es ejecutada directamente por los municipios correspondientes al domicilio de la persona o familia favorecida. Su responsable directo es el Ministerio de Desarrollo Social y Familia, mientras que el FOSIS brinda la asistencia t\u00e9cnica a sus ejecutores, contemplando en esta \u00faltima temporada una inversi\u00f3n regional de 928 millones de pesos, la cual supera lo hist\u00f3ricamente invertido en esta materia.<\/p>\n\n\n\n<figure class=\"wp-block-image size-large\"><a href=\"http:\/\/radioprimiciapelluhue.cl\/wp-content\/uploads\/2021\/07\/IMG_8632.jpg\"><img loading=\"lazy\" decoding=\"async\" width=\"1024\" height=\"835\" src=\"http:\/\/radioprimiciapelluhue.cl\/wp-content\/uploads\/2021\/07\/IMG_8632-1024x835.jpg\" alt=\"\" class=\"wp-image-3326\" srcset=\"https:\/\/radioprimiciapelluhue.cl\/wp-content\/uploads\/2021\/07\/IMG_8632-1024x835.jpg 1024w, https:\/\/radioprimiciapelluhue.cl\/wp-content\/uploads\/2021\/07\/IMG_8632-300x245.jpg 300w, https:\/\/radioprimiciapelluhue.cl\/wp-content\/uploads\/2021\/07\/IMG_8632-768x626.jpg 768w, https:\/\/radioprimiciapelluhue.cl\/wp-content\/uploads\/2021\/07\/IMG_8632.jpg 1157w\" sizes=\"auto, (max-width: 1024px) 100vw, 1024px\" \/><\/a><\/figure>\n\n\n\n<figure class=\"wp-block-image size-large\"><a href=\"http:\/\/radioprimiciapelluhue.cl\/wp-content\/uploads\/2021\/07\/IMG_8633.jpg\"><img loading=\"lazy\" decoding=\"async\" width=\"1024\" height=\"768\" src=\"http:\/\/radioprimiciapelluhue.cl\/wp-content\/uploads\/2021\/07\/IMG_8633-1024x768.jpg\" alt=\"\" class=\"wp-image-3327\" srcset=\"https:\/\/radioprimiciapelluhue.cl\/wp-content\/uploads\/2021\/07\/IMG_8633-1024x768.jpg 1024w, https:\/\/radioprimiciapelluhue.cl\/wp-content\/uploads\/2021\/07\/IMG_8633-300x225.jpg 300w, https:\/\/radioprimiciapelluhue.cl\/wp-content\/uploads\/2021\/07\/IMG_8633-768x576.jpg 768w, https:\/\/radioprimiciapelluhue.cl\/wp-content\/uploads\/2021\/07\/IMG_8633.jpg 1280w\" sizes=\"auto, (max-width: 1024px) 100vw, 1024px\" \/><\/a><\/figure>\n\n\n\n<figure class=\"wp-block-image size-large\"><a href=\"http:\/\/radioprimiciapelluhue.cl\/wp-content\/uploads\/2021\/07\/IMG_8635.jpg\"><img loading=\"lazy\" decoding=\"async\" width=\"832\" height=\"1024\" src=\"http:\/\/radioprimiciapelluhue.cl\/wp-content\/uploads\/2021\/07\/IMG_8635-832x1024.jpg\" alt=\"\" class=\"wp-image-3328\" srcset=\"https:\/\/radioprimiciapelluhue.cl\/wp-content\/uploads\/2021\/07\/IMG_8635-832x1024.jpg 832w, https:\/\/radioprimiciapelluhue.cl\/wp-content\/uploads\/2021\/07\/IMG_8635-244x300.jpg 244w, https:\/\/radioprimiciapelluhue.cl\/wp-content\/uploads\/2021\/07\/IMG_8635-768x945.jpg 768w, https:\/\/radioprimiciapelluhue.cl\/wp-content\/uploads\/2021\/07\/IMG_8635.jpg 922w\" sizes=\"auto, (max-width: 832px) 100vw, 832px\" \/><\/a><\/figure>\n\n\n\n<figure class=\"wp-block-image size-large\"><a href=\"http:\/\/radioprimiciapelluhue.cl\/wp-content\/uploads\/2021\/07\/IMG_8637.jpg\"><img loading=\"lazy\" decoding=\"async\" width=\"854\" height=\"1024\" src=\"http:\/\/radioprimiciapelluhue.cl\/wp-content\/uploads\/2021\/07\/IMG_8637-854x1024.jpg\" alt=\"\" class=\"wp-image-3329\" srcset=\"https:\/\/radioprimiciapelluhue.cl\/wp-content\/uploads\/2021\/07\/IMG_8637-854x1024.jpg 854w, https:\/\/radioprimiciapelluhue.cl\/wp-content\/uploads\/2021\/07\/IMG_8637-250x300.jpg 250w, https:\/\/radioprimiciapelluhue.cl\/wp-content\/uploads\/2021\/07\/IMG_8637-768x921.jpg 768w, https:\/\/radioprimiciapelluhue.cl\/wp-content\/uploads\/2021\/07\/IMG_8637.jpg 960w\" sizes=\"auto, (max-width: 854px) 100vw, 854px\" \/><\/a><\/figure>\n","protected":false},"excerpt":{"rendered":"<p>Destacan y agradecen la asistencia t\u00e9cnica del FOSIS Gracias al Programa \u201cHabitabilidad\u201d, actualmente 267 familias y m\u00e1s de mil personas vulnerables de toda la Regi\u00f3n del Maule mejoran favorablemente las condiciones de sus viviendas y del entorno inmediato, obteniendo mayor y mejor calidad de vida, fundamentalmente en medio del fr\u00edo que est\u00e1 marcando este invierno. [&hellip;]<\/p>\n","protected":false},"author":2,"featured_media":2971,"comment_status":"closed","ping_status":"closed","sticky":false,"template":"","format":"standard","meta":{"footnotes":""},"categories":[2],"tags":[],"class_list":["post-3325","post","type-post","status-publish","format-standard","has-post-thumbnail","hentry","category-noticias"],"_links":{"self":[{"href":"https:\/\/radioprimiciapelluhue.cl\/index.php?rest_route=\/wp\/v2\/posts\/3325","targetHints":{"allow":["GET"]}}],"collection":[{"href":"https:\/\/radioprimiciapelluhue.cl\/index.php?rest_route=\/wp\/v2\/posts"}],"about":[{"href":"https:\/\/radioprimiciapelluhue.cl\/index.php?rest_route=\/wp\/v2\/types\/post"}],"author":[{"embeddable":true,"href":"https:\/\/radioprimiciapelluhue.cl\/index.php?rest_route=\/wp\/v2\/users\/2"}],"replies":[{"embeddable":true,"href":"https:\/\/radioprimiciapelluhue.cl\/index.php?rest_route=%2Fwp%2Fv2%2Fcomments&post=3325"}],"version-history":[{"count":1,"href":"https:\/\/radioprimiciapelluhue.cl\/index.php?rest_route=\/wp\/v2\/posts\/3325\/revisions"}],"predecessor-version":[{"id":3330,"href":"https:\/\/radioprimiciapelluhue.cl\/index.php?rest_route=\/wp\/v2\/posts\/3325\/revisions\/3330"}],"wp:featuredmedia":[{"embeddable":true,"href":"https:\/\/radioprimiciapelluhue.cl\/index.php?rest_route=\/wp\/v2\/media\/2971"}],"wp:attachment":[{"href":"https:\/\/radioprimiciapelluhue.cl\/index.php?rest_route=%2Fwp%2Fv2%2Fmedia&parent=3325"}],"wp:term":[{"taxonomy":"category","embeddable":true,"href":"https:\/\/radioprimiciapelluhue.cl\/index.php?rest_route=%2Fwp%2Fv2%2Fcategories&post=3325"},{"taxonomy":"post_tag","embeddable":true,"href":"https:\/\/radioprimiciapelluhue.cl\/index.php?rest_route=%2Fwp%2Fv2%2Ftags&post=3325"}],"curies":[{"name":"wp","href":"https:\/\/api.w.org\/{rel}","templated":true}]}}