{"id":3349,"date":"2021-07-31T21:42:30","date_gmt":"2021-08-01T01:42:30","guid":{"rendered":"http:\/\/radioprimiciapelluhue.cl\/?p=3349"},"modified":"2021-07-31T21:42:31","modified_gmt":"2021-08-01T01:42:31","slug":"informe-covid19-de-hoy-31-de-julio-2021","status":"publish","type":"post","link":"https:\/\/radioprimiciapelluhue.cl\/?p=3349","title":{"rendered":"Informe #Covid19 de hoy 31 de Julio 2021"},"content":{"rendered":"\n<p>Casos activos y fase en la Provincia<\/p>\n\n\n\n<p>Cauquenes Fase3 preparaci\u00f3n Casos activos 65<\/p>\n\n\n\n<p>Pelluhue <a href=\"https:\/\/www.facebook.com\/hashtag\/fase2?__eep__=6&amp;__cft__%5b0%5d=AZVLPK8D3HdsCTSpdwWpn3zXXoMN-IRh8NEa_-reaka5jmuEbK8KpdrsoP-Piu0S5035YQpfO5TY_sN-jKMzJtzjDmFIMuEijEWf2BhomXihpSlYn-bFbWu8ny3jptdIN1fs00r7l9_okdWmsgwqhDsNagBKPNYK4riwzKvFo46Ojnx3VZm8LWyIXKT8wxoF1NM&amp;__tn__=*NK-R\">#Fase2<\/a> transici\u00f3n Casos Activos 3<\/p>\n\n\n\n<p>Chanco <a href=\"https:\/\/www.facebook.com\/hashtag\/fase3?__eep__=6&amp;__cft__%5b0%5d=AZVLPK8D3HdsCTSpdwWpn3zXXoMN-IRh8NEa_-reaka5jmuEbK8KpdrsoP-Piu0S5035YQpfO5TY_sN-jKMzJtzjDmFIMuEijEWf2BhomXihpSlYn-bFbWu8ny3jptdIN1fs00r7l9_okdWmsgwqhDsNagBKPNYK4riwzKvFo46Ojnx3VZm8LWyIXKT8wxoF1NM&amp;__tn__=*NK-R\">#Fase3<\/a> preparaci\u00f3n Activos 4<\/p>\n\n\n\n<p>Siga cuid\u00e1ndose use la mascarilla, alcohol gel, mantenga distancia, no se den abrazos ni salude de besos<\/p>\n\n\n\n<p>Cuid\u00e9monos entre todos<\/p>\n\n\n\n<p><a href=\"https:\/\/www.gob.cl\/pasoapas\">https:\/\/www.gob.cl\/pasoapas<\/a><\/p>\n\n\n\n<figure class=\"wp-block-image size-large\"><a href=\"http:\/\/radioprimiciapelluhue.cl\/wp-content\/uploads\/2021\/07\/activos-Covid19-de-hoy-31-de-Julio-2021.jpg\"><img loading=\"lazy\" decoding=\"async\" width=\"473\" height=\"1024\" src=\"http:\/\/radioprimiciapelluhue.cl\/wp-content\/uploads\/2021\/07\/activos-Covid19-de-hoy-31-de-Julio-2021-473x1024.jpg\" alt=\"\" class=\"wp-image-3350\" srcset=\"https:\/\/radioprimiciapelluhue.cl\/wp-content\/uploads\/2021\/07\/activos-Covid19-de-hoy-31-de-Julio-2021-473x1024.jpg 473w, https:\/\/radioprimiciapelluhue.cl\/wp-content\/uploads\/2021\/07\/activos-Covid19-de-hoy-31-de-Julio-2021-139x300.jpg 139w, https:\/\/radioprimiciapelluhue.cl\/wp-content\/uploads\/2021\/07\/activos-Covid19-de-hoy-31-de-Julio-2021-768x1663.jpg 768w, https:\/\/radioprimiciapelluhue.cl\/wp-content\/uploads\/2021\/07\/activos-Covid19-de-hoy-31-de-Julio-2021-710x1536.jpg 710w, https:\/\/radioprimiciapelluhue.cl\/wp-content\/uploads\/2021\/07\/activos-Covid19-de-hoy-31-de-Julio-2021.jpg 946w\" sizes=\"auto, (max-width: 473px) 100vw, 473px\" \/><\/a><\/figure>\n\n\n\n<figure class=\"wp-block-image size-large\"><a href=\"http:\/\/radioprimiciapelluhue.cl\/wp-content\/uploads\/2021\/07\/confirmados-Covid19-de-hoy-31-de-Julio-2021.jpg\"><img loading=\"lazy\" decoding=\"async\" width=\"473\" height=\"1024\" src=\"http:\/\/radioprimiciapelluhue.cl\/wp-content\/uploads\/2021\/07\/confirmados-Covid19-de-hoy-31-de-Julio-2021-473x1024.jpg\" alt=\"\" class=\"wp-image-3351\" srcset=\"https:\/\/radioprimiciapelluhue.cl\/wp-content\/uploads\/2021\/07\/confirmados-Covid19-de-hoy-31-de-Julio-2021-473x1024.jpg 473w, https:\/\/radioprimiciapelluhue.cl\/wp-content\/uploads\/2021\/07\/confirmados-Covid19-de-hoy-31-de-Julio-2021-139x300.jpg 139w, https:\/\/radioprimiciapelluhue.cl\/wp-content\/uploads\/2021\/07\/confirmados-Covid19-de-hoy-31-de-Julio-2021-768x1663.jpg 768w, https:\/\/radioprimiciapelluhue.cl\/wp-content\/uploads\/2021\/07\/confirmados-Covid19-de-hoy-31-de-Julio-2021-710x1536.jpg 710w, https:\/\/radioprimiciapelluhue.cl\/wp-content\/uploads\/2021\/07\/confirmados-Covid19-de-hoy-31-de-Julio-2021.jpg 946w\" sizes=\"auto, (max-width: 473px) 100vw, 473px\" \/><\/a><\/figure>\n\n\n\n<figure class=\"wp-block-image size-full\"><a href=\"http:\/\/radioprimiciapelluhue.cl\/wp-content\/uploads\/2021\/07\/213153598_2161708337302285_6633508261987909581_n.jpg\"><img loading=\"lazy\" decoding=\"async\" width=\"1024\" height=\"1024\" src=\"http:\/\/radioprimiciapelluhue.cl\/wp-content\/uploads\/2021\/07\/213153598_2161708337302285_6633508261987909581_n.jpg\" alt=\"\" class=\"wp-image-3352\" srcset=\"https:\/\/radioprimiciapelluhue.cl\/wp-content\/uploads\/2021\/07\/213153598_2161708337302285_6633508261987909581_n.jpg 1024w, https:\/\/radioprimiciapelluhue.cl\/wp-content\/uploads\/2021\/07\/213153598_2161708337302285_6633508261987909581_n-300x300.jpg 300w, https:\/\/radioprimiciapelluhue.cl\/wp-content\/uploads\/2021\/07\/213153598_2161708337302285_6633508261987909581_n-150x150.jpg 150w, https:\/\/radioprimiciapelluhue.cl\/wp-content\/uploads\/2021\/07\/213153598_2161708337302285_6633508261987909581_n-768x768.jpg 768w, https:\/\/radioprimiciapelluhue.cl\/wp-content\/uploads\/2021\/07\/213153598_2161708337302285_6633508261987909581_n-520x520.jpg 520w, https:\/\/radioprimiciapelluhue.cl\/wp-content\/uploads\/2021\/07\/213153598_2161708337302285_6633508261987909581_n-800x800.jpg 800w, https:\/\/radioprimiciapelluhue.cl\/wp-content\/uploads\/2021\/07\/213153598_2161708337302285_6633508261987909581_n-120x120.jpg 120w\" sizes=\"auto, (max-width: 1024px) 100vw, 1024px\" \/><\/a><\/figure>\n","protected":false},"excerpt":{"rendered":"<p>Casos activos y fase en la Provincia Cauquenes Fase3 preparaci\u00f3n Casos activos 65 Pelluhue #Fase2 transici\u00f3n Casos Activos 3 Chanco #Fase3 preparaci\u00f3n Activos 4 Siga cuid\u00e1ndose use la mascarilla, alcohol gel, mantenga distancia, no se den abrazos ni salude de besos Cuid\u00e9monos entre todos https:\/\/www.gob.cl\/pasoapas<\/p>\n","protected":false},"author":2,"featured_media":2916,"comment_status":"closed","ping_status":"closed","sticky":false,"template":"","format":"standard","meta":{"footnotes":""},"categories":[57],"tags":[],"class_list":["post-3349","post","type-post","status-publish","format-standard","has-post-thumbnail","hentry","category-covid19"],"_links":{"self":[{"href":"https:\/\/radioprimiciapelluhue.cl\/index.php?rest_route=\/wp\/v2\/posts\/3349","targetHints":{"allow":["GET"]}}],"collection":[{"href":"https:\/\/radioprimiciapelluhue.cl\/index.php?rest_route=\/wp\/v2\/posts"}],"about":[{"href":"https:\/\/radioprimiciapelluhue.cl\/index.php?rest_route=\/wp\/v2\/types\/post"}],"author":[{"embeddable":true,"href":"https:\/\/radioprimiciapelluhue.cl\/index.php?rest_route=\/wp\/v2\/users\/2"}],"replies":[{"embeddable":true,"href":"https:\/\/radioprimiciapelluhue.cl\/index.php?rest_route=%2Fwp%2Fv2%2Fcomments&post=3349"}],"version-history":[{"count":1,"href":"https:\/\/radioprimiciapelluhue.cl\/index.php?rest_route=\/wp\/v2\/posts\/3349\/revisions"}],"predecessor-version":[{"id":3353,"href":"https:\/\/radioprimiciapelluhue.cl\/index.php?rest_route=\/wp\/v2\/posts\/3349\/revisions\/3353"}],"wp:featuredmedia":[{"embeddable":true,"href":"https:\/\/radioprimiciapelluhue.cl\/index.php?rest_route=\/wp\/v2\/media\/2916"}],"wp:attachment":[{"href":"https:\/\/radioprimiciapelluhue.cl\/index.php?rest_route=%2Fwp%2Fv2%2Fmedia&parent=3349"}],"wp:term":[{"taxonomy":"category","embeddable":true,"href":"https:\/\/radioprimiciapelluhue.cl\/index.php?rest_route=%2Fwp%2Fv2%2Fcategories&post=3349"},{"taxonomy":"post_tag","embeddable":true,"href":"https:\/\/radioprimiciapelluhue.cl\/index.php?rest_route=%2Fwp%2Fv2%2Ftags&post=3349"}],"curies":[{"name":"wp","href":"https:\/\/api.w.org\/{rel}","templated":true}]}}