{"id":3358,"date":"2021-08-01T18:48:59","date_gmt":"2021-08-01T22:48:59","guid":{"rendered":"http:\/\/radioprimiciapelluhue.cl\/?p=3358"},"modified":"2021-08-01T18:48:59","modified_gmt":"2021-08-01T22:48:59","slug":"informe-covid19-de-hoy-01-de-agosto-2021","status":"publish","type":"post","link":"https:\/\/radioprimiciapelluhue.cl\/?p=3358","title":{"rendered":"Informe #Covid19 de hoy 01 de agosto 2021"},"content":{"rendered":"\n<p>Casos activos y fase en la Provincia<\/p>\n\n\n\n<p>Cauquenes Fase3 preparaci\u00f3n Casos activos 58<\/p>\n\n\n\n<p>Pelluhue <a href=\"https:\/\/www.facebook.com\/hashtag\/fase2?__eep__=6&amp;__cft__%5b0%5d=AZVrXPxw-yVEYdVMN6B6P4GfsHa7Qw6fLp7pPojfwe3f891SFg0-ZLqk2diCYWR7V1leb0f2gktAe5mwXYDceTVbvyFBWYi3dkFKNM1QQVNihLFdzQxnYDFoF-zfxoEROP1hcIDk-MC8sSuQVEY0532q58DASqNvE9Ejt7ICmisPGbPpAdAAulgJ_fJPbtQ569U&amp;__tn__=*NK-R\">#Fase2<\/a> transici\u00f3n Casos Activos 3<\/p>\n\n\n\n<p>Chanco <a href=\"https:\/\/www.facebook.com\/hashtag\/fase3?__eep__=6&amp;__cft__%5b0%5d=AZVrXPxw-yVEYdVMN6B6P4GfsHa7Qw6fLp7pPojfwe3f891SFg0-ZLqk2diCYWR7V1leb0f2gktAe5mwXYDceTVbvyFBWYi3dkFKNM1QQVNihLFdzQxnYDFoF-zfxoEROP1hcIDk-MC8sSuQVEY0532q58DASqNvE9Ejt7ICmisPGbPpAdAAulgJ_fJPbtQ569U&amp;__tn__=*NK-R\">#Fase3<\/a> preparaci\u00f3n Activos 5<\/p>\n\n\n\n<p>Siga cuid\u00e1ndose use la mascarilla, alcohol gel, mantenga distancia, no se den abrazos ni salude de besos<\/p>\n\n\n\n<p>Cuid\u00e9monos entre todos<\/p>\n\n\n\n<p><a href=\"https:\/\/www.gob.cl\/pasoapas\">https:\/\/www.gob.cl\/pasoapas<\/a><\/p>\n\n\n\n<figure class=\"wp-block-image size-large\"><a href=\"http:\/\/radioprimiciapelluhue.cl\/wp-content\/uploads\/2021\/08\/Activos-Covid19-de-hoy-01-de-agosto-2021.jpg\"><img loading=\"lazy\" decoding=\"async\" width=\"473\" height=\"1024\" src=\"http:\/\/radioprimiciapelluhue.cl\/wp-content\/uploads\/2021\/08\/Activos-Covid19-de-hoy-01-de-agosto-2021-473x1024.jpg\" alt=\"\" class=\"wp-image-3359\" srcset=\"https:\/\/radioprimiciapelluhue.cl\/wp-content\/uploads\/2021\/08\/Activos-Covid19-de-hoy-01-de-agosto-2021-473x1024.jpg 473w, https:\/\/radioprimiciapelluhue.cl\/wp-content\/uploads\/2021\/08\/Activos-Covid19-de-hoy-01-de-agosto-2021-139x300.jpg 139w, https:\/\/radioprimiciapelluhue.cl\/wp-content\/uploads\/2021\/08\/Activos-Covid19-de-hoy-01-de-agosto-2021-768x1663.jpg 768w, https:\/\/radioprimiciapelluhue.cl\/wp-content\/uploads\/2021\/08\/Activos-Covid19-de-hoy-01-de-agosto-2021-710x1536.jpg 710w, https:\/\/radioprimiciapelluhue.cl\/wp-content\/uploads\/2021\/08\/Activos-Covid19-de-hoy-01-de-agosto-2021.jpg 946w\" sizes=\"auto, (max-width: 473px) 100vw, 473px\" \/><\/a><\/figure>\n\n\n\n<figure class=\"wp-block-image size-large\"><a href=\"http:\/\/radioprimiciapelluhue.cl\/wp-content\/uploads\/2021\/08\/Confirmados-Covid19-de-hoy-01-de-agosto-2021.jpg\"><img loading=\"lazy\" decoding=\"async\" width=\"473\" height=\"1024\" src=\"http:\/\/radioprimiciapelluhue.cl\/wp-content\/uploads\/2021\/08\/Confirmados-Covid19-de-hoy-01-de-agosto-2021-473x1024.jpg\" alt=\"\" class=\"wp-image-3360\" srcset=\"https:\/\/radioprimiciapelluhue.cl\/wp-content\/uploads\/2021\/08\/Confirmados-Covid19-de-hoy-01-de-agosto-2021-473x1024.jpg 473w, https:\/\/radioprimiciapelluhue.cl\/wp-content\/uploads\/2021\/08\/Confirmados-Covid19-de-hoy-01-de-agosto-2021-139x300.jpg 139w, https:\/\/radioprimiciapelluhue.cl\/wp-content\/uploads\/2021\/08\/Confirmados-Covid19-de-hoy-01-de-agosto-2021-768x1663.jpg 768w, https:\/\/radioprimiciapelluhue.cl\/wp-content\/uploads\/2021\/08\/Confirmados-Covid19-de-hoy-01-de-agosto-2021-710x1536.jpg 710w, https:\/\/radioprimiciapelluhue.cl\/wp-content\/uploads\/2021\/08\/Confirmados-Covid19-de-hoy-01-de-agosto-2021.jpg 946w\" sizes=\"auto, (max-width: 473px) 100vw, 473px\" \/><\/a><\/figure>\n","protected":false},"excerpt":{"rendered":"<p>Casos activos y fase en la Provincia Cauquenes Fase3 preparaci\u00f3n Casos activos 58 Pelluhue #Fase2 transici\u00f3n Casos Activos 3 Chanco #Fase3 preparaci\u00f3n Activos 5 Siga cuid\u00e1ndose use la mascarilla, alcohol gel, mantenga distancia, no se den abrazos ni salude de besos Cuid\u00e9monos entre todos https:\/\/www.gob.cl\/pasoapas<\/p>\n","protected":false},"author":2,"featured_media":2916,"comment_status":"closed","ping_status":"closed","sticky":false,"template":"","format":"standard","meta":{"footnotes":""},"categories":[57],"tags":[],"class_list":["post-3358","post","type-post","status-publish","format-standard","has-post-thumbnail","hentry","category-covid19"],"_links":{"self":[{"href":"https:\/\/radioprimiciapelluhue.cl\/index.php?rest_route=\/wp\/v2\/posts\/3358","targetHints":{"allow":["GET"]}}],"collection":[{"href":"https:\/\/radioprimiciapelluhue.cl\/index.php?rest_route=\/wp\/v2\/posts"}],"about":[{"href":"https:\/\/radioprimiciapelluhue.cl\/index.php?rest_route=\/wp\/v2\/types\/post"}],"author":[{"embeddable":true,"href":"https:\/\/radioprimiciapelluhue.cl\/index.php?rest_route=\/wp\/v2\/users\/2"}],"replies":[{"embeddable":true,"href":"https:\/\/radioprimiciapelluhue.cl\/index.php?rest_route=%2Fwp%2Fv2%2Fcomments&post=3358"}],"version-history":[{"count":1,"href":"https:\/\/radioprimiciapelluhue.cl\/index.php?rest_route=\/wp\/v2\/posts\/3358\/revisions"}],"predecessor-version":[{"id":3361,"href":"https:\/\/radioprimiciapelluhue.cl\/index.php?rest_route=\/wp\/v2\/posts\/3358\/revisions\/3361"}],"wp:featuredmedia":[{"embeddable":true,"href":"https:\/\/radioprimiciapelluhue.cl\/index.php?rest_route=\/wp\/v2\/media\/2916"}],"wp:attachment":[{"href":"https:\/\/radioprimiciapelluhue.cl\/index.php?rest_route=%2Fwp%2Fv2%2Fmedia&parent=3358"}],"wp:term":[{"taxonomy":"category","embeddable":true,"href":"https:\/\/radioprimiciapelluhue.cl\/index.php?rest_route=%2Fwp%2Fv2%2Fcategories&post=3358"},{"taxonomy":"post_tag","embeddable":true,"href":"https:\/\/radioprimiciapelluhue.cl\/index.php?rest_route=%2Fwp%2Fv2%2Ftags&post=3358"}],"curies":[{"name":"wp","href":"https:\/\/api.w.org\/{rel}","templated":true}]}}