{"id":3362,"date":"2021-08-01T20:01:37","date_gmt":"2021-08-02T00:01:37","guid":{"rendered":"http:\/\/radioprimiciapelluhue.cl\/?p=3362"},"modified":"2021-08-01T20:01:38","modified_gmt":"2021-08-02T00:01:38","slug":"masivo-evento-virtual-denominado-cyber-fosis","status":"publish","type":"post","link":"https:\/\/radioprimiciapelluhue.cl\/?p=3362","title":{"rendered":"Masivo evento virtual denominado Cyber FOSIS"},"content":{"rendered":"\n<p><strong>Emprendedores maulinos destacan exhibiendo excelentes productos y servicios en feria nacional de emprendimiento<\/strong><\/p>\n\n\n\n<p>Una grata participaci\u00f3n est\u00e1n teniendo m\u00e1s de 40 peque\u00f1os productores de todo el Maule en una nueva versi\u00f3n del Cyber FOSIS, vitrina virtual de comercializaci\u00f3n a nivel pa\u00eds en medio de la pandemia ante la imposibilidad de efectuar ferias presenciales y con el objetivo de aportar a la reactivaci\u00f3n econ\u00f3mica.<\/p>\n\n\n\n<p>En este recientemente lanzado Cyber FOSIS 2021 -al cual se puede acceder ingresando a <a href=\"http:\/\/www.cyberfosis.cl-\">www.cyberfosis.cl-<\/a> participan emprendedores que tienen un negocio en funcionamiento, poseen una cuenta activa del mismo en Facebook o Instagram, est\u00e1n dentro del 60% m\u00e1s vulnerable seg\u00fan el Registro Social de Hogares, y fueron beneficiarios del FOSIS entre 2013 y 2020.<\/p>\n\n\n\n<p>En ella m\u00e1s de 600 emprendedores de todo Chile ofrecen hasta el 18 de agosto sus productos en 8 rubros, como son accesorios y regalos, artesan\u00eda, salud y belleza, gourmet, hogar, mundo infantil, servicios y vestuario y calzado.<\/p>\n\n\n\n<p>\u201cDesde iniciada la pandemia re direccionamos nuestras principales acciones y estrategias ya que poco es como antes y, por ende, debemos ver la f\u00f3rmula de que nuestros usuarios puedan seguir comercializando ojal\u00e1 con normalidad sus productos y ac\u00e1 las ventas on line y las ventanas digitales cobran vital relevancia. Queremos que los emprendedores creen, manejen y se acostumbren al uso de las redes sociales y puedan estar presentes en todo Chile para vender lo que hacen con tanto esmero, calidad y perseverancia\u201d, indica el Director Regional del FOSIS, Alejandro Mu\u00f1oz.<\/p>\n\n\n\n<p>Junto al Seremi de Desarrollo Social y Familia, Felipe Valdovinos, y la Seremi de la Mujer y Equidad de G\u00e9nero, Juanita Vergara, el mandam\u00e1s regional del FOSIS visit\u00f3 en su taller de Panim\u00e1vida, comuna de Colb\u00fan, a una de las m\u00e1s de 40 maulinas que expone sus productos en Cyber FOSIS. Se trata de Mar\u00eda Carola Sep\u00falveda y sus hermosas creaciones y joyas en crin.<\/p>\n\n\n\n<p>\u201cMuy contenta porque sin duda todos hemos sufrido bajas en nuestras ventas, y ahora a trav\u00e9s de esta feria on line podemos visibilizarnos y vender a distintas partes, as\u00ed que agradecida del apoyo que otorga el Gobierno a trav\u00e9s del FOSIS\u201d, dijo la emprendedora. \u201cInvitamos a todos los maulinos a que ingresen a esta feria y colaboren con nuestras manos, con nuestros productos y por los de otros emprendedores nacionales. Hay mucha calidad, exclusividad y buenos precios para comprar. Adem\u00e1s se acerca el D\u00eda del Ni\u00f1o y el Cyber FOSIS brinda una excelente alternativa para comprar y regalar, apoyando lo nuestro y colaborando a reactivar la econom\u00eda\u201d, sell\u00f3 el Seremi Valdovinos<\/p>\n\n\n\n<figure class=\"wp-block-image size-large\"><a href=\"http:\/\/radioprimiciapelluhue.cl\/wp-content\/uploads\/2021\/08\/Masivo-evento-virtual-denominado-Cyber-FOSIS.png\"><img loading=\"lazy\" decoding=\"async\" width=\"1024\" height=\"581\" src=\"http:\/\/radioprimiciapelluhue.cl\/wp-content\/uploads\/2021\/08\/Masivo-evento-virtual-denominado-Cyber-FOSIS-1024x581.png\" alt=\"\" class=\"wp-image-3363\" srcset=\"https:\/\/radioprimiciapelluhue.cl\/wp-content\/uploads\/2021\/08\/Masivo-evento-virtual-denominado-Cyber-FOSIS-1024x581.png 1024w, https:\/\/radioprimiciapelluhue.cl\/wp-content\/uploads\/2021\/08\/Masivo-evento-virtual-denominado-Cyber-FOSIS-300x170.png 300w, https:\/\/radioprimiciapelluhue.cl\/wp-content\/uploads\/2021\/08\/Masivo-evento-virtual-denominado-Cyber-FOSIS-768x436.png 768w, https:\/\/radioprimiciapelluhue.cl\/wp-content\/uploads\/2021\/08\/Masivo-evento-virtual-denominado-Cyber-FOSIS.png 1294w\" sizes=\"auto, (max-width: 1024px) 100vw, 1024px\" \/><\/a><\/figure>\n","protected":false},"excerpt":{"rendered":"<p>Emprendedores maulinos destacan exhibiendo excelentes productos y servicios en feria nacional de emprendimiento Una grata participaci\u00f3n est\u00e1n teniendo m\u00e1s de 40 peque\u00f1os productores de todo el Maule en una nueva versi\u00f3n del Cyber FOSIS, vitrina virtual de comercializaci\u00f3n a nivel pa\u00eds en medio de la pandemia ante la imposibilidad de efectuar ferias presenciales y con [&hellip;]<\/p>\n","protected":false},"author":2,"featured_media":3364,"comment_status":"closed","ping_status":"closed","sticky":false,"template":"","format":"standard","meta":{"footnotes":""},"categories":[61],"tags":[],"class_list":["post-3362","post","type-post","status-publish","format-standard","has-post-thumbnail","hentry","category-informativo"],"_links":{"self":[{"href":"https:\/\/radioprimiciapelluhue.cl\/index.php?rest_route=\/wp\/v2\/posts\/3362","targetHints":{"allow":["GET"]}}],"collection":[{"href":"https:\/\/radioprimiciapelluhue.cl\/index.php?rest_route=\/wp\/v2\/posts"}],"about":[{"href":"https:\/\/radioprimiciapelluhue.cl\/index.php?rest_route=\/wp\/v2\/types\/post"}],"author":[{"embeddable":true,"href":"https:\/\/radioprimiciapelluhue.cl\/index.php?rest_route=\/wp\/v2\/users\/2"}],"replies":[{"embeddable":true,"href":"https:\/\/radioprimiciapelluhue.cl\/index.php?rest_route=%2Fwp%2Fv2%2Fcomments&post=3362"}],"version-history":[{"count":1,"href":"https:\/\/radioprimiciapelluhue.cl\/index.php?rest_route=\/wp\/v2\/posts\/3362\/revisions"}],"predecessor-version":[{"id":3365,"href":"https:\/\/radioprimiciapelluhue.cl\/index.php?rest_route=\/wp\/v2\/posts\/3362\/revisions\/3365"}],"wp:featuredmedia":[{"embeddable":true,"href":"https:\/\/radioprimiciapelluhue.cl\/index.php?rest_route=\/wp\/v2\/media\/3364"}],"wp:attachment":[{"href":"https:\/\/radioprimiciapelluhue.cl\/index.php?rest_route=%2Fwp%2Fv2%2Fmedia&parent=3362"}],"wp:term":[{"taxonomy":"category","embeddable":true,"href":"https:\/\/radioprimiciapelluhue.cl\/index.php?rest_route=%2Fwp%2Fv2%2Fcategories&post=3362"},{"taxonomy":"post_tag","embeddable":true,"href":"https:\/\/radioprimiciapelluhue.cl\/index.php?rest_route=%2Fwp%2Fv2%2Ftags&post=3362"}],"curies":[{"name":"wp","href":"https:\/\/api.w.org\/{rel}","templated":true}]}}