{"id":3373,"date":"2021-08-02T18:56:55","date_gmt":"2021-08-02T22:56:55","guid":{"rendered":"http:\/\/radioprimiciapelluhue.cl\/?p=3373"},"modified":"2021-08-02T18:56:56","modified_gmt":"2021-08-02T22:56:56","slug":"informe-covid19-de-hoy-02-de-agosto-2021","status":"publish","type":"post","link":"https:\/\/radioprimiciapelluhue.cl\/?p=3373","title":{"rendered":"Informe #Covid19 de hoy 02 de agosto 2021"},"content":{"rendered":"\n<p>Casos activos y fase en la Provincia<\/p>\n\n\n\n<p>Cauquenes Fase3 preparaci\u00f3n Casos activos 57<\/p>\n\n\n\n<p>Pelluhue <a href=\"https:\/\/www.facebook.com\/hashtag\/fase2?__eep__=6&amp;__cft__%5b0%5d=AZWHBbaoIF6kT-XBb3_PCVcdv6HiYp1zRM1pyVR3ftynIyN4wp9U9rsBYVlJ6PkwxTMQLieYQwD9ntU9CmaKcMX6VkOjcD5dUtiygkscwLqIdqL3hwIS-uLj_vlzEnrF6Qc3vnCHDNCFFnAI3K43Cza8VVzthy9oaWjEnMmfx3av5FK73c0bhHUgVddl5aee-xY&amp;__tn__=*NK-R\">#Fase2<\/a> transici\u00f3n Casos Activos 3<\/p>\n\n\n\n<p>A partir desde este mi\u00e9rcoles pasamos a fase 3 preparaci\u00f3n<\/p>\n\n\n\n<p>Chanco <a href=\"https:\/\/www.facebook.com\/hashtag\/fase3?__eep__=6&amp;__cft__%5b0%5d=AZWHBbaoIF6kT-XBb3_PCVcdv6HiYp1zRM1pyVR3ftynIyN4wp9U9rsBYVlJ6PkwxTMQLieYQwD9ntU9CmaKcMX6VkOjcD5dUtiygkscwLqIdqL3hwIS-uLj_vlzEnrF6Qc3vnCHDNCFFnAI3K43Cza8VVzthy9oaWjEnMmfx3av5FK73c0bhHUgVddl5aee-xY&amp;__tn__=*NK-R\">#Fase3<\/a> preparaci\u00f3n Activos 5<\/p>\n\n\n\n<p>A partir desde este mi\u00e9rcoles Chanco a fase 4 apertura<\/p>\n\n\n\n<p>Siga cuid\u00e1ndose use la mascarilla, alcohol gel, mantenga distancia, no se den abrazos ni salude de besos<\/p>\n\n\n\n<p>Cuid\u00e9monos entre todos<\/p>\n\n\n\n<p><a href=\"https:\/\/www.gob.cl\/pasoapas\">https:\/\/www.gob.cl\/pasoapas<\/a><\/p>\n\n\n\n<figure class=\"wp-block-image size-large\"><a href=\"http:\/\/radioprimiciapelluhue.cl\/wp-content\/uploads\/2021\/08\/Activos-Covid19-de-hoy-02-de-agosto-2021.jpg\"><img loading=\"lazy\" decoding=\"async\" width=\"473\" height=\"1024\" src=\"http:\/\/radioprimiciapelluhue.cl\/wp-content\/uploads\/2021\/08\/Activos-Covid19-de-hoy-02-de-agosto-2021-473x1024.jpg\" alt=\"\" class=\"wp-image-3374\" srcset=\"https:\/\/radioprimiciapelluhue.cl\/wp-content\/uploads\/2021\/08\/Activos-Covid19-de-hoy-02-de-agosto-2021-473x1024.jpg 473w, https:\/\/radioprimiciapelluhue.cl\/wp-content\/uploads\/2021\/08\/Activos-Covid19-de-hoy-02-de-agosto-2021-139x300.jpg 139w, https:\/\/radioprimiciapelluhue.cl\/wp-content\/uploads\/2021\/08\/Activos-Covid19-de-hoy-02-de-agosto-2021-768x1663.jpg 768w, https:\/\/radioprimiciapelluhue.cl\/wp-content\/uploads\/2021\/08\/Activos-Covid19-de-hoy-02-de-agosto-2021-710x1536.jpg 710w, https:\/\/radioprimiciapelluhue.cl\/wp-content\/uploads\/2021\/08\/Activos-Covid19-de-hoy-02-de-agosto-2021.jpg 946w\" sizes=\"auto, (max-width: 473px) 100vw, 473px\" \/><\/a><\/figure>\n\n\n\n<figure class=\"wp-block-image size-large\"><a href=\"http:\/\/radioprimiciapelluhue.cl\/wp-content\/uploads\/2021\/08\/Confirmados-Covid19-de-hoy-02-de-agosto-2021.jpg\"><img loading=\"lazy\" decoding=\"async\" width=\"473\" height=\"1024\" src=\"http:\/\/radioprimiciapelluhue.cl\/wp-content\/uploads\/2021\/08\/Confirmados-Covid19-de-hoy-02-de-agosto-2021-473x1024.jpg\" alt=\"\" class=\"wp-image-3375\" srcset=\"https:\/\/radioprimiciapelluhue.cl\/wp-content\/uploads\/2021\/08\/Confirmados-Covid19-de-hoy-02-de-agosto-2021-473x1024.jpg 473w, https:\/\/radioprimiciapelluhue.cl\/wp-content\/uploads\/2021\/08\/Confirmados-Covid19-de-hoy-02-de-agosto-2021-139x300.jpg 139w, https:\/\/radioprimiciapelluhue.cl\/wp-content\/uploads\/2021\/08\/Confirmados-Covid19-de-hoy-02-de-agosto-2021-768x1663.jpg 768w, https:\/\/radioprimiciapelluhue.cl\/wp-content\/uploads\/2021\/08\/Confirmados-Covid19-de-hoy-02-de-agosto-2021-710x1536.jpg 710w, https:\/\/radioprimiciapelluhue.cl\/wp-content\/uploads\/2021\/08\/Confirmados-Covid19-de-hoy-02-de-agosto-2021.jpg 946w\" sizes=\"auto, (max-width: 473px) 100vw, 473px\" \/><\/a><\/figure>\n\n\n\n<figure class=\"wp-block-image size-large\"><a href=\"http:\/\/radioprimiciapelluhue.cl\/wp-content\/uploads\/2021\/08\/217701887_2163456717127447_956593049366094675_n.jpg\"><img loading=\"lazy\" decoding=\"async\" width=\"1024\" height=\"569\" src=\"http:\/\/radioprimiciapelluhue.cl\/wp-content\/uploads\/2021\/08\/217701887_2163456717127447_956593049366094675_n-1024x569.jpg\" alt=\"\" class=\"wp-image-3376\" srcset=\"https:\/\/radioprimiciapelluhue.cl\/wp-content\/uploads\/2021\/08\/217701887_2163456717127447_956593049366094675_n-1024x569.jpg 1024w, https:\/\/radioprimiciapelluhue.cl\/wp-content\/uploads\/2021\/08\/217701887_2163456717127447_956593049366094675_n-300x167.jpg 300w, https:\/\/radioprimiciapelluhue.cl\/wp-content\/uploads\/2021\/08\/217701887_2163456717127447_956593049366094675_n-768x427.jpg 768w, https:\/\/radioprimiciapelluhue.cl\/wp-content\/uploads\/2021\/08\/217701887_2163456717127447_956593049366094675_n.jpg 1080w\" sizes=\"auto, (max-width: 1024px) 100vw, 1024px\" \/><\/a><\/figure>\n\n\n\n<figure class=\"wp-block-image size-large\"><a href=\"http:\/\/radioprimiciapelluhue.cl\/wp-content\/uploads\/2021\/08\/217405872_2163456790460773_5164416183123078209_n.jpg\"><img loading=\"lazy\" decoding=\"async\" width=\"1024\" height=\"569\" src=\"http:\/\/radioprimiciapelluhue.cl\/wp-content\/uploads\/2021\/08\/217405872_2163456790460773_5164416183123078209_n-1024x569.jpg\" alt=\"\" class=\"wp-image-3377\" srcset=\"https:\/\/radioprimiciapelluhue.cl\/wp-content\/uploads\/2021\/08\/217405872_2163456790460773_5164416183123078209_n-1024x569.jpg 1024w, https:\/\/radioprimiciapelluhue.cl\/wp-content\/uploads\/2021\/08\/217405872_2163456790460773_5164416183123078209_n-300x167.jpg 300w, https:\/\/radioprimiciapelluhue.cl\/wp-content\/uploads\/2021\/08\/217405872_2163456790460773_5164416183123078209_n-768x427.jpg 768w, https:\/\/radioprimiciapelluhue.cl\/wp-content\/uploads\/2021\/08\/217405872_2163456790460773_5164416183123078209_n.jpg 1080w\" sizes=\"auto, (max-width: 1024px) 100vw, 1024px\" \/><\/a><\/figure>\n\n\n\n<figure class=\"wp-block-image size-large\"><a href=\"http:\/\/radioprimiciapelluhue.cl\/wp-content\/uploads\/2021\/08\/213746644_2163456660460786_2096216267729447308_n.jpg\"><img loading=\"lazy\" decoding=\"async\" width=\"1024\" height=\"569\" src=\"http:\/\/radioprimiciapelluhue.cl\/wp-content\/uploads\/2021\/08\/213746644_2163456660460786_2096216267729447308_n-1024x569.jpg\" alt=\"\" class=\"wp-image-3378\" srcset=\"https:\/\/radioprimiciapelluhue.cl\/wp-content\/uploads\/2021\/08\/213746644_2163456660460786_2096216267729447308_n-1024x569.jpg 1024w, https:\/\/radioprimiciapelluhue.cl\/wp-content\/uploads\/2021\/08\/213746644_2163456660460786_2096216267729447308_n-300x167.jpg 300w, https:\/\/radioprimiciapelluhue.cl\/wp-content\/uploads\/2021\/08\/213746644_2163456660460786_2096216267729447308_n-768x427.jpg 768w, https:\/\/radioprimiciapelluhue.cl\/wp-content\/uploads\/2021\/08\/213746644_2163456660460786_2096216267729447308_n.jpg 1080w\" sizes=\"auto, (max-width: 1024px) 100vw, 1024px\" \/><\/a><\/figure>\n","protected":false},"excerpt":{"rendered":"<p>Casos activos y fase en la Provincia Cauquenes Fase3 preparaci\u00f3n Casos activos 57 Pelluhue #Fase2 transici\u00f3n Casos Activos 3 A partir desde este mi\u00e9rcoles pasamos a fase 3 preparaci\u00f3n Chanco #Fase3 preparaci\u00f3n Activos 5 A partir desde este mi\u00e9rcoles Chanco a fase 4 apertura Siga cuid\u00e1ndose use la mascarilla, alcohol gel, mantenga distancia, no se [&hellip;]<\/p>\n","protected":false},"author":2,"featured_media":2916,"comment_status":"closed","ping_status":"closed","sticky":false,"template":"","format":"standard","meta":{"footnotes":""},"categories":[57],"tags":[],"class_list":["post-3373","post","type-post","status-publish","format-standard","has-post-thumbnail","hentry","category-covid19"],"_links":{"self":[{"href":"https:\/\/radioprimiciapelluhue.cl\/index.php?rest_route=\/wp\/v2\/posts\/3373","targetHints":{"allow":["GET"]}}],"collection":[{"href":"https:\/\/radioprimiciapelluhue.cl\/index.php?rest_route=\/wp\/v2\/posts"}],"about":[{"href":"https:\/\/radioprimiciapelluhue.cl\/index.php?rest_route=\/wp\/v2\/types\/post"}],"author":[{"embeddable":true,"href":"https:\/\/radioprimiciapelluhue.cl\/index.php?rest_route=\/wp\/v2\/users\/2"}],"replies":[{"embeddable":true,"href":"https:\/\/radioprimiciapelluhue.cl\/index.php?rest_route=%2Fwp%2Fv2%2Fcomments&post=3373"}],"version-history":[{"count":1,"href":"https:\/\/radioprimiciapelluhue.cl\/index.php?rest_route=\/wp\/v2\/posts\/3373\/revisions"}],"predecessor-version":[{"id":3379,"href":"https:\/\/radioprimiciapelluhue.cl\/index.php?rest_route=\/wp\/v2\/posts\/3373\/revisions\/3379"}],"wp:featuredmedia":[{"embeddable":true,"href":"https:\/\/radioprimiciapelluhue.cl\/index.php?rest_route=\/wp\/v2\/media\/2916"}],"wp:attachment":[{"href":"https:\/\/radioprimiciapelluhue.cl\/index.php?rest_route=%2Fwp%2Fv2%2Fmedia&parent=3373"}],"wp:term":[{"taxonomy":"category","embeddable":true,"href":"https:\/\/radioprimiciapelluhue.cl\/index.php?rest_route=%2Fwp%2Fv2%2Fcategories&post=3373"},{"taxonomy":"post_tag","embeddable":true,"href":"https:\/\/radioprimiciapelluhue.cl\/index.php?rest_route=%2Fwp%2Fv2%2Ftags&post=3373"}],"curies":[{"name":"wp","href":"https:\/\/api.w.org\/{rel}","templated":true}]}}