{"id":3381,"date":"2021-08-06T09:49:01","date_gmt":"2021-08-06T13:49:01","guid":{"rendered":"http:\/\/radioprimiciapelluhue.cl\/?p=3381"},"modified":"2021-08-06T09:49:02","modified_gmt":"2021-08-06T13:49:02","slug":"convencion-comision-de-presupuesto-aprueba-aumentar-asignaciones-a-un-maximo-mensual-de-4-millones","status":"publish","type":"post","link":"https:\/\/radioprimiciapelluhue.cl\/?p=3381","title":{"rendered":"Convenci\u00f3n: Comisi\u00f3n de Presupuesto aprueba aumentar asignaciones a un m\u00e1ximo mensual de $ 4 millones"},"content":{"rendered":"\n<p><strong>Fuente La Tercera<\/strong><\/p>\n\n\n\n<p>Tras una extensa sesi\u00f3n<strong>&nbsp;la Comisi\u00f3n de Presupuesto de la Convenci\u00f3n Constitucional<\/strong>&nbsp;aprob\u00f3 por&nbsp;<strong>11 votos a favor y cuatro en contra<\/strong>&nbsp;la propuesta realizada por los coordinadores&nbsp;<strong>C\u00e9sar Valenzuela (PS) y Gloria Alvarado (Movimientos Sociales)<\/strong>&nbsp;para ampliar las asignaciones que tendr\u00e1n a disposici\u00f3n mes a mes los constituyentes.<\/p>\n\n\n\n<p>Tras una primera deliberaci\u00f3n, en que fueron rechazadas todas las propuestas que se ingresaron, los convencionales se vieron forzados a buscar un acuerdo. Luego de un receso,&nbsp;<strong>la instancia ratific\u00f3 aumentar de los actuales 1,5 millones de pesos m\u00e1ximos mensuales por convencional, a un total de 77 UTM, es decir, un m\u00e1ximo mensual de $ 4.020.401.<\/strong><\/p>\n\n\n\n<p>Dicho monto, se dividir\u00e1 de la siguiente forma:&nbsp;<strong>40 UTM para personal de apoyo<\/strong>,&nbsp;<strong>27 UTM para asignaciones por manutenci\u00f3n (vi\u00e1ticos) y 10 UTM para gastos operacionales, donde los convencionales de esca\u00f1os reservados y zonas extremas podr\u00e1n gastar 5 UTM m\u00e1s, es decir, un total de 82 UTM.<\/strong><\/p>\n\n\n\n<p><strong>Los convencionales explicaron tras la aprobaci\u00f3n de la norma que esta no implica un aumento presupuestario para la Convenci\u00f3n sino que se trata de un reordenamiento en los \u00edtems de gasto.&nbsp;<\/strong>\u201cVot\u00e9 en contra porque esta cantidad no est\u00e9 reflejada en el presupuesto, vamos a tener que pedir un aumento\u201d, dijo, sin embargo, Bernardo Fontaine.<\/p>\n\n\n\n<p>A su vez, la Comisi\u00f3n de Presupuesto aprob\u00f3 una norma propuesta por&nbsp;<strong>Bernardo Fontaine y Harry J\u00fcrgensen<\/strong>, que dispone que \u201clas asignaciones contempladas en este art\u00edculo podr\u00e1n ser reasignables al mes siguiente, teniendo como tope una acumulaci\u00f3n bimensual. Pasado los dos meses caducar\u00e1n de pleno derecho\u201d.<\/p>\n\n\n\n<p>Ahora, la propuesta debe ser visada por el pleno de la Convenci\u00f3n Constitucional para entrar en vigencia.<\/p>\n\n\n\n<p>Lonc\u00f3n y Bassa defienden gastos tras informe de la Segpres<\/p>\n\n\n\n<p>\u201cLamentamos que la jornada de ayer haya terminado con estas malas se\u00f1ales\u201d, dijo durante este jueves el vicepresidente,&nbsp;<strong>Jaime Bassa<\/strong>, tras la liberaci\u00f3n del informe que elabor\u00f3 la Segpres respecto de los gastos que se han ejecutado durante el primer mes, los que ascienden a cerca de&nbsp;<strong>3.300 millones<\/strong>&nbsp;de pesos.<\/p>\n\n\n\n<p>El convencional ligado al Frente Amplio afirm\u00f3 que el informe se trataba de una \u201cmala estrategia de desprestigio del trabajo que est\u00e1 haciendo la Convenci\u00f3n Constitucional y vamos a reiterar lo se\u00f1alado la semana pasada: todos los temas de ejecuci\u00f3n presupuestaria que est\u00e1 vigente sigue respondiendo a las licitaciones contratadas antes del 4 de julio. Y esta mesa que se instal\u00f3 a partir del 5, a medida que fue tomando conocimiento de las condiciones de esas licitaciones y en especial de los costos de los servicios adicionales que esas licitaciones contemplaban, los fuimos cortando y los fuimos suspendiendo uno a uno\u201d.<\/p>\n\n\n\n<p>Sobre su propio traslado en una van, Bassa asegur\u00f3 que&nbsp;<strong>\u201cno se pidi\u00f3 ning\u00fan servicio especial, sino que solo aquello que estaba contemplado en la licitaci\u00f3n previa al 4 de julio y que fue prorrogada las tres semanas siguientes&nbsp;<\/strong>(&#8230;) Ni yo ni mi equipo ni nadie ha solicitado una van especial. Eso formaba parte del servicio que todos los constituyentes ten\u00edan mientras estaban alojando en hoteles. Los WhatsApp que vieron son de coordinaci\u00f3n general\u201d.<\/p>\n\n\n\n<p>\u201cAc\u00e1 no hay servicios especiales, no hay privilegios\u201d, agreg\u00f3.<\/p>\n\n\n\n<p>Por su parte, la presidenta&nbsp;<strong>Elisa Lonc\u00f3n<\/strong>&nbsp;se refiri\u00f3 al alojamiento en un apart hotel que solicit\u00f3 la Machi Francisca Linconao y pidi\u00f3 evitar \u201cracismo y clasismo\u201d en la fiscalizaci\u00f3n de los recursos p\u00fablicos que se est\u00e1n desembolsando.<\/p>\n\n\n\n<p>\u201cEstamos ac\u00e1 en este punto para dar un mensaje de probidad y cuidado del presupuesto, que es importante que todo Chile lo entienda. En el caso particular de la machi Francisca, ella es una autoridad, ella llega como machi ac\u00e1, y ella tambi\u00e9n tiene su ruta, su forma de trabajar como autoridad, como las tienen todas las de este pa\u00eds. Encuentro que no puede pasar por ese cedaso por lo que se hace, porque ustedes tampoco lo hacen con otras autoridades, con esto quiero decir que hay que bajar ese sesgo racista y clasista con el que se est\u00e1 juzgando a una autoridad mapuche\u201d.<\/p>\n\n\n\n<p>Y agreg\u00f3:\u00a0<strong>\u201cLamentablemente Segpres no puso criterios de austeridad y lamentablemente los montos se inflaron excesivamente y eso no es responsabilidad de esta mesa\u201d.<\/strong><\/p>\n\n\n\n<p><a href=\"https:\/\/www.msn.com\/es-cl\/noticias\/chile\/convenci%C3%B3n-comisi%C3%B3n-de-presupuesto-aprueba-aumentar-asignaciones-a-un-m%C3%A1ximo-mensual-de-4-millones\/ar-AAMZljf?ocid=winp1taskbar#image=1\">https:\/\/www.msn.com\/es-cl\/noticias\/chile\/convenci%C3%B3n-comisi%C3%B3n-de-presupuesto-aprueba-aumentar-asignaciones-a-un-m%C3%A1ximo-mensual-de-4-millones\/ar-AAMZljf?ocid=winp1taskbar#image=1<\/a><\/p>\n\n\n\n<figure class=\"wp-block-image size-large\"><a href=\"http:\/\/radioprimiciapelluhue.cl\/wp-content\/uploads\/2021\/08\/AAMG2.jpg\"><img loading=\"lazy\" decoding=\"async\" width=\"1024\" height=\"683\" src=\"http:\/\/radioprimiciapelluhue.cl\/wp-content\/uploads\/2021\/08\/AAMG2-1024x683.jpg\" alt=\"\" class=\"wp-image-3383\" srcset=\"https:\/\/radioprimiciapelluhue.cl\/wp-content\/uploads\/2021\/08\/AAMG2-1024x683.jpg 1024w, https:\/\/radioprimiciapelluhue.cl\/wp-content\/uploads\/2021\/08\/AAMG2-300x200.jpg 300w, https:\/\/radioprimiciapelluhue.cl\/wp-content\/uploads\/2021\/08\/AAMG2-768x512.jpg 768w, https:\/\/radioprimiciapelluhue.cl\/wp-content\/uploads\/2021\/08\/AAMG2.jpg 1152w\" sizes=\"auto, (max-width: 1024px) 100vw, 1024px\" \/><\/a><\/figure>\n","protected":false},"excerpt":{"rendered":"<p>Fuente La Tercera Tras una extensa sesi\u00f3n&nbsp;la Comisi\u00f3n de Presupuesto de la Convenci\u00f3n Constitucional&nbsp;aprob\u00f3 por&nbsp;11 votos a favor y cuatro en contra&nbsp;la propuesta realizada por los coordinadores&nbsp;C\u00e9sar Valenzuela (PS) y Gloria Alvarado (Movimientos Sociales)&nbsp;para ampliar las asignaciones que tendr\u00e1n a disposici\u00f3n mes a mes los constituyentes. Tras una primera deliberaci\u00f3n, en que fueron rechazadas todas [&hellip;]<\/p>\n","protected":false},"author":2,"featured_media":3382,"comment_status":"closed","ping_status":"closed","sticky":false,"template":"","format":"standard","meta":{"footnotes":""},"categories":[63],"tags":[],"class_list":["post-3381","post","type-post","status-publish","format-standard","has-post-thumbnail","hentry","category-convencion-constituyente"],"_links":{"self":[{"href":"https:\/\/radioprimiciapelluhue.cl\/index.php?rest_route=\/wp\/v2\/posts\/3381","targetHints":{"allow":["GET"]}}],"collection":[{"href":"https:\/\/radioprimiciapelluhue.cl\/index.php?rest_route=\/wp\/v2\/posts"}],"about":[{"href":"https:\/\/radioprimiciapelluhue.cl\/index.php?rest_route=\/wp\/v2\/types\/post"}],"author":[{"embeddable":true,"href":"https:\/\/radioprimiciapelluhue.cl\/index.php?rest_route=\/wp\/v2\/users\/2"}],"replies":[{"embeddable":true,"href":"https:\/\/radioprimiciapelluhue.cl\/index.php?rest_route=%2Fwp%2Fv2%2Fcomments&post=3381"}],"version-history":[{"count":1,"href":"https:\/\/radioprimiciapelluhue.cl\/index.php?rest_route=\/wp\/v2\/posts\/3381\/revisions"}],"predecessor-version":[{"id":3384,"href":"https:\/\/radioprimiciapelluhue.cl\/index.php?rest_route=\/wp\/v2\/posts\/3381\/revisions\/3384"}],"wp:featuredmedia":[{"embeddable":true,"href":"https:\/\/radioprimiciapelluhue.cl\/index.php?rest_route=\/wp\/v2\/media\/3382"}],"wp:attachment":[{"href":"https:\/\/radioprimiciapelluhue.cl\/index.php?rest_route=%2Fwp%2Fv2%2Fmedia&parent=3381"}],"wp:term":[{"taxonomy":"category","embeddable":true,"href":"https:\/\/radioprimiciapelluhue.cl\/index.php?rest_route=%2Fwp%2Fv2%2Fcategories&post=3381"},{"taxonomy":"post_tag","embeddable":true,"href":"https:\/\/radioprimiciapelluhue.cl\/index.php?rest_route=%2Fwp%2Fv2%2Ftags&post=3381"}],"curies":[{"name":"wp","href":"https:\/\/api.w.org\/{rel}","templated":true}]}}