{"id":3385,"date":"2021-08-06T11:49:33","date_gmt":"2021-08-06T15:49:33","guid":{"rendered":"http:\/\/radioprimiciapelluhue.cl\/?p=3385"},"modified":"2021-08-06T11:49:34","modified_gmt":"2021-08-06T15:49:34","slug":"dosis-de-refuerzo-en-la-campana-de-vacunacion-contra-sars-cov-2-en-chile","status":"publish","type":"post","link":"https:\/\/radioprimiciapelluhue.cl\/?p=3385","title":{"rendered":"Dosis de refuerzo en la campa\u00f1a de vacunaci\u00f3n contra SARS-CoV-2 en Chile"},"content":{"rendered":"\n<p>Fuente <a href=\"http:\/\/www.Minsal.cl\">www.Minsal.cl<\/a> <\/p>\n\n\n\n<p>En el contexto de la Campa\u00f1a de vacunaci\u00f3n contra SARS-CoV-2 en desarrollo desde diciembre de 2020, a partir del mi\u00e9rcoles 11 de agosto de 2021, se administrar\u00e1 una dosis de refuerzo a la poblaci\u00f3n definida.<\/p>\n\n\n\n<p>Para la protecci\u00f3n de la poblaci\u00f3n con mayor riesgo de COVID-19 severo o muerte por COVID-19, se priorizar\u00e1 la administraci\u00f3n de una dosis de refuerzo con vacuna contra el SARS-CoV-2 a aquellas personas que recibieron esquema completo de vacuna Coronavac.<\/p>\n\n\n\n<p>La administraci\u00f3n de la dosis de refuerzo se realizar\u00e1 seg\u00fan calendario, el que considera la edad y la fecha en que se complet\u00f3 el esquema de dos dosis. Se defini\u00f3 un intervalo de 4 meses entre la segunda dosis del esquema y la dosis de refuerzo, es decir esquema completa antes de marzo. Para los pacientes inmunocomprometidos se defini\u00f3 un intervalo m\u00ednimo de 2 meses, haber completado esquema antes de mayo.<\/p>\n\n\n\n\n\n<figure class=\"wp-block-image size-full\"><a href=\"http:\/\/radioprimiciapelluhue.cl\/wp-content\/uploads\/2021\/08\/WhatsApp-Image-2021-08-06-at-11.20.43.jpeg\"><img loading=\"lazy\" decoding=\"async\" width=\"828\" height=\"830\" src=\"http:\/\/radioprimiciapelluhue.cl\/wp-content\/uploads\/2021\/08\/WhatsApp-Image-2021-08-06-at-11.20.43.jpeg\" alt=\"\" class=\"wp-image-3386\" srcset=\"https:\/\/radioprimiciapelluhue.cl\/wp-content\/uploads\/2021\/08\/WhatsApp-Image-2021-08-06-at-11.20.43.jpeg 828w, https:\/\/radioprimiciapelluhue.cl\/wp-content\/uploads\/2021\/08\/WhatsApp-Image-2021-08-06-at-11.20.43-300x300.jpeg 300w, https:\/\/radioprimiciapelluhue.cl\/wp-content\/uploads\/2021\/08\/WhatsApp-Image-2021-08-06-at-11.20.43-150x150.jpeg 150w, https:\/\/radioprimiciapelluhue.cl\/wp-content\/uploads\/2021\/08\/WhatsApp-Image-2021-08-06-at-11.20.43-768x770.jpeg 768w, https:\/\/radioprimiciapelluhue.cl\/wp-content\/uploads\/2021\/08\/WhatsApp-Image-2021-08-06-at-11.20.43-520x520.jpeg 520w, https:\/\/radioprimiciapelluhue.cl\/wp-content\/uploads\/2021\/08\/WhatsApp-Image-2021-08-06-at-11.20.43-120x120.jpeg 120w\" sizes=\"auto, (max-width: 828px) 100vw, 828px\" \/><\/a><\/figure>\n\n\n\n<p><\/p>\n","protected":false},"excerpt":{"rendered":"<p>Fuente www.Minsal.cl En el contexto de la Campa\u00f1a de vacunaci\u00f3n contra SARS-CoV-2 en desarrollo desde diciembre de 2020, a partir del mi\u00e9rcoles 11 de agosto de 2021, se administrar\u00e1 una dosis de refuerzo a la poblaci\u00f3n definida. Para la protecci\u00f3n de la poblaci\u00f3n con mayor riesgo de COVID-19 severo o muerte por COVID-19, se priorizar\u00e1 [&hellip;]<\/p>\n","protected":false},"author":2,"featured_media":3387,"comment_status":"closed","ping_status":"closed","sticky":false,"template":"","format":"standard","meta":{"footnotes":""},"categories":[57],"tags":[],"class_list":["post-3385","post","type-post","status-publish","format-standard","has-post-thumbnail","hentry","category-covid19"],"_links":{"self":[{"href":"https:\/\/radioprimiciapelluhue.cl\/index.php?rest_route=\/wp\/v2\/posts\/3385","targetHints":{"allow":["GET"]}}],"collection":[{"href":"https:\/\/radioprimiciapelluhue.cl\/index.php?rest_route=\/wp\/v2\/posts"}],"about":[{"href":"https:\/\/radioprimiciapelluhue.cl\/index.php?rest_route=\/wp\/v2\/types\/post"}],"author":[{"embeddable":true,"href":"https:\/\/radioprimiciapelluhue.cl\/index.php?rest_route=\/wp\/v2\/users\/2"}],"replies":[{"embeddable":true,"href":"https:\/\/radioprimiciapelluhue.cl\/index.php?rest_route=%2Fwp%2Fv2%2Fcomments&post=3385"}],"version-history":[{"count":1,"href":"https:\/\/radioprimiciapelluhue.cl\/index.php?rest_route=\/wp\/v2\/posts\/3385\/revisions"}],"predecessor-version":[{"id":3388,"href":"https:\/\/radioprimiciapelluhue.cl\/index.php?rest_route=\/wp\/v2\/posts\/3385\/revisions\/3388"}],"wp:featuredmedia":[{"embeddable":true,"href":"https:\/\/radioprimiciapelluhue.cl\/index.php?rest_route=\/wp\/v2\/media\/3387"}],"wp:attachment":[{"href":"https:\/\/radioprimiciapelluhue.cl\/index.php?rest_route=%2Fwp%2Fv2%2Fmedia&parent=3385"}],"wp:term":[{"taxonomy":"category","embeddable":true,"href":"https:\/\/radioprimiciapelluhue.cl\/index.php?rest_route=%2Fwp%2Fv2%2Fcategories&post=3385"},{"taxonomy":"post_tag","embeddable":true,"href":"https:\/\/radioprimiciapelluhue.cl\/index.php?rest_route=%2Fwp%2Fv2%2Ftags&post=3385"}],"curies":[{"name":"wp","href":"https:\/\/api.w.org\/{rel}","templated":true}]}}