{"id":3397,"date":"2021-08-06T17:08:38","date_gmt":"2021-08-06T21:08:38","guid":{"rendered":"http:\/\/radioprimiciapelluhue.cl\/?p=3397"},"modified":"2021-08-06T17:08:39","modified_gmt":"2021-08-06T21:08:39","slug":"pescadores-artesanales-de-la-comuna-de-pelluhue-envian-comunicado-a-la-comunidad-pelluhuana","status":"publish","type":"post","link":"https:\/\/radioprimiciapelluhue.cl\/?p=3397","title":{"rendered":"Pescadores Artesanales de la Comuna de Pelluhue, env\u00edan comunicado a la comunidad #Pelluhuana"},"content":{"rendered":"\n<p>Curanipe, 6 de agosto a\u00f1o 2021<\/p>\n\n\n\n<p>COMUNICADO A LA COMUNA DE PELLUHUE PESCADORES(AS) ARTESANALES DE CURANIPE &#8211; PELLUHUE<\/p>\n\n\n\n<p>Mediante la presente, nos dirigimos a usted para lamentar profundamente todos los inconvenientes, incomodidades y molestias causadas a la comunidad producto de las manifestaciones que se realizaron los \u00faltimos d\u00edas en nuestra comuna. Sin desearlo, afectamos gravemente el diario vivir de todas las familias.<\/p>\n\n\n\n<p>Queremos pedir disculpas a todas y todos ustedes, a las y los trabajadores de la salud, educaci\u00f3n, enfermos, vecinas y vecinos, a toda la ciudadan\u00eda.<\/p>\n\n\n\n<p>Lamentablemente, en ciertas circunstancias nuestro sector ha tenido que salir a manifestarse p\u00fablicamente por justas demandas. En los \u00faltimos d\u00edas una parte importante de la pesca artesanal a nivel comunal y nacional ha expresado su molestia, pero nada justifica afectar tanto a nuestra comunidad, tampoco limitar el tr\u00e1nsito a los veh\u00edculos de emergencia. Nos sentimos profundamente afectados(as) y avergonzados(as) por lo sucedido, las(os) trabajadores(as) de la salud han demostrado con creces en tiempos de Pandemia la vocaci\u00f3n por salvar vidas, por cuidar y proteger a la ciudadan\u00eda, queremos ser enf\u00e1ticos en decir que lo acontecido en los \u00faltimos d\u00edas no representa en absoluto nuestro actuar por la vida, en donde debe primar el respeto hacia todas las personas.<\/p>\n\n\n\n<p>Esperamos sinceramente que jam\u00e1s se vuelvan a repetir hechos tan lamentables como lo sucedido durante los d\u00edas de manifestaci\u00f3n.<\/p>\n\n\n\n<p>Respetuosamente a usted, PESCADORES(AS) ARTESANALES DE CURANIPE &#8211; PELLUHUE<\/p>\n\n\n\n<figure class=\"wp-block-image size-large\"><a href=\"http:\/\/radioprimiciapelluhue.cl\/wp-content\/uploads\/2021\/08\/214550457_2166636393476146_165131270748982912_n.jpg\"><img loading=\"lazy\" decoding=\"async\" width=\"473\" height=\"1024\" src=\"http:\/\/radioprimiciapelluhue.cl\/wp-content\/uploads\/2021\/08\/214550457_2166636393476146_165131270748982912_n-473x1024.jpg\" alt=\"\" class=\"wp-image-3398\" srcset=\"https:\/\/radioprimiciapelluhue.cl\/wp-content\/uploads\/2021\/08\/214550457_2166636393476146_165131270748982912_n-473x1024.jpg 473w, https:\/\/radioprimiciapelluhue.cl\/wp-content\/uploads\/2021\/08\/214550457_2166636393476146_165131270748982912_n-139x300.jpg 139w, https:\/\/radioprimiciapelluhue.cl\/wp-content\/uploads\/2021\/08\/214550457_2166636393476146_165131270748982912_n-768x1663.jpg 768w, https:\/\/radioprimiciapelluhue.cl\/wp-content\/uploads\/2021\/08\/214550457_2166636393476146_165131270748982912_n-710x1536.jpg 710w, https:\/\/radioprimiciapelluhue.cl\/wp-content\/uploads\/2021\/08\/214550457_2166636393476146_165131270748982912_n.jpg 946w\" sizes=\"auto, (max-width: 473px) 100vw, 473px\" \/><\/a><\/figure>\n","protected":false},"excerpt":{"rendered":"<p>Curanipe, 6 de agosto a\u00f1o 2021 COMUNICADO A LA COMUNA DE PELLUHUE PESCADORES(AS) ARTESANALES DE CURANIPE &#8211; PELLUHUE Mediante la presente, nos dirigimos a usted para lamentar profundamente todos los inconvenientes, incomodidades y molestias causadas a la comunidad producto de las manifestaciones que se realizaron los \u00faltimos d\u00edas en nuestra comuna. Sin desearlo, afectamos gravemente [&hellip;]<\/p>\n","protected":false},"author":2,"featured_media":3399,"comment_status":"closed","ping_status":"closed","sticky":false,"template":"","format":"standard","meta":{"footnotes":""},"categories":[2],"tags":[],"class_list":["post-3397","post","type-post","status-publish","format-standard","has-post-thumbnail","hentry","category-noticias"],"_links":{"self":[{"href":"https:\/\/radioprimiciapelluhue.cl\/index.php?rest_route=\/wp\/v2\/posts\/3397","targetHints":{"allow":["GET"]}}],"collection":[{"href":"https:\/\/radioprimiciapelluhue.cl\/index.php?rest_route=\/wp\/v2\/posts"}],"about":[{"href":"https:\/\/radioprimiciapelluhue.cl\/index.php?rest_route=\/wp\/v2\/types\/post"}],"author":[{"embeddable":true,"href":"https:\/\/radioprimiciapelluhue.cl\/index.php?rest_route=\/wp\/v2\/users\/2"}],"replies":[{"embeddable":true,"href":"https:\/\/radioprimiciapelluhue.cl\/index.php?rest_route=%2Fwp%2Fv2%2Fcomments&post=3397"}],"version-history":[{"count":1,"href":"https:\/\/radioprimiciapelluhue.cl\/index.php?rest_route=\/wp\/v2\/posts\/3397\/revisions"}],"predecessor-version":[{"id":3400,"href":"https:\/\/radioprimiciapelluhue.cl\/index.php?rest_route=\/wp\/v2\/posts\/3397\/revisions\/3400"}],"wp:featuredmedia":[{"embeddable":true,"href":"https:\/\/radioprimiciapelluhue.cl\/index.php?rest_route=\/wp\/v2\/media\/3399"}],"wp:attachment":[{"href":"https:\/\/radioprimiciapelluhue.cl\/index.php?rest_route=%2Fwp%2Fv2%2Fmedia&parent=3397"}],"wp:term":[{"taxonomy":"category","embeddable":true,"href":"https:\/\/radioprimiciapelluhue.cl\/index.php?rest_route=%2Fwp%2Fv2%2Fcategories&post=3397"},{"taxonomy":"post_tag","embeddable":true,"href":"https:\/\/radioprimiciapelluhue.cl\/index.php?rest_route=%2Fwp%2Fv2%2Ftags&post=3397"}],"curies":[{"name":"wp","href":"https:\/\/api.w.org\/{rel}","templated":true}]}}