{"id":3409,"date":"2021-08-10T19:56:47","date_gmt":"2021-08-10T23:56:47","guid":{"rendered":"http:\/\/radioprimiciapelluhue.cl\/?p=3409"},"modified":"2021-08-10T19:56:48","modified_gmt":"2021-08-10T23:56:48","slug":"informe-covid19-de-hoy-10-de-agosto-2021","status":"publish","type":"post","link":"https:\/\/radioprimiciapelluhue.cl\/?p=3409","title":{"rendered":"Informe #Covid19 de hoy 10 de agosto 2021"},"content":{"rendered":"\n<p>Casos activos y fase en la Provincia<\/p>\n\n\n\n<p>Cauquenes #Fase3 preparaci\u00f3n Casos activos 36<\/p>\n\n\n\n<p>Pelluhue <a href=\"https:\/\/web.facebook.com\/hashtag\/fase3?__eep__=6&amp;__cft__%5b0%5d=AZXoRuceBD43kUwyWd3PEmRPU37CtZuNQEKRIm5x4VwFoVUsP8HF5tJhET3Eb1Fuf6clhZD0eslkM-ZFvIIuDzcXJJ4fIFNkPFgLGVkc-MSDxhnyKkOuGlzzqsxQ_P4B7fs5QNYiDJVclEcnLk_DHpFjsfb_SBK3NUlfYV2R0vy08B5gpaPZqVBqnb9J1Fe4SNs&amp;__tn__=*NK-R\">#Fase3<\/a> preparaci\u00f3n Casos Activos 3<\/p>\n\n\n\n<p>Chanco <a href=\"https:\/\/web.facebook.com\/hashtag\/fase4?__eep__=6&amp;__cft__%5b0%5d=AZXoRuceBD43kUwyWd3PEmRPU37CtZuNQEKRIm5x4VwFoVUsP8HF5tJhET3Eb1Fuf6clhZD0eslkM-ZFvIIuDzcXJJ4fIFNkPFgLGVkc-MSDxhnyKkOuGlzzqsxQ_P4B7fs5QNYiDJVclEcnLk_DHpFjsfb_SBK3NUlfYV2R0vy08B5gpaPZqVBqnb9J1Fe4SNs&amp;__tn__=*NK-R\">#Fase4<\/a> apertura casos Activos 0<\/p>\n\n\n\n<p>Siga cuid\u00e1ndose use la mascarilla, alcohol gel, mantenga distancia, no se den abrazos ni salude de besos<\/p>\n\n\n\n<p>Cuid\u00e9monos entre todos<\/p>\n\n\n\n<p><a href=\"https:\/\/www.gob.cl\/pasoapas\">https:\/\/www.gob.cl\/pasoapas<\/a><\/p>\n\n\n\n<figure class=\"wp-block-image size-large\"><a href=\"http:\/\/radioprimiciapelluhue.cl\/wp-content\/uploads\/2021\/08\/Activos-Covid19-de-hoy-10-de-agosto-2021.jpg\"><img loading=\"lazy\" decoding=\"async\" width=\"473\" height=\"1024\" src=\"http:\/\/radioprimiciapelluhue.cl\/wp-content\/uploads\/2021\/08\/Activos-Covid19-de-hoy-10-de-agosto-2021-473x1024.jpg\" alt=\"\" class=\"wp-image-3410\" srcset=\"https:\/\/radioprimiciapelluhue.cl\/wp-content\/uploads\/2021\/08\/Activos-Covid19-de-hoy-10-de-agosto-2021-473x1024.jpg 473w, https:\/\/radioprimiciapelluhue.cl\/wp-content\/uploads\/2021\/08\/Activos-Covid19-de-hoy-10-de-agosto-2021-139x300.jpg 139w, https:\/\/radioprimiciapelluhue.cl\/wp-content\/uploads\/2021\/08\/Activos-Covid19-de-hoy-10-de-agosto-2021-768x1663.jpg 768w, https:\/\/radioprimiciapelluhue.cl\/wp-content\/uploads\/2021\/08\/Activos-Covid19-de-hoy-10-de-agosto-2021-710x1536.jpg 710w, https:\/\/radioprimiciapelluhue.cl\/wp-content\/uploads\/2021\/08\/Activos-Covid19-de-hoy-10-de-agosto-2021.jpg 946w\" sizes=\"auto, (max-width: 473px) 100vw, 473px\" \/><\/a><\/figure>\n\n\n\n<figure class=\"wp-block-image size-large\"><a href=\"http:\/\/radioprimiciapelluhue.cl\/wp-content\/uploads\/2021\/08\/Confirmados-Covid19-de-hoy-10-de-agosto-2021.jpg\"><img loading=\"lazy\" decoding=\"async\" width=\"473\" height=\"1024\" src=\"http:\/\/radioprimiciapelluhue.cl\/wp-content\/uploads\/2021\/08\/Confirmados-Covid19-de-hoy-10-de-agosto-2021-473x1024.jpg\" alt=\"\" class=\"wp-image-3411\" srcset=\"https:\/\/radioprimiciapelluhue.cl\/wp-content\/uploads\/2021\/08\/Confirmados-Covid19-de-hoy-10-de-agosto-2021-473x1024.jpg 473w, https:\/\/radioprimiciapelluhue.cl\/wp-content\/uploads\/2021\/08\/Confirmados-Covid19-de-hoy-10-de-agosto-2021-139x300.jpg 139w, https:\/\/radioprimiciapelluhue.cl\/wp-content\/uploads\/2021\/08\/Confirmados-Covid19-de-hoy-10-de-agosto-2021-768x1663.jpg 768w, https:\/\/radioprimiciapelluhue.cl\/wp-content\/uploads\/2021\/08\/Confirmados-Covid19-de-hoy-10-de-agosto-2021-710x1536.jpg 710w, https:\/\/radioprimiciapelluhue.cl\/wp-content\/uploads\/2021\/08\/Confirmados-Covid19-de-hoy-10-de-agosto-2021.jpg 946w\" sizes=\"auto, (max-width: 473px) 100vw, 473px\" \/><\/a><\/figure>\n\n\n\n<figure class=\"wp-block-image size-full\"><a href=\"http:\/\/radioprimiciapelluhue.cl\/wp-content\/uploads\/2021\/08\/Informe-Covid19-de-hoy-10-de-agosto-2021.jpg\"><img loading=\"lazy\" decoding=\"async\" width=\"1024\" height=\"1024\" src=\"http:\/\/radioprimiciapelluhue.cl\/wp-content\/uploads\/2021\/08\/Informe-Covid19-de-hoy-10-de-agosto-2021.jpg\" alt=\"\" class=\"wp-image-3412\" srcset=\"https:\/\/radioprimiciapelluhue.cl\/wp-content\/uploads\/2021\/08\/Informe-Covid19-de-hoy-10-de-agosto-2021.jpg 1024w, https:\/\/radioprimiciapelluhue.cl\/wp-content\/uploads\/2021\/08\/Informe-Covid19-de-hoy-10-de-agosto-2021-300x300.jpg 300w, https:\/\/radioprimiciapelluhue.cl\/wp-content\/uploads\/2021\/08\/Informe-Covid19-de-hoy-10-de-agosto-2021-150x150.jpg 150w, https:\/\/radioprimiciapelluhue.cl\/wp-content\/uploads\/2021\/08\/Informe-Covid19-de-hoy-10-de-agosto-2021-768x768.jpg 768w, https:\/\/radioprimiciapelluhue.cl\/wp-content\/uploads\/2021\/08\/Informe-Covid19-de-hoy-10-de-agosto-2021-520x520.jpg 520w, https:\/\/radioprimiciapelluhue.cl\/wp-content\/uploads\/2021\/08\/Informe-Covid19-de-hoy-10-de-agosto-2021-800x800.jpg 800w, https:\/\/radioprimiciapelluhue.cl\/wp-content\/uploads\/2021\/08\/Informe-Covid19-de-hoy-10-de-agosto-2021-120x120.jpg 120w\" sizes=\"auto, (max-width: 1024px) 100vw, 1024px\" \/><\/a><\/figure>\n","protected":false},"excerpt":{"rendered":"<p>Casos activos y fase en la Provincia Cauquenes #Fase3 preparaci\u00f3n Casos activos 36 Pelluhue #Fase3 preparaci\u00f3n Casos Activos 3 Chanco #Fase4 apertura casos Activos 0 Siga cuid\u00e1ndose use la mascarilla, alcohol gel, mantenga distancia, no se den abrazos ni salude de besos Cuid\u00e9monos entre todos https:\/\/www.gob.cl\/pasoapas<\/p>\n","protected":false},"author":2,"featured_media":2916,"comment_status":"closed","ping_status":"closed","sticky":false,"template":"","format":"standard","meta":{"footnotes":""},"categories":[57],"tags":[],"class_list":["post-3409","post","type-post","status-publish","format-standard","has-post-thumbnail","hentry","category-covid19"],"_links":{"self":[{"href":"https:\/\/radioprimiciapelluhue.cl\/index.php?rest_route=\/wp\/v2\/posts\/3409","targetHints":{"allow":["GET"]}}],"collection":[{"href":"https:\/\/radioprimiciapelluhue.cl\/index.php?rest_route=\/wp\/v2\/posts"}],"about":[{"href":"https:\/\/radioprimiciapelluhue.cl\/index.php?rest_route=\/wp\/v2\/types\/post"}],"author":[{"embeddable":true,"href":"https:\/\/radioprimiciapelluhue.cl\/index.php?rest_route=\/wp\/v2\/users\/2"}],"replies":[{"embeddable":true,"href":"https:\/\/radioprimiciapelluhue.cl\/index.php?rest_route=%2Fwp%2Fv2%2Fcomments&post=3409"}],"version-history":[{"count":1,"href":"https:\/\/radioprimiciapelluhue.cl\/index.php?rest_route=\/wp\/v2\/posts\/3409\/revisions"}],"predecessor-version":[{"id":3413,"href":"https:\/\/radioprimiciapelluhue.cl\/index.php?rest_route=\/wp\/v2\/posts\/3409\/revisions\/3413"}],"wp:featuredmedia":[{"embeddable":true,"href":"https:\/\/radioprimiciapelluhue.cl\/index.php?rest_route=\/wp\/v2\/media\/2916"}],"wp:attachment":[{"href":"https:\/\/radioprimiciapelluhue.cl\/index.php?rest_route=%2Fwp%2Fv2%2Fmedia&parent=3409"}],"wp:term":[{"taxonomy":"category","embeddable":true,"href":"https:\/\/radioprimiciapelluhue.cl\/index.php?rest_route=%2Fwp%2Fv2%2Fcategories&post=3409"},{"taxonomy":"post_tag","embeddable":true,"href":"https:\/\/radioprimiciapelluhue.cl\/index.php?rest_route=%2Fwp%2Fv2%2Ftags&post=3409"}],"curies":[{"name":"wp","href":"https:\/\/api.w.org\/{rel}","templated":true}]}}